{"id":10160,"date":"2022-04-20T13:55:28","date_gmt":"2022-04-20T11:55:28","guid":{"rendered":"http:\/\/euwp08.newsmemory.com\/gardaseezeitung_new\/de\/2022\/04\/20\/termin-fuer-mtb-fans-mtb-garda-marathon-und-granfondo\/"},"modified":"2022-04-22T19:37:19","modified_gmt":"2021-06-26T19:37:19","slug":"termin-fuer-mtb-fans-mtb-garda-marathon-und-granfondo","status":"publish","type":"post","link":"https:\/\/www.gardaseezeitung.it\/2022\/04\/20\/termin-fuer-mtb-fans-mtb-garda-marathon-und-granfondo\/","title":{"rendered":"Termin f\u00fcr MTB-Fans: MTB Garda Marathon und Granfondo"},"content":{"rendered":"<p>&nbsp;<\/p>\n<p>Nachdem die beiden Sportevents im vergangenen Jahr im Oktober organisiert worden waren, finden sie in diesem Jahr am 24. April statt. In Garda, dem Austragungsort, dreht sich so alles um den MTB-Sport. Geschichte, Leidenschaft, einmalige Landschaften und die letzten Neuheiten ziehen Sportler aus aller Welt an, um die atemberaubenden Strecken am See und auf dem Monte Baldo zu erkunden. Den Athleten stehen zwei Strecken zur Wahl. Zum einen ist da die Strecke des \u201eMTB Garda Marathon\u201c \u00fcber 60 Kilometer und 2000 H\u00f6henmeter. Zu ihr geh\u00f6rt die atemberaubende Abfahrt, die in Pineta Sperane beginnt. Start ist um 8.30 Uhr. Zum anderen ist da das \u201eGranfondo\u201c-Rennen \u00fcber 39 Kilometer und 1300 Meter H\u00f6henunterschied. Start ist um 10 Uhr. Die Siegerehrung der beiden Rennen ist gegen 14.30 Uhr vorgesehen. Im Rahmen der Veranstaltung ist auch ein Bike Village geplant.\u00a0 Weitere Infos und Anmeldungen: <i>www.mtbgarda.it.<\/i><\/p>\n<p>&nbsp;<\/p>\n","protected":false},"excerpt":{"rendered":"<p>Gute Nachrichten f\u00fcr alle MTB-Fans: der beliebte MTB Garda Marathon und der Granfondo Citt\u00e0 di Garda werden in diesem Fr\u00fchjahr stattfinden<\/p>\n","protected":false},"author":9,"featured_media":10729,"comment_status":"open","ping_status":"open","sticky":false,"template":"","format":"standard","meta":[],"categories":[2,4,6],"tags":[23,26,2538,2539,2540],"news-destination":[],"news-source":[],"is_homepage":[],"ta_other":[],"featured_media_details":{"width":800,"height":600,"file":"2022\/04\/garda_marathon_lesorte.jpg","sizes":{"thumbnail":{"file":"garda_marathon_lesorte-150x150.jpg","width":150,"height":150,"mime-type":"image\/jpeg","source_url":"https:\/\/www.gardaseezeitung.it\/gardaseezeitung_new\/de\/wp-content\/uploads\/sites\/2\/2022\/04\/garda_marathon_lesorte-150x150.jpg"},"medium":{"file":"garda_marathon_lesorte-300x225.jpg","width":300,"height":225,"mime-type":"image\/jpeg","source_url":"https:\/\/www.gardaseezeitung.it\/gardaseezeitung_new\/de\/wp-content\/uploads\/sites\/2\/2022\/04\/garda_marathon_lesorte-300x225.jpg"},"medium_large":{"file":"garda_marathon_lesorte-768x576.jpg","width":768,"height":576,"mime-type":"image\/jpeg","source_url":"https:\/\/www.gardaseezeitung.it\/gardaseezeitung_new\/de\/wp-content\/uploads\/sites\/2\/2022\/04\/garda_marathon_lesorte-768x576.jpg"},"big_image":{"file":"garda_marathon_lesorte-750x563.jpg","width":750,"height":563,"mime-type":"image\/jpeg","source_url":"https:\/\/www.gardaseezeitung.it\/gardaseezeitung_new\/de\/wp-content\/uploads\/sites\/2\/2022\/04\/garda_marathon_lesorte-750x563.jpg"},"guest-author-32":{"file":"garda_marathon_lesorte-32x32.jpg","width":32,"height":32,"mime-type":"image\/jpeg","source_url":"https:\/\/www.gardaseezeitung.it\/gardaseezeitung_new\/de\/wp-content\/uploads\/sites\/2\/2022\/04\/garda_marathon_lesorte-32x32.jpg"},"guest-author-50":{"file":"garda_marathon_lesorte-50x50.jpg","width":50,"height":50,"mime-type":"image\/jpeg","source_url":"https:\/\/www.gardaseezeitung.it\/gardaseezeitung_new\/de\/wp-content\/uploads\/sites\/2\/2022\/04\/garda_marathon_lesorte-50x50.jpg"},"guest-author-64":{"file":"garda_marathon_lesorte-64x64.jpg","width":64,"height":64,"mime-type":"image\/jpeg","source_url":"https:\/\/www.gardaseezeitung.it\/gardaseezeitung_new\/de\/wp-content\/uploads\/sites\/2\/2022\/04\/garda_marathon_lesorte-64x64.jpg"},"guest-author-96":{"file":"garda_marathon_lesorte-96x96.jpg","width":96,"height":96,"mime-type":"image\/jpeg","source_url":"https:\/\/www.gardaseezeitung.it\/gardaseezeitung_new\/de\/wp-content\/uploads\/sites\/2\/2022\/04\/garda_marathon_lesorte-96x96.jpg"},"guest-author-128":{"file":"garda_marathon_lesorte-128x128.jpg","width":128,"height":128,"mime-type":"image\/jpeg","source_url":"https:\/\/www.gardaseezeitung.it\/gardaseezeitung_new\/de\/wp-content\/uploads\/sites\/2\/2022\/04\/garda_marathon_lesorte-128x128.jpg"},"full":{"file":"garda_marathon_lesorte.jpg","width":800,"height":600,"mime_type":"","source_url":"https:\/\/www.gardaseezeitung.it\/gardaseezeitung_new\/de\/wp-content\/uploads\/sites\/2\/2022\/04\/garda_marathon_lesorte.jpg"}},"image_meta":{"aperture":"0","credit":"","camera":"","caption":"","created_timestamp":"0","copyright":"","focal_length":"0","iso":"0","shutter_speed":"0","title":"","orientation":"0","keywords":[]}},"_links":{"self":[{"href":"https:\/\/www.gardaseezeitung.it\/gardaseezeitung_new\/de\/wp-json\/wp\/v2\/posts\/10160"}],"collection":[{"href":"https:\/\/www.gardaseezeitung.it\/gardaseezeitung_new\/de\/wp-json\/wp\/v2\/posts"}],"about":[{"href":"https:\/\/www.gardaseezeitung.it\/gardaseezeitung_new\/de\/wp-json\/wp\/v2\/types\/post"}],"author":[{"embeddable":true,"href":"https:\/\/www.gardaseezeitung.it\/gardaseezeitung_new\/de\/wp-json\/wp\/v2\/users\/9"}],"replies":[{"embeddable":true,"href":"https:\/\/www.gardaseezeitung.it\/gardaseezeitung_new\/de\/wp-json\/wp\/v2\/comments?post=10160"}],"version-history":[{"count":1,"href":"https:\/\/www.gardaseezeitung.it\/gardaseezeitung_new\/de\/wp-json\/wp\/v2\/posts\/10160\/revisions"}],"predecessor-version":[{"id":10161,"href":"https:\/\/www.gardaseezeitung.it\/gardaseezeitung_new\/de\/wp-json\/wp\/v2\/posts\/10160\/revisions\/10161"}],"wp:featuredmedia":[{"embeddable":true,"href":"https:\/\/www.gardaseezeitung.it\/gardaseezeitung_new\/de\/wp-json\/wp\/v2\/media\/10729"}],"wp:attachment":[{"href":"https:\/\/www.gardaseezeitung.it\/gardaseezeitung_new\/de\/wp-json\/wp\/v2\/media?parent=10160"}],"wp:term":[{"taxonomy":"category","embeddable":true,"href":"https:\/\/www.gardaseezeitung.it\/gardaseezeitung_new\/de\/wp-json\/wp\/v2\/categories?post=10160"},{"taxonomy":"post_tag","embeddable":true,"href":"https:\/\/www.gardaseezeitung.it\/gardaseezeitung_new\/de\/wp-json\/wp\/v2\/tags?post=10160"},{"taxonomy":"news-destination","embeddable":true,"href":"https:\/\/www.gardaseezeitung.it\/gardaseezeitung_new\/de\/wp-json\/wp\/v2\/news-destination?post=10160"},{"taxonomy":"news-source","embeddable":true,"href":"https:\/\/www.gardaseezeitung.it\/gardaseezeitung_new\/de\/wp-json\/wp\/v2\/news-source?post=10160"},{"taxonomy":"is_homepage","embeddable":true,"href":"https:\/\/www.gardaseezeitung.it\/gardaseezeitung_new\/de\/wp-json\/wp\/v2\/is_homepage?post=10160"},{"taxonomy":"ta_other","embeddable":true,"href":"https:\/\/www.gardaseezeitung.it\/gardaseezeitung_new\/de\/wp-json\/wp\/v2\/ta_other?post=10160"}],"curies":[{"name":"wp","href":"https:\/\/api.w.org\/{rel}","templated":true}]}}