{"id":1020,"date":"2014-10-24T17:11:30","date_gmt":"2014-10-24T17:11:30","guid":{"rendered":"http:\/\/euwp08.newsmemory.com\/gardaseezeitung_new\/de\/2014\/10\/24\/landscape-to-discover\/"},"modified":"2019-05-28T19:53:16","modified_gmt":"2019-05-28T19:53:16","slug":"landscape-to-discover","status":"publish","type":"post","link":"https:\/\/www.gardaseezeitung.it\/2014\/10\/24\/landscape-to-discover\/","title":{"rendered":"Landscape to discover"},"content":{"rendered":"<p>Fans der Berge und Sportler, aber auch Familien kommen gleicherma\u00dfen auf ihre Kosten. In Begleitung erfahrener Bergf\u00fchrer und Mountainbike-Trainer geht es auf Entdeckung des Gebiets.&nbsp;Am kommenden Wochenende stehen zwei Ausfl\u00fcge auf dem Programm: am 25. Oktober l\u00e4dt man zur achtst\u00fcndigen Tour \u201eDer Kirchturm des Val Montanaja&#8220; ). Start ist um 7 Uhr am Rathaus von Cimolais. Am 26. Oktober startet man um 9 Uhr von der Piazza in Tramonti di Sopra zur vierst\u00fcndigen Tour auf der \u201eStrada di Lis Fornas&#8220;.<br \/>Anmeldungen bis um 18 Uhr des dritten Tages vor dem Ausflug. Infos: www.cmfriulioccidentale.it; info@prolococellinameduna.it; Tel. 0427 764438.<\/p>\n","protected":false},"excerpt":{"rendered":"<p>Unter dem Motto \u201eLandscape to discover&#8220; erwartet man in diesem Herbst und Winter die Urlauber in den Dolomiten von Friaulen mit einigen interessanten Ausfl\u00fcgen.<\/p>\n","protected":false},"author":1,"featured_media":1021,"comment_status":"open","ping_status":"open","sticky":false,"template":"","format":"standard","meta":[],"categories":[4],"tags":[],"news-destination":[],"news-source":[],"is_homepage":[],"ta_other":[],"featured_media_details":{"width":591,"height":371,"file":"2019\/05\/89daaa45cfc0767e13870b08e48b92f1.jpg","sizes":{"thumbnail":{"file":"89daaa45cfc0767e13870b08e48b92f1-150x150.jpg","width":150,"height":150,"mime-type":"image\/jpeg","source_url":"https:\/\/www.gardaseezeitung.it\/gardaseezeitung_new\/de\/wp-content\/uploads\/sites\/2\/2019\/05\/89daaa45cfc0767e13870b08e48b92f1-150x150.jpg"},"medium":{"file":"89daaa45cfc0767e13870b08e48b92f1-300x188.jpg","width":300,"height":188,"mime-type":"image\/jpeg","source_url":"https:\/\/www.gardaseezeitung.it\/gardaseezeitung_new\/de\/wp-content\/uploads\/sites\/2\/2019\/05\/89daaa45cfc0767e13870b08e48b92f1-300x188.jpg"},"full":{"file":"89daaa45cfc0767e13870b08e48b92f1.jpg","width":591,"height":371,"mime_type":"","source_url":"https:\/\/www.gardaseezeitung.it\/gardaseezeitung_new\/de\/wp-content\/uploads\/sites\/2\/2019\/05\/89daaa45cfc0767e13870b08e48b92f1.jpg"}},"image_meta":{"aperture":"0","credit":"","camera":"","caption":"","created_timestamp":"0","copyright":"","focal_length":"0","iso":"0","shutter_speed":"0","title":"","orientation":"0","keywords":[]}},"_links":{"self":[{"href":"https:\/\/www.gardaseezeitung.it\/gardaseezeitung_new\/de\/wp-json\/wp\/v2\/posts\/1020"}],"collection":[{"href":"https:\/\/www.gardaseezeitung.it\/gardaseezeitung_new\/de\/wp-json\/wp\/v2\/posts"}],"about":[{"href":"https:\/\/www.gardaseezeitung.it\/gardaseezeitung_new\/de\/wp-json\/wp\/v2\/types\/post"}],"author":[{"embeddable":true,"href":"https:\/\/www.gardaseezeitung.it\/gardaseezeitung_new\/de\/wp-json\/wp\/v2\/users\/1"}],"replies":[{"embeddable":true,"href":"https:\/\/www.gardaseezeitung.it\/gardaseezeitung_new\/de\/wp-json\/wp\/v2\/comments?post=1020"}],"version-history":[{"count":0,"href":"https:\/\/www.gardaseezeitung.it\/gardaseezeitung_new\/de\/wp-json\/wp\/v2\/posts\/1020\/revisions"}],"wp:featuredmedia":[{"embeddable":true,"href":"https:\/\/www.gardaseezeitung.it\/gardaseezeitung_new\/de\/wp-json\/wp\/v2\/media\/1021"}],"wp:attachment":[{"href":"https:\/\/www.gardaseezeitung.it\/gardaseezeitung_new\/de\/wp-json\/wp\/v2\/media?parent=1020"}],"wp:term":[{"taxonomy":"category","embeddable":true,"href":"https:\/\/www.gardaseezeitung.it\/gardaseezeitung_new\/de\/wp-json\/wp\/v2\/categories?post=1020"},{"taxonomy":"post_tag","embeddable":true,"href":"https:\/\/www.gardaseezeitung.it\/gardaseezeitung_new\/de\/wp-json\/wp\/v2\/tags?post=1020"},{"taxonomy":"news-destination","embeddable":true,"href":"https:\/\/www.gardaseezeitung.it\/gardaseezeitung_new\/de\/wp-json\/wp\/v2\/news-destination?post=1020"},{"taxonomy":"news-source","embeddable":true,"href":"https:\/\/www.gardaseezeitung.it\/gardaseezeitung_new\/de\/wp-json\/wp\/v2\/news-source?post=1020"},{"taxonomy":"is_homepage","embeddable":true,"href":"https:\/\/www.gardaseezeitung.it\/gardaseezeitung_new\/de\/wp-json\/wp\/v2\/is_homepage?post=1020"},{"taxonomy":"ta_other","embeddable":true,"href":"https:\/\/www.gardaseezeitung.it\/gardaseezeitung_new\/de\/wp-json\/wp\/v2\/ta_other?post=1020"}],"curies":[{"name":"wp","href":"https:\/\/api.w.org\/{rel}","templated":true}]}}