{"id":10222,"date":"2022-04-17T11:13:41","date_gmt":"2022-04-17T09:13:41","guid":{"rendered":"http:\/\/euwp08.newsmemory.com\/gardaseezeitung_new\/de\/2022\/04\/17\/world-banksy-bis-31-juli-im-bahnhof-von-verona\/"},"modified":"2022-04-17T11:13:44","modified_gmt":"2021-06-21T11:13:44","slug":"world-banksy-bis-31-juli-im-bahnhof-von-verona","status":"publish","type":"post","link":"https:\/\/www.gardaseezeitung.it\/2022\/04\/17\/world-banksy-bis-31-juli-im-bahnhof-von-verona\/","title":{"rendered":"The World of Banksy bis 31. Juli im Bahnhof von Verona"},"content":{"rendered":"<p>&nbsp;<\/p>\n<p>700 Quadratmeter auf zwei Ebenen, mit Zugang vom Taxistand aus, ein sehr unterirdischer Rahmen, sicherlich nonkonformistisch, ganz im Sinne der urbanen Werke von Banksy: Das ist der Rahmen f\u00fcr die Ausstellung &#8222;The World of Banksy &#8211; The Immersive Experience&#8220;, die bis zum 31. Juli zu sehen ist.Die Ausstellung zeigt \u00fcber 100 lebensgro\u00dfe Werke des Stra\u00dfenk\u00fcnstlers, von denen einige zum ersten Mal ausgestellt werden, wie die Rekonstruktion des Badezimmers von Banksy oder die Reproduktion der Madonna mit der Pistole, das erste Werk des britischen K\u00fcnstlers in Italien, das auf der Piazza Gerolomini in Neapel entstand. Und dann die ikonischsten Werke: Flower Thrower und Girl with Balloon, die Banksy in der ganzen Welt ber\u00fchmt gemacht haben, und 6 neue, noch nie ausgestellte Wandbilder: Neben der Madonna mit der Pistole finden wir Migrant Child, ein Wandbild zur Unterst\u00fctzung von Migranten, die durch die Politik der Hafensperrungen auf dem Meer gestrandet sind, das am Abend des 8. Mai 2019 w\u00e4hrend der Er\u00f6ffnung der 58. Biennale an einem Fluss in Venedig entstand. Und dann die Graffiti an der Mauer von Bethlehem, darunter die Friedenstaube, die provokativ mit einer kugelsicheren Weste gestaltet wurde, w\u00e4hrend sie ins Fadenkreuz einer Waffe ger\u00e4t: ein Bild, das so aktuell wie eh und je ist.Eine originelle Gelegenheit f\u00fcr Reisende, Touristen und auch Veroneser Fans von Banksy und Stra\u00dfenkunst, in die Welt von Banksy einzutauchen, dank der mehr als 30 lebensgro\u00dfen Wandbilder, die von jungen internationalen und lokalen Stra\u00dfenk\u00fcnstlern geschaffen wurden und soziale, wirtschaftliche, politische, klimatische und \u00f6kologische Anklagen sammeln.<\/p>\n<p>Eintrittskarten k\u00f6nnen auf der offiziellen Website der Ausstellung theworldofbanksy.it oder unter www.happyticket.it www.ticketone.it und www.vivaticket.com erworben werden. \u00d6ffnungszeiten: Dienstag bis Sonntag von 10.30 Uhr bis 19.30 Uhr (letzter Einlass 18.30 Uhr). Montags geschlossen. Sonder\u00f6ffnungen am Montag, dem 18. April (Ostermontag), und am Montag, dem 25. April, Preise: Dienstag bis Freitag 14,50 \u20ac, erm\u00e4\u00dfigt von 7 bis 12 Jahren, unter 6 Jahren frei. Samstag, Sonntag und Feiertage: 16,50 Euro, erm\u00e4\u00dfigt von 8 bis 13,50, Kinder unter 6 Jahren frei.<\/p>\n<p>&nbsp;<\/p>\n","protected":false},"excerpt":{"rendered":"<p>Die Werke des bekanntesten Stra\u00dfenk\u00fcnstlers der Welt, der immer noch geheimnisvoll bleibt, wurden originalgetreu reproduziert und ausgestellt<\/p>\n","protected":false},"author":9,"featured_media":10221,"comment_status":"open","ping_status":"open","sticky":false,"template":"","format":"standard","meta":[],"categories":[2,4,5],"tags":[2549,38],"news-destination":[],"news-source":[],"is_homepage":[],"ta_other":[],"featured_media_details":{"width":851,"height":315,"file":"2022\/04\/banksy-verona-1.jpeg","sizes":{"thumbnail":{"file":"banksy-verona-1-150x150.jpeg","width":150,"height":150,"mime-type":"image\/jpeg","source_url":"https:\/\/www.gardaseezeitung.it\/gardaseezeitung_new\/de\/wp-content\/uploads\/sites\/2\/2022\/04\/banksy-verona-1-150x150.jpeg"},"medium":{"file":"banksy-verona-1-300x111.jpeg","width":300,"height":111,"mime-type":"image\/jpeg","source_url":"https:\/\/www.gardaseezeitung.it\/gardaseezeitung_new\/de\/wp-content\/uploads\/sites\/2\/2022\/04\/banksy-verona-1-300x111.jpeg"},"medium_large":{"file":"banksy-verona-1-768x284.jpeg","width":768,"height":284,"mime-type":"image\/jpeg","source_url":"https:\/\/www.gardaseezeitung.it\/gardaseezeitung_new\/de\/wp-content\/uploads\/sites\/2\/2022\/04\/banksy-verona-1-768x284.jpeg"},"big_image":{"file":"banksy-verona-1-750x278.jpeg","width":750,"height":278,"mime-type":"image\/jpeg","source_url":"https:\/\/www.gardaseezeitung.it\/gardaseezeitung_new\/de\/wp-content\/uploads\/sites\/2\/2022\/04\/banksy-verona-1-750x278.jpeg"},"guest-author-32":{"file":"banksy-verona-1-32x32.jpeg","width":32,"height":32,"mime-type":"image\/jpeg","source_url":"https:\/\/www.gardaseezeitung.it\/gardaseezeitung_new\/de\/wp-content\/uploads\/sites\/2\/2022\/04\/banksy-verona-1-32x32.jpeg"},"guest-author-50":{"file":"banksy-verona-1-50x50.jpeg","width":50,"height":50,"mime-type":"image\/jpeg","source_url":"https:\/\/www.gardaseezeitung.it\/gardaseezeitung_new\/de\/wp-content\/uploads\/sites\/2\/2022\/04\/banksy-verona-1-50x50.jpeg"},"guest-author-64":{"file":"banksy-verona-1-64x64.jpeg","width":64,"height":64,"mime-type":"image\/jpeg","source_url":"https:\/\/www.gardaseezeitung.it\/gardaseezeitung_new\/de\/wp-content\/uploads\/sites\/2\/2022\/04\/banksy-verona-1-64x64.jpeg"},"guest-author-96":{"file":"banksy-verona-1-96x96.jpeg","width":96,"height":96,"mime-type":"image\/jpeg","source_url":"https:\/\/www.gardaseezeitung.it\/gardaseezeitung_new\/de\/wp-content\/uploads\/sites\/2\/2022\/04\/banksy-verona-1-96x96.jpeg"},"guest-author-128":{"file":"banksy-verona-1-128x128.jpeg","width":128,"height":128,"mime-type":"image\/jpeg","source_url":"https:\/\/www.gardaseezeitung.it\/gardaseezeitung_new\/de\/wp-content\/uploads\/sites\/2\/2022\/04\/banksy-verona-1-128x128.jpeg"},"full":{"file":"banksy-verona-1.jpeg","width":851,"height":315,"mime_type":"","source_url":"https:\/\/www.gardaseezeitung.it\/gardaseezeitung_new\/de\/wp-content\/uploads\/sites\/2\/2022\/04\/banksy-verona-1.jpeg"}},"image_meta":{"aperture":"0","credit":"","camera":"","caption":"","created_timestamp":"0","copyright":"","focal_length":"0","iso":"0","shutter_speed":"0","title":"","orientation":"1","keywords":[]}},"_links":{"self":[{"href":"https:\/\/www.gardaseezeitung.it\/gardaseezeitung_new\/de\/wp-json\/wp\/v2\/posts\/10222"}],"collection":[{"href":"https:\/\/www.gardaseezeitung.it\/gardaseezeitung_new\/de\/wp-json\/wp\/v2\/posts"}],"about":[{"href":"https:\/\/www.gardaseezeitung.it\/gardaseezeitung_new\/de\/wp-json\/wp\/v2\/types\/post"}],"author":[{"embeddable":true,"href":"https:\/\/www.gardaseezeitung.it\/gardaseezeitung_new\/de\/wp-json\/wp\/v2\/users\/9"}],"replies":[{"embeddable":true,"href":"https:\/\/www.gardaseezeitung.it\/gardaseezeitung_new\/de\/wp-json\/wp\/v2\/comments?post=10222"}],"version-history":[{"count":1,"href":"https:\/\/www.gardaseezeitung.it\/gardaseezeitung_new\/de\/wp-json\/wp\/v2\/posts\/10222\/revisions"}],"predecessor-version":[{"id":10223,"href":"https:\/\/www.gardaseezeitung.it\/gardaseezeitung_new\/de\/wp-json\/wp\/v2\/posts\/10222\/revisions\/10223"}],"wp:featuredmedia":[{"embeddable":true,"href":"https:\/\/www.gardaseezeitung.it\/gardaseezeitung_new\/de\/wp-json\/wp\/v2\/media\/10221"}],"wp:attachment":[{"href":"https:\/\/www.gardaseezeitung.it\/gardaseezeitung_new\/de\/wp-json\/wp\/v2\/media?parent=10222"}],"wp:term":[{"taxonomy":"category","embeddable":true,"href":"https:\/\/www.gardaseezeitung.it\/gardaseezeitung_new\/de\/wp-json\/wp\/v2\/categories?post=10222"},{"taxonomy":"post_tag","embeddable":true,"href":"https:\/\/www.gardaseezeitung.it\/gardaseezeitung_new\/de\/wp-json\/wp\/v2\/tags?post=10222"},{"taxonomy":"news-destination","embeddable":true,"href":"https:\/\/www.gardaseezeitung.it\/gardaseezeitung_new\/de\/wp-json\/wp\/v2\/news-destination?post=10222"},{"taxonomy":"news-source","embeddable":true,"href":"https:\/\/www.gardaseezeitung.it\/gardaseezeitung_new\/de\/wp-json\/wp\/v2\/news-source?post=10222"},{"taxonomy":"is_homepage","embeddable":true,"href":"https:\/\/www.gardaseezeitung.it\/gardaseezeitung_new\/de\/wp-json\/wp\/v2\/is_homepage?post=10222"},{"taxonomy":"ta_other","embeddable":true,"href":"https:\/\/www.gardaseezeitung.it\/gardaseezeitung_new\/de\/wp-json\/wp\/v2\/ta_other?post=10222"}],"curies":[{"name":"wp","href":"https:\/\/api.w.org\/{rel}","templated":true}]}}