{"id":1024,"date":"2014-11-07T11:58:27","date_gmt":"2014-11-07T11:58:27","guid":{"rendered":"http:\/\/euwp08.newsmemory.com\/gardaseezeitung_new\/de\/2014\/11\/07\/bummel-uber-die-trientiner-weihnachtsmarkte\/"},"modified":"2019-05-28T19:53:16","modified_gmt":"2019-05-28T19:53:16","slug":"bummel-uber-die-trientiner-weihnachtsmarkte","status":"publish","type":"post","link":"https:\/\/www.gardaseezeitung.it\/2014\/11\/07\/bummel-uber-die-trientiner-weihnachtsmarkte\/","title":{"rendered":"Bummel \u00fcber die Trientiner Weihnachtsm\u00e4rkte"},"content":{"rendered":"","protected":false},"excerpt":{"rendered":"<p>Im Trentino weihnachtet es bald. Wie in jedem Jahr erwartet man die G\u00e4ste auch in diesem Winter mit den traditionellen Weihnachtsm\u00e4rkten. Neben den bekannten M\u00e4rkten in Bozen und in Meran werden auch in vielen anderen Ortschaften und St\u00e4dten des Trentino-S\u00fcdtirol die beliebten \u201eMercatini di Natale&#8220; organisiert. Eine \u00dcbersicht \u00fcber die einzelnen M\u00e4rkte des Gebiets ist unter www.visitvaldinon.it zu finden. Die M\u00e4rkte werden von zirka Mitte November bis zum 6. Januar kommenden Jahres ge\u00f6ffnet sein.Zu den beliebten Mercatini z\u00e4hlt auch der in Trient (www.mercatinodinatale.tn.it). Der Weihnachtsmarkt der norditalienischen Stadt pr\u00e4sentiert sich in diesem Jahr ab dem 22. November mit zwei Neuheiten. Zum einen sind die Holzh\u00e4uschen nicht nur auf der Piazza Fiera zu finden, sondern auch auf der Piazza Cesare Battisti. Zum anderen wurde der Veranstaltungszeitraum verl\u00e4ngert: bis zum 6. Januar ist der Markt in diesem Jahr ge\u00f6ffnet. Inmitten der charakteristischen Altstadt von Trient erwartet man die Besucher so mit sch\u00f6nem Baumschmuck, Kunsthandwerk, Geschenkartikeln und nat\u00fcrlich auch mit einigen lokaltypischen Spezialit\u00e4ten wie Strudel, Polenta und Gl\u00fchwein.Weitere Informationen zu den Weihnachtsm\u00e4rkten und auch zu den Weihnachts-Reisepaketen sind unter www.visittrentino.it zu finden.<\/p>\n","protected":false},"author":1,"featured_media":1025,"comment_status":"open","ping_status":"open","sticky":false,"template":"","format":"standard","meta":[],"categories":[4],"tags":[],"news-destination":[],"news-source":[],"is_homepage":[],"ta_other":[],"featured_media_details":{"width":800,"height":429,"file":"2019\/05\/b5ea8a2c815ad962557cf353825c3f95.jpg","sizes":{"thumbnail":{"file":"b5ea8a2c815ad962557cf353825c3f95-150x150.jpg","width":150,"height":150,"mime-type":"image\/jpeg","source_url":"https:\/\/www.gardaseezeitung.it\/gardaseezeitung_new\/de\/wp-content\/uploads\/sites\/2\/2019\/05\/b5ea8a2c815ad962557cf353825c3f95-150x150.jpg"},"medium":{"file":"b5ea8a2c815ad962557cf353825c3f95-300x161.jpg","width":300,"height":161,"mime-type":"image\/jpeg","source_url":"https:\/\/www.gardaseezeitung.it\/gardaseezeitung_new\/de\/wp-content\/uploads\/sites\/2\/2019\/05\/b5ea8a2c815ad962557cf353825c3f95-300x161.jpg"},"medium_large":{"file":"b5ea8a2c815ad962557cf353825c3f95-768x412.jpg","width":768,"height":412,"mime-type":"image\/jpeg","source_url":"https:\/\/www.gardaseezeitung.it\/gardaseezeitung_new\/de\/wp-content\/uploads\/sites\/2\/2019\/05\/b5ea8a2c815ad962557cf353825c3f95-768x412.jpg"},"big_image":{"file":"b5ea8a2c815ad962557cf353825c3f95-750x402.jpg","width":750,"height":402,"mime-type":"image\/jpeg","source_url":"https:\/\/www.gardaseezeitung.it\/gardaseezeitung_new\/de\/wp-content\/uploads\/sites\/2\/2019\/05\/b5ea8a2c815ad962557cf353825c3f95-750x402.jpg"},"full":{"file":"b5ea8a2c815ad962557cf353825c3f95.jpg","width":800,"height":429,"mime_type":"","source_url":"https:\/\/www.gardaseezeitung.it\/gardaseezeitung_new\/de\/wp-content\/uploads\/sites\/2\/2019\/05\/b5ea8a2c815ad962557cf353825c3f95.jpg"}},"image_meta":{"aperture":"0","credit":"","camera":"","caption":"","created_timestamp":"0","copyright":"","focal_length":"0","iso":"0","shutter_speed":"0","title":"","orientation":"0","keywords":[]}},"_links":{"self":[{"href":"https:\/\/www.gardaseezeitung.it\/gardaseezeitung_new\/de\/wp-json\/wp\/v2\/posts\/1024"}],"collection":[{"href":"https:\/\/www.gardaseezeitung.it\/gardaseezeitung_new\/de\/wp-json\/wp\/v2\/posts"}],"about":[{"href":"https:\/\/www.gardaseezeitung.it\/gardaseezeitung_new\/de\/wp-json\/wp\/v2\/types\/post"}],"author":[{"embeddable":true,"href":"https:\/\/www.gardaseezeitung.it\/gardaseezeitung_new\/de\/wp-json\/wp\/v2\/users\/1"}],"replies":[{"embeddable":true,"href":"https:\/\/www.gardaseezeitung.it\/gardaseezeitung_new\/de\/wp-json\/wp\/v2\/comments?post=1024"}],"version-history":[{"count":0,"href":"https:\/\/www.gardaseezeitung.it\/gardaseezeitung_new\/de\/wp-json\/wp\/v2\/posts\/1024\/revisions"}],"wp:featuredmedia":[{"embeddable":true,"href":"https:\/\/www.gardaseezeitung.it\/gardaseezeitung_new\/de\/wp-json\/wp\/v2\/media\/1025"}],"wp:attachment":[{"href":"https:\/\/www.gardaseezeitung.it\/gardaseezeitung_new\/de\/wp-json\/wp\/v2\/media?parent=1024"}],"wp:term":[{"taxonomy":"category","embeddable":true,"href":"https:\/\/www.gardaseezeitung.it\/gardaseezeitung_new\/de\/wp-json\/wp\/v2\/categories?post=1024"},{"taxonomy":"post_tag","embeddable":true,"href":"https:\/\/www.gardaseezeitung.it\/gardaseezeitung_new\/de\/wp-json\/wp\/v2\/tags?post=1024"},{"taxonomy":"news-destination","embeddable":true,"href":"https:\/\/www.gardaseezeitung.it\/gardaseezeitung_new\/de\/wp-json\/wp\/v2\/news-destination?post=1024"},{"taxonomy":"news-source","embeddable":true,"href":"https:\/\/www.gardaseezeitung.it\/gardaseezeitung_new\/de\/wp-json\/wp\/v2\/news-source?post=1024"},{"taxonomy":"is_homepage","embeddable":true,"href":"https:\/\/www.gardaseezeitung.it\/gardaseezeitung_new\/de\/wp-json\/wp\/v2\/is_homepage?post=1024"},{"taxonomy":"ta_other","embeddable":true,"href":"https:\/\/www.gardaseezeitung.it\/gardaseezeitung_new\/de\/wp-json\/wp\/v2\/ta_other?post=1024"}],"curies":[{"name":"wp","href":"https:\/\/api.w.org\/{rel}","templated":true}]}}