{"id":1026,"date":"2014-11-12T14:24:34","date_gmt":"2014-11-12T14:24:34","guid":{"rendered":"http:\/\/euwp08.newsmemory.com\/gardaseezeitung_new\/de\/2014\/11\/12\/manestrini-ladt-zum-tag-der-offenen-olmuhle\/"},"modified":"2019-05-28T19:53:16","modified_gmt":"2019-05-28T19:53:16","slug":"manestrini-ladt-zum-tag-der-offenen-olmuhle","status":"publish","type":"post","link":"https:\/\/www.gardaseezeitung.it\/2014\/11\/12\/manestrini-ladt-zum-tag-der-offenen-olmuhle\/","title":{"rendered":"Manestrini l\u00e4dt zum \u201eTag der offenen \u00d6lm\u00fchle\u201c"},"content":{"rendered":"<p>Des weiteren wird dazu eingeladen, die leckeren, mit frisch gepresstem Oliven\u00f6l angemachten Bruschette zu probieren, das neue Oliven\u00f6l zu verk\u00f6stigen und auch viele andere Oliven\u00f6l-Produkte zu testen. Vergessen werden d\u00fcrfen auch nicht zwei weitere Spezialit\u00e4ten des Brescianer Gebiets: der k\u00f6stliche Fleischspie\u00df und das Kochfleisch.<br \/>Am 16. November wird die M\u00f6glichkeit geboten, die \u00d6lm\u00fchle zu besichtigen und das neue Oliven\u00f6l sowie weitere typische Produkte des Gebiets zu probieren. Es folgt ein Mittagessen, bei dem der bereits erw\u00e4hnte Fleischspie\u00df serviert wird (kostenpflichtiges Event).<br \/>Am 30. November folgt nach der Besichtigung der \u00d6lm\u00fchle und der Verk\u00f6stigung typischer Produkte ein Mittagessen, in dessen Mittelpunkt das Kochfleisch steht.<br \/>Zu den Gerichten werden die k\u00f6stlichen Weine der Weinkellerei Franzosi aus Puegnago del Garda serviert.<br \/>Der Besuch des Frantoio Manestrini bietet au\u00dferdem Gelegenheit dazu, schon jetzt an die Weihnachtsgeschenke zu denken, denn in der Verkaufsstelle werden zahlreiche Produkte mit Oliven\u00f6l zum Kauf angeboten.<br \/>Weitere Infos: www.manestrini.it; info@manestrini.it<br \/>I &#8211; 25080 Soiano del Lago (BS) &#8211;&nbsp;Via P. Avanzi 7 &#8211;&nbsp;GPS: N 45.52616\u00b0, E 10.50980\u00b0<br \/>Tel. +39 0365 502231<\/p>\n","protected":false},"excerpt":{"rendered":"<p>November ist der Monat der Olivenernte und auch der \u201eFrantoi aperti&#8220; (Tage der offenen T\u00fcr in den \u00d6lm\u00fchlen).&nbsp;Auch in diesem Jahr bereitet man sich in der \u00d6lm\u00fchle Manestrini auf dieses Event vor: am 16. und am 30. November ist es m\u00f6glich, die \u00d6lm\u00fchle zu besichtigen. Besichtigt werden k\u00f6nnen nicht nur die \u00d6lm\u00fchle selbst, sondern auch die Olivenhaine.<\/p>\n","protected":false},"author":1,"featured_media":1027,"comment_status":"open","ping_status":"open","sticky":false,"template":"","format":"standard","meta":[],"categories":[4],"tags":[],"news-destination":[],"news-source":[],"is_homepage":[],"ta_other":[],"featured_media_details":{"width":1024,"height":683,"file":"2019\/05\/f95beb7e6a47ca7da010f8cbc92c3532.jpg","sizes":{"thumbnail":{"file":"f95beb7e6a47ca7da010f8cbc92c3532-150x150.jpg","width":150,"height":150,"mime-type":"image\/jpeg","source_url":"https:\/\/www.gardaseezeitung.it\/gardaseezeitung_new\/de\/wp-content\/uploads\/sites\/2\/2019\/05\/f95beb7e6a47ca7da010f8cbc92c3532-150x150.jpg"},"medium":{"file":"f95beb7e6a47ca7da010f8cbc92c3532-300x200.jpg","width":300,"height":200,"mime-type":"image\/jpeg","source_url":"https:\/\/www.gardaseezeitung.it\/gardaseezeitung_new\/de\/wp-content\/uploads\/sites\/2\/2019\/05\/f95beb7e6a47ca7da010f8cbc92c3532-300x200.jpg"},"medium_large":{"file":"f95beb7e6a47ca7da010f8cbc92c3532-768x512.jpg","width":768,"height":512,"mime-type":"image\/jpeg","source_url":"https:\/\/www.gardaseezeitung.it\/gardaseezeitung_new\/de\/wp-content\/uploads\/sites\/2\/2019\/05\/f95beb7e6a47ca7da010f8cbc92c3532-768x512.jpg"},"large":{"file":"f95beb7e6a47ca7da010f8cbc92c3532-1024x683.jpg","width":1024,"height":683,"mime-type":"image\/jpeg","source_url":"https:\/\/www.gardaseezeitung.it\/gardaseezeitung_new\/de\/wp-content\/uploads\/sites\/2\/2019\/05\/f95beb7e6a47ca7da010f8cbc92c3532-1024x683.jpg"},"big_image":{"file":"f95beb7e6a47ca7da010f8cbc92c3532-750x500.jpg","width":750,"height":500,"mime-type":"image\/jpeg","source_url":"https:\/\/www.gardaseezeitung.it\/gardaseezeitung_new\/de\/wp-content\/uploads\/sites\/2\/2019\/05\/f95beb7e6a47ca7da010f8cbc92c3532-750x500.jpg"},"full":{"file":"f95beb7e6a47ca7da010f8cbc92c3532.jpg","width":1024,"height":683,"mime_type":"","source_url":"https:\/\/www.gardaseezeitung.it\/gardaseezeitung_new\/de\/wp-content\/uploads\/sites\/2\/2019\/05\/f95beb7e6a47ca7da010f8cbc92c3532.jpg"}},"image_meta":{"aperture":"0","credit":"","camera":"","caption":"","created_timestamp":"0","copyright":"","focal_length":"0","iso":"0","shutter_speed":"0","title":"","orientation":"0","keywords":[]}},"_links":{"self":[{"href":"https:\/\/www.gardaseezeitung.it\/gardaseezeitung_new\/de\/wp-json\/wp\/v2\/posts\/1026"}],"collection":[{"href":"https:\/\/www.gardaseezeitung.it\/gardaseezeitung_new\/de\/wp-json\/wp\/v2\/posts"}],"about":[{"href":"https:\/\/www.gardaseezeitung.it\/gardaseezeitung_new\/de\/wp-json\/wp\/v2\/types\/post"}],"author":[{"embeddable":true,"href":"https:\/\/www.gardaseezeitung.it\/gardaseezeitung_new\/de\/wp-json\/wp\/v2\/users\/1"}],"replies":[{"embeddable":true,"href":"https:\/\/www.gardaseezeitung.it\/gardaseezeitung_new\/de\/wp-json\/wp\/v2\/comments?post=1026"}],"version-history":[{"count":0,"href":"https:\/\/www.gardaseezeitung.it\/gardaseezeitung_new\/de\/wp-json\/wp\/v2\/posts\/1026\/revisions"}],"wp:featuredmedia":[{"embeddable":true,"href":"https:\/\/www.gardaseezeitung.it\/gardaseezeitung_new\/de\/wp-json\/wp\/v2\/media\/1027"}],"wp:attachment":[{"href":"https:\/\/www.gardaseezeitung.it\/gardaseezeitung_new\/de\/wp-json\/wp\/v2\/media?parent=1026"}],"wp:term":[{"taxonomy":"category","embeddable":true,"href":"https:\/\/www.gardaseezeitung.it\/gardaseezeitung_new\/de\/wp-json\/wp\/v2\/categories?post=1026"},{"taxonomy":"post_tag","embeddable":true,"href":"https:\/\/www.gardaseezeitung.it\/gardaseezeitung_new\/de\/wp-json\/wp\/v2\/tags?post=1026"},{"taxonomy":"news-destination","embeddable":true,"href":"https:\/\/www.gardaseezeitung.it\/gardaseezeitung_new\/de\/wp-json\/wp\/v2\/news-destination?post=1026"},{"taxonomy":"news-source","embeddable":true,"href":"https:\/\/www.gardaseezeitung.it\/gardaseezeitung_new\/de\/wp-json\/wp\/v2\/news-source?post=1026"},{"taxonomy":"is_homepage","embeddable":true,"href":"https:\/\/www.gardaseezeitung.it\/gardaseezeitung_new\/de\/wp-json\/wp\/v2\/is_homepage?post=1026"},{"taxonomy":"ta_other","embeddable":true,"href":"https:\/\/www.gardaseezeitung.it\/gardaseezeitung_new\/de\/wp-json\/wp\/v2\/ta_other?post=1026"}],"curies":[{"name":"wp","href":"https:\/\/api.w.org\/{rel}","templated":true}]}}