{"id":1030,"date":"2014-11-18T15:54:52","date_gmt":"2014-11-18T15:54:52","guid":{"rendered":"http:\/\/euwp08.newsmemory.com\/gardaseezeitung_new\/de\/2014\/11\/18\/in-verona-erwartet-man-sportler-im-februar-zum-half-marathon\/"},"modified":"2019-05-28T19:53:16","modified_gmt":"2019-05-28T19:53:16","slug":"in-verona-erwartet-man-sportler-im-februar-zum-half-marathon","status":"publish","type":"post","link":"https:\/\/www.gardaseezeitung.it\/2014\/11\/18\/in-verona-erwartet-man-sportler-im-februar-zum-half-marathon\/","title":{"rendered":"In Verona erwartet man Sportler im Februar zum Half Marathon"},"content":{"rendered":"<p>Neben dem traditionellen Halbmarathon erwartet man auch die Hobbysportler, und zwar mit dem Duo-Marathon: es ist m\u00f6glich, in Paaren teilzunehmen. Der DUO HALF MARATHON ist ein Staffellauf: der erste L\u00e4ufer legt acht Kilometer zur\u00fcck, der zweite dreizehn Kilometer. Die Idee ist simple: ein Lauf, zwei L\u00e4ufer und eine gestoppte Rennzeit. Bei dem Event handelt es sich um einen Wettlauf, der allen frei steht. Es muss keine \u00e4rztliche Bescheinigung f\u00fcr Profisportler vorgelegt werden.<br \/>Mit wem man beim Rennen antritt, ist jedem freigestellt: es kann die bessere H\u00e4lfte sein, aber auch eine Freundin oder ein Freund. Wichtig ist bei diesem Marathon nicht der Sieg, sondern der Spa\u00df.<br \/>Weitere Infos: www.giuliettaeromeohalfmarathon.it.<\/p>\n","protected":false},"excerpt":{"rendered":"<p>Der Giulietta&amp;Romeo Half Marathon ist f\u00fcr die Stadt Verona inzwischen zu einer echten Tradition geworden. Bereits zum achten Mal wird dieses Sportevent am 15. Februar des kommenden Jahres organisiert. In Italien ist der Giulietta&amp;Romeo Half Marathon der zweitgr\u00f6\u00dfte Halbmarathon. \u00dcber achttausend L\u00e4ufer nahmen am letzten \u201eLiebes-Marathon&#8220; teil.<\/p>\n","protected":false},"author":1,"featured_media":1031,"comment_status":"open","ping_status":"open","sticky":false,"template":"","format":"standard","meta":[],"categories":[4],"tags":[],"news-destination":[],"news-source":[],"is_homepage":[],"ta_other":[],"featured_media_details":{"width":700,"height":400,"file":"2019\/05\/85d4c9979acd511c1b56e8df3edec1b8.jpg","sizes":{"thumbnail":{"file":"85d4c9979acd511c1b56e8df3edec1b8-150x150.jpg","width":150,"height":150,"mime-type":"image\/jpeg","source_url":"https:\/\/www.gardaseezeitung.it\/gardaseezeitung_new\/de\/wp-content\/uploads\/sites\/2\/2019\/05\/85d4c9979acd511c1b56e8df3edec1b8-150x150.jpg"},"medium":{"file":"85d4c9979acd511c1b56e8df3edec1b8-300x171.jpg","width":300,"height":171,"mime-type":"image\/jpeg","source_url":"https:\/\/www.gardaseezeitung.it\/gardaseezeitung_new\/de\/wp-content\/uploads\/sites\/2\/2019\/05\/85d4c9979acd511c1b56e8df3edec1b8-300x171.jpg"},"full":{"file":"85d4c9979acd511c1b56e8df3edec1b8.jpg","width":700,"height":400,"mime_type":"","source_url":"https:\/\/www.gardaseezeitung.it\/gardaseezeitung_new\/de\/wp-content\/uploads\/sites\/2\/2019\/05\/85d4c9979acd511c1b56e8df3edec1b8.jpg"}},"image_meta":{"aperture":"0","credit":"","camera":"","caption":"","created_timestamp":"0","copyright":"","focal_length":"0","iso":"0","shutter_speed":"0","title":"","orientation":"0","keywords":[]}},"_links":{"self":[{"href":"https:\/\/www.gardaseezeitung.it\/gardaseezeitung_new\/de\/wp-json\/wp\/v2\/posts\/1030"}],"collection":[{"href":"https:\/\/www.gardaseezeitung.it\/gardaseezeitung_new\/de\/wp-json\/wp\/v2\/posts"}],"about":[{"href":"https:\/\/www.gardaseezeitung.it\/gardaseezeitung_new\/de\/wp-json\/wp\/v2\/types\/post"}],"author":[{"embeddable":true,"href":"https:\/\/www.gardaseezeitung.it\/gardaseezeitung_new\/de\/wp-json\/wp\/v2\/users\/1"}],"replies":[{"embeddable":true,"href":"https:\/\/www.gardaseezeitung.it\/gardaseezeitung_new\/de\/wp-json\/wp\/v2\/comments?post=1030"}],"version-history":[{"count":0,"href":"https:\/\/www.gardaseezeitung.it\/gardaseezeitung_new\/de\/wp-json\/wp\/v2\/posts\/1030\/revisions"}],"wp:featuredmedia":[{"embeddable":true,"href":"https:\/\/www.gardaseezeitung.it\/gardaseezeitung_new\/de\/wp-json\/wp\/v2\/media\/1031"}],"wp:attachment":[{"href":"https:\/\/www.gardaseezeitung.it\/gardaseezeitung_new\/de\/wp-json\/wp\/v2\/media?parent=1030"}],"wp:term":[{"taxonomy":"category","embeddable":true,"href":"https:\/\/www.gardaseezeitung.it\/gardaseezeitung_new\/de\/wp-json\/wp\/v2\/categories?post=1030"},{"taxonomy":"post_tag","embeddable":true,"href":"https:\/\/www.gardaseezeitung.it\/gardaseezeitung_new\/de\/wp-json\/wp\/v2\/tags?post=1030"},{"taxonomy":"news-destination","embeddable":true,"href":"https:\/\/www.gardaseezeitung.it\/gardaseezeitung_new\/de\/wp-json\/wp\/v2\/news-destination?post=1030"},{"taxonomy":"news-source","embeddable":true,"href":"https:\/\/www.gardaseezeitung.it\/gardaseezeitung_new\/de\/wp-json\/wp\/v2\/news-source?post=1030"},{"taxonomy":"is_homepage","embeddable":true,"href":"https:\/\/www.gardaseezeitung.it\/gardaseezeitung_new\/de\/wp-json\/wp\/v2\/is_homepage?post=1030"},{"taxonomy":"ta_other","embeddable":true,"href":"https:\/\/www.gardaseezeitung.it\/gardaseezeitung_new\/de\/wp-json\/wp\/v2\/ta_other?post=1030"}],"curies":[{"name":"wp","href":"https:\/\/api.w.org\/{rel}","templated":true}]}}