{"id":1042,"date":"2015-03-28T08:38:17","date_gmt":"2015-03-28T08:38:17","guid":{"rendered":"http:\/\/euwp08.newsmemory.com\/gardaseezeitung_new\/de\/2015\/03\/28\/tignale-ein-ort-wo-die-zitronen-bluhen\/"},"modified":"2019-05-28T19:53:16","modified_gmt":"2019-05-28T19:53:16","slug":"tignale-ein-ort-wo-die-zitronen-bluhen","status":"publish","type":"post","link":"https:\/\/www.gardaseezeitung.it\/2015\/03\/28\/tignale-ein-ort-wo-die-zitronen-bluhen\/","title":{"rendered":"Tignale: ein Ort, wo die Zitronen bl\u00fchen"},"content":{"rendered":"<p>Und so erfolgt im Fr\u00fchjahr die \u201espicanda&#8220;, dass hei\u00dft die Zitronenernte in den Zitroneng\u00e4rten des Gebiets, den althergebrachten \u201eLimonaie&#8220;, die bereits von Goethe gepriesen wurden. Die Fr\u00fcchte werden per Hand geerntet. Man erklimmt steile Leitern und sammelt die Fr\u00fcchte in Weidenk\u00f6rben. Auf den Boden zur\u00fcckgekehrt, ordnet der \u201eG\u00e4rtner&#8220; sie in Holzkisten an. Bis 1800 wurden diese dann an die deutschen, \u00f6sterreichischen und russischen M\u00e4rkte versandt, und das wertvolle Vitamin C erreichte die Orte jenseits der Alpen.<br \/>Heute gibt es nur noch wenige Limonaie, die in Betrieb sind und besichtigt werden k\u00f6nnen. Sie bieten den Besuchern auch weiterhin ihre wertvollen Fr\u00fcchte und zwischen April und Mai die duftenden Bl\u00fcten, die so genannten \u201ezagare&#8220;.<br \/>In der Limonaia Pr\u00e0 de la Fam \u2013 an der Stra\u00dfe zwischen Riva del Garda und Sal\u03cc \u2013 kann man noch heute diese aromatische und duftende Welt besuchen. Die Zitronen werden hier zu einem Lik\u00f6r, dem so genannten \u201eLimoncello&#8220;, oder zu Zitrus-Marmeladen (eine wahre Gaumenfreude) verarbeitet.<br \/>Der Zitronengarten Pr\u00e0 de la Fam ist aber nicht die einzige Besonderheit der Gemeinde Tignale. Natur pur, ein umfangreiches Wegenetz, dank dessen man das Gebiet zu Fu\u00df, per Bike oder hoch zu Ross entdecken kann, ein Ambiente zwischen See und Berg, in dem man die verschiedensten Sportarten aus\u00fcben kann, sind weitere Vorz\u00fcge des Ferienorts am Westufer.&nbsp;Tignale befindet sich auf einer Hochebene. Unter dem Ort: der Gardasee. Von kleinen an Terrassierungen liegenden Dorfvierteln blickt man auf die au\u00dfergew\u00f6hnliche Landschaft. Rundherum Felder, Obstplantagen und Weiden, die bis zu den W\u00e4ldern reichen. Das bergige Hinterland mit seinen wilden T\u00e4lern und unber\u00fchrten W\u00e4ldern wird zu einem ausgezeichneten Ort f\u00fcr Spa\u00df und Erholung.&nbsp;Und nat\u00fcrlich fehlt auch der See nicht. Ganz im Gegenteil: die Gemeindeverwaltung hat vor nicht allzu langer Zeit viel in das Hafengebiet im Ortsteil Pr\u00e0 de la Fam investiert.<\/p>\n<p>Ufficio Unico del Turismo<br \/>info-tignale.org \u2022 www.tignale.org<br \/>pro loco tignale<\/p>\n","protected":false},"excerpt":{"rendered":"<p>Sobald es der Sonne gelingt, sich f\u00fcr einen Moment einen Weg durch die Wolken zu bahnen, bricht am Gardasee der Fr\u00fchling aus. Und die warmen Sonnenstrahlen durchfluten die Scheiben, die die Zitronen vor den winterlichen Winden sch\u00fctzen und zu ihrer Reifung beitragen.<\/p>\n","protected":false},"author":1,"featured_media":1044,"comment_status":"open","ping_status":"open","sticky":false,"template":"","format":"standard","meta":[],"categories":[4],"tags":[],"news-destination":[],"news-source":[],"is_homepage":[],"ta_other":[],"featured_media_details":{"width":1024,"height":641,"file":"2019\/05\/e4484e0423339030d1f4e7a6907abaeb.jpg","sizes":{"thumbnail":{"file":"e4484e0423339030d1f4e7a6907abaeb-150x150.jpg","width":150,"height":150,"mime-type":"image\/jpeg","source_url":"https:\/\/www.gardaseezeitung.it\/gardaseezeitung_new\/de\/wp-content\/uploads\/sites\/2\/2019\/05\/e4484e0423339030d1f4e7a6907abaeb-150x150.jpg"},"medium":{"file":"e4484e0423339030d1f4e7a6907abaeb-300x188.jpg","width":300,"height":188,"mime-type":"image\/jpeg","source_url":"https:\/\/www.gardaseezeitung.it\/gardaseezeitung_new\/de\/wp-content\/uploads\/sites\/2\/2019\/05\/e4484e0423339030d1f4e7a6907abaeb-300x188.jpg"},"medium_large":{"file":"e4484e0423339030d1f4e7a6907abaeb-768x481.jpg","width":768,"height":481,"mime-type":"image\/jpeg","source_url":"https:\/\/www.gardaseezeitung.it\/gardaseezeitung_new\/de\/wp-content\/uploads\/sites\/2\/2019\/05\/e4484e0423339030d1f4e7a6907abaeb-768x481.jpg"},"large":{"file":"e4484e0423339030d1f4e7a6907abaeb-1024x641.jpg","width":1024,"height":641,"mime-type":"image\/jpeg","source_url":"https:\/\/www.gardaseezeitung.it\/gardaseezeitung_new\/de\/wp-content\/uploads\/sites\/2\/2019\/05\/e4484e0423339030d1f4e7a6907abaeb-1024x641.jpg"},"big_image":{"file":"e4484e0423339030d1f4e7a6907abaeb-750x469.jpg","width":750,"height":469,"mime-type":"image\/jpeg","source_url":"https:\/\/www.gardaseezeitung.it\/gardaseezeitung_new\/de\/wp-content\/uploads\/sites\/2\/2019\/05\/e4484e0423339030d1f4e7a6907abaeb-750x469.jpg"},"full":{"file":"e4484e0423339030d1f4e7a6907abaeb.jpg","width":1024,"height":641,"mime_type":"","source_url":"https:\/\/www.gardaseezeitung.it\/gardaseezeitung_new\/de\/wp-content\/uploads\/sites\/2\/2019\/05\/e4484e0423339030d1f4e7a6907abaeb.jpg"}},"image_meta":{"aperture":"0","credit":"","camera":"","caption":"","created_timestamp":"0","copyright":"","focal_length":"0","iso":"0","shutter_speed":"0","title":"","orientation":"0","keywords":[]}},"_links":{"self":[{"href":"https:\/\/www.gardaseezeitung.it\/gardaseezeitung_new\/de\/wp-json\/wp\/v2\/posts\/1042"}],"collection":[{"href":"https:\/\/www.gardaseezeitung.it\/gardaseezeitung_new\/de\/wp-json\/wp\/v2\/posts"}],"about":[{"href":"https:\/\/www.gardaseezeitung.it\/gardaseezeitung_new\/de\/wp-json\/wp\/v2\/types\/post"}],"author":[{"embeddable":true,"href":"https:\/\/www.gardaseezeitung.it\/gardaseezeitung_new\/de\/wp-json\/wp\/v2\/users\/1"}],"replies":[{"embeddable":true,"href":"https:\/\/www.gardaseezeitung.it\/gardaseezeitung_new\/de\/wp-json\/wp\/v2\/comments?post=1042"}],"version-history":[{"count":1,"href":"https:\/\/www.gardaseezeitung.it\/gardaseezeitung_new\/de\/wp-json\/wp\/v2\/posts\/1042\/revisions"}],"predecessor-version":[{"id":1045,"href":"https:\/\/www.gardaseezeitung.it\/gardaseezeitung_new\/de\/wp-json\/wp\/v2\/posts\/1042\/revisions\/1045"}],"wp:featuredmedia":[{"embeddable":true,"href":"https:\/\/www.gardaseezeitung.it\/gardaseezeitung_new\/de\/wp-json\/wp\/v2\/media\/1044"}],"wp:attachment":[{"href":"https:\/\/www.gardaseezeitung.it\/gardaseezeitung_new\/de\/wp-json\/wp\/v2\/media?parent=1042"}],"wp:term":[{"taxonomy":"category","embeddable":true,"href":"https:\/\/www.gardaseezeitung.it\/gardaseezeitung_new\/de\/wp-json\/wp\/v2\/categories?post=1042"},{"taxonomy":"post_tag","embeddable":true,"href":"https:\/\/www.gardaseezeitung.it\/gardaseezeitung_new\/de\/wp-json\/wp\/v2\/tags?post=1042"},{"taxonomy":"news-destination","embeddable":true,"href":"https:\/\/www.gardaseezeitung.it\/gardaseezeitung_new\/de\/wp-json\/wp\/v2\/news-destination?post=1042"},{"taxonomy":"news-source","embeddable":true,"href":"https:\/\/www.gardaseezeitung.it\/gardaseezeitung_new\/de\/wp-json\/wp\/v2\/news-source?post=1042"},{"taxonomy":"is_homepage","embeddable":true,"href":"https:\/\/www.gardaseezeitung.it\/gardaseezeitung_new\/de\/wp-json\/wp\/v2\/is_homepage?post=1042"},{"taxonomy":"ta_other","embeddable":true,"href":"https:\/\/www.gardaseezeitung.it\/gardaseezeitung_new\/de\/wp-json\/wp\/v2\/ta_other?post=1042"}],"curies":[{"name":"wp","href":"https:\/\/api.w.org\/{rel}","templated":true}]}}