{"id":1054,"date":"2015-07-12T16:28:19","date_gmt":"2015-07-12T16:28:19","guid":{"rendered":"http:\/\/euwp08.newsmemory.com\/gardaseezeitung_new\/de\/2015\/07\/12\/juli-in-bussolengo-der-monat-der-pfirsiche\/"},"modified":"2019-05-28T19:53:16","modified_gmt":"2019-05-28T19:53:16","slug":"juli-in-bussolengo-der-monat-der-pfirsiche","status":"publish","type":"post","link":"https:\/\/www.gardaseezeitung.it\/2015\/07\/12\/juli-in-bussolengo-der-monat-der-pfirsiche\/","title":{"rendered":"Juli in Bussolengo: der Monat der Pfirsiche"},"content":{"rendered":"<p>Die Pfirsiche k\u00f6nnen nat\u00fcrlich auch in einigen landwirtschaftlichen Betrieben des Gebiets direkt beim Hersteller erstanden werden. Wo dies m\u00f6glich ist, erfahren Sie im dritten Artikel auf dieser Seite.<br \/>Den ganzen Juli \u00fcber l\u00e4uft in Bussolengo auch eine \u00e4u\u00dferst interessante Malerei- und Skulpturen-Ausstellung, f\u00fcr die die Vereinigung Artemisia \u2013 Amici per l&#8217;arte verantwortlich zeichnet. Die Ausstellung findet in der Via Gardesana 100 statt und der Eintritt ist frei. Ausgestellt sind die Werke von K\u00fcnstlern des Ortes, die sich inzwischen seit mehreren Jahren von Zeit zu Zeit treffen, um ihr Wissen \u00fcber die verschiedenen Malerei- und Bildhauertechniken zu vertiefen. Pr\u00e4sentiert werden die Werke von M. Foccillo, M.T. Ottaviani, G. Battistoni, V. Venturini, F. Ragagnoli, S. Maraia und A. Taglianetti.<br \/>In diesen Tagen l\u00e4uft im Sozialzentrum der Pfarrgemeinde in der Via Don Calabria auch das San Luigi-Fest. Auf dem Programm stehen zwei Tanzabend: am 11. Juli ab 21 Uhr mit dem Orchester Roberto Morselli und am 12. Juli ab 21 Uhr mit dem Orchester Cicci New Condor. Das Fest endet am Samstag, 18. Juli ab 21 Uhr mit dem Theater- Musicalabend \u201eDon Bosco, der Arbeiter Gottes&#8220;, das sich am Leben von Don Bosco inspiriert. Das Kulturamt der Gemeinde Bussolengo f\u00f6rdert die Musik, und dies mit der Initiative \u201eGro\u00dfes Sommerchorfestival&#8220;. Im Laufe des Julis finden einige wichtige Musikevents statt. Auftreten werden internationale Ch\u00f6re aus verschiedenen europ\u00e4ischen L\u00e4ndern. Am Sonntag, den 19. Juli um 10.30 Uhr steht im Laufe der Messe in der Kirche San Giovanni Battista in San Vito al Mantico das kurze Konzert des Hartolan Viihdekuoro (Finland) und des Erzherzog Johann Chor Stra\u00df (\u00d6sterreich) auf dem Programm. Im Park der Villa Spinola (Via Citella), von dem man einen wundersch\u00f6nen Blick auf die Etsch und die Veroneser T\u00e4ler hat, sind noch weitere drei interessante Abende vorgesehen: im Rahmen des Anbaradan Festivals 2015 l\u00e4dt man zu Live Musik. Hier das Programm:<br \/>Donnerstag, 16. Juli um 21 Uhr: Stargate unter den Sternen mit DJ Yano live percussion<br \/>Freitag, 17. Juli um 21 Uhr: Soy Taranta (Official Negrita Tribute Band)<br \/>Samstag, 18. Juli um 21 Uhr: Intrepidos Band + Mercoledi Notte. Der Juli wird mit zwei weiteren Events beendet, die sicher gefallen: das erste findet am Samstag, den 18. Juli ab 21 Uhr statt. Auf dem Programm steht \u201eTheater, Caff\u00e8 Kino&#8220; im Theater von Santa Maria Maggiore an der Piazza Nuova 3. Am Samstag, den 25. Juli um 21 Uhr l\u00e4dt man zu \u201eLa Serva Padrona&#8220; (komisches Intermezzo) von Giovanni Battista Pergolesi im Park der Villa Spinola in Via Citella.<\/p>\n<p>Der Pfirsch zu Tisch<\/p>\n<p>Restaurant L\u2019Ostaria &#8211;&nbsp;Via Roma 63 &#8211;&nbsp;Tel. 045 7151703<br \/>Restaurant Osteria&nbsp;El Borgo &#8211;&nbsp;Via Borgolecco 7 &#8211;&nbsp;Mobil 347 1380815<br \/>Restaurant Pizzeria&nbsp;Alla Passeggiata &#8211;&nbsp;L.go Salvo d\u2019Acquisto 11 &#8211;&nbsp;Tel. 045 7153545<br \/>Restaurant Poseidon &#8211;&nbsp;Via Matteotti 4 &#8211;&nbsp;Tel. 045 4854224<br \/>Restaurant Roma &#8211;&nbsp;Via Matteotti 8 &#8211;&nbsp;Tel. 045 7157570<br \/>Trattoria&nbsp;Da Guido &#8211;&nbsp;Loc. Colombara 60B&nbsp;in San Vito al Mantico &#8211;&nbsp;Tel. 045 676603<br \/>Bar&nbsp;Bue d\u2019Oro &#8211;&nbsp;Piazza della Vittoria 6 &#8211;&nbsp;Tel. 045 7150005<br \/>Caff\u00e8&nbsp;Mazzini &#8211;&nbsp;P.zza XXVI Aprile 27 &#8211;&nbsp;Tel. 045 7150298<br \/>Glamour&nbsp;Caf\u00e8 &nbsp;&#8211;&nbsp;Via Borgolecco 53-&nbsp;Tel. 045 7150440<\/p>\n<p><strong>Direct von Hersteller<\/strong><\/p>\n<p>Bei diesen landwirtschaftlichen&nbsp;Betrieben kann man den typischen Pfirsich aus Bussolengo erstehen:<\/p>\n<p>Agriturismo GIRELLI NELLO &#8211;&nbsp;Strada Gabanel 116<br \/>CALIARI GIANFRANCO Agespha &#8211;&nbsp;Localit\u00e0 Cioi 24<br \/>GIRELLI ANDREA &#8211;&nbsp;Localit\u00e0 Girelli 146<br \/>MONTRESOR MASSIMILIANO &#8211;&nbsp;Via San Salvar 19<br \/>NICOLIS LUCA e SILVIO &#8211;&nbsp;Via Cristoforo Colombo 3<br \/>SQUARANTI GRAZIANO &nbsp;&#8211;&nbsp;Localit\u00e0 Ca\u2019 Belfiore 10A&nbsp;<br \/>VINCENZI RENZO &#8211;&nbsp;Localit\u00e0 Arera Sud 43&nbsp;<br \/>ZANETTI DIEGO &#8211;&nbsp;Via Zamboni 128&nbsp;<\/p>\n<p>Weitere Informationen: Amt f\u00fcr Veranstaltungen; Tel. 045 6769939; <a href=\"mailto:manifestazioni@comune.bussolengo.vr.it\">manifestazioni@comune.bussolengo.vr.it<\/a>;&nbsp;<a href=\"http:\/\/www.comune.bussolengo.vr.it\">www.comune.bussolengo.vr.it<\/a>.<\/p>\n","protected":false},"excerpt":{"rendered":"<p>Der Juli und der August stehen in Bussolengo ganz im Zeichen des Pfirsichs. Vom 1. Juli bis zum 20. August bietet sich die M\u00f6glichkeit, in einigen Restaurants von Bussolengo, aber auch in Pescantina, Sommacampagna, Sona, Valeggio und Villafranca Gerichte zu probieren, die mit dieser k\u00f6stlichen Frucht zubereitet werden.<\/p>\n","protected":false},"author":1,"featured_media":1055,"comment_status":"open","ping_status":"open","sticky":false,"template":"","format":"standard","meta":[],"categories":[4],"tags":[],"news-destination":[],"news-source":[],"is_homepage":[],"ta_other":[],"featured_media_details":{"width":620,"height":439,"file":"2019\/05\/9e29ba1796cb69e542915b3cfed0ca5d.jpg","sizes":{"thumbnail":{"file":"9e29ba1796cb69e542915b3cfed0ca5d-150x150.jpg","width":150,"height":150,"mime-type":"image\/jpeg","source_url":"https:\/\/www.gardaseezeitung.it\/gardaseezeitung_new\/de\/wp-content\/uploads\/sites\/2\/2019\/05\/9e29ba1796cb69e542915b3cfed0ca5d-150x150.jpg"},"medium":{"file":"9e29ba1796cb69e542915b3cfed0ca5d-300x212.jpg","width":300,"height":212,"mime-type":"image\/jpeg","source_url":"https:\/\/www.gardaseezeitung.it\/gardaseezeitung_new\/de\/wp-content\/uploads\/sites\/2\/2019\/05\/9e29ba1796cb69e542915b3cfed0ca5d-300x212.jpg"},"full":{"file":"9e29ba1796cb69e542915b3cfed0ca5d.jpg","width":620,"height":439,"mime_type":"","source_url":"https:\/\/www.gardaseezeitung.it\/gardaseezeitung_new\/de\/wp-content\/uploads\/sites\/2\/2019\/05\/9e29ba1796cb69e542915b3cfed0ca5d.jpg"}},"image_meta":{"aperture":"0","credit":"","camera":"","caption":"","created_timestamp":"0","copyright":"","focal_length":"0","iso":"0","shutter_speed":"0","title":"","orientation":"0","keywords":[]}},"_links":{"self":[{"href":"https:\/\/www.gardaseezeitung.it\/gardaseezeitung_new\/de\/wp-json\/wp\/v2\/posts\/1054"}],"collection":[{"href":"https:\/\/www.gardaseezeitung.it\/gardaseezeitung_new\/de\/wp-json\/wp\/v2\/posts"}],"about":[{"href":"https:\/\/www.gardaseezeitung.it\/gardaseezeitung_new\/de\/wp-json\/wp\/v2\/types\/post"}],"author":[{"embeddable":true,"href":"https:\/\/www.gardaseezeitung.it\/gardaseezeitung_new\/de\/wp-json\/wp\/v2\/users\/1"}],"replies":[{"embeddable":true,"href":"https:\/\/www.gardaseezeitung.it\/gardaseezeitung_new\/de\/wp-json\/wp\/v2\/comments?post=1054"}],"version-history":[{"count":0,"href":"https:\/\/www.gardaseezeitung.it\/gardaseezeitung_new\/de\/wp-json\/wp\/v2\/posts\/1054\/revisions"}],"wp:featuredmedia":[{"embeddable":true,"href":"https:\/\/www.gardaseezeitung.it\/gardaseezeitung_new\/de\/wp-json\/wp\/v2\/media\/1055"}],"wp:attachment":[{"href":"https:\/\/www.gardaseezeitung.it\/gardaseezeitung_new\/de\/wp-json\/wp\/v2\/media?parent=1054"}],"wp:term":[{"taxonomy":"category","embeddable":true,"href":"https:\/\/www.gardaseezeitung.it\/gardaseezeitung_new\/de\/wp-json\/wp\/v2\/categories?post=1054"},{"taxonomy":"post_tag","embeddable":true,"href":"https:\/\/www.gardaseezeitung.it\/gardaseezeitung_new\/de\/wp-json\/wp\/v2\/tags?post=1054"},{"taxonomy":"news-destination","embeddable":true,"href":"https:\/\/www.gardaseezeitung.it\/gardaseezeitung_new\/de\/wp-json\/wp\/v2\/news-destination?post=1054"},{"taxonomy":"news-source","embeddable":true,"href":"https:\/\/www.gardaseezeitung.it\/gardaseezeitung_new\/de\/wp-json\/wp\/v2\/news-source?post=1054"},{"taxonomy":"is_homepage","embeddable":true,"href":"https:\/\/www.gardaseezeitung.it\/gardaseezeitung_new\/de\/wp-json\/wp\/v2\/is_homepage?post=1054"},{"taxonomy":"ta_other","embeddable":true,"href":"https:\/\/www.gardaseezeitung.it\/gardaseezeitung_new\/de\/wp-json\/wp\/v2\/ta_other?post=1054"}],"curies":[{"name":"wp","href":"https:\/\/api.w.org\/{rel}","templated":true}]}}