{"id":1056,"date":"2015-07-12T16:51:49","date_gmt":"2015-07-12T16:51:49","guid":{"rendered":"http:\/\/euwp08.newsmemory.com\/gardaseezeitung_new\/de\/2015\/07\/12\/sternegucken-und-natur-pur-in-ferrara-di-monte-baldo\/"},"modified":"2019-05-28T19:53:16","modified_gmt":"2019-05-28T19:53:16","slug":"sternegucken-und-natur-pur-in-ferrara-di-monte-baldo","status":"publish","type":"post","link":"https:\/\/www.gardaseezeitung.it\/2015\/07\/12\/sternegucken-und-natur-pur-in-ferrara-di-monte-baldo\/","title":{"rendered":"Sternegucken und Natur pur in Ferrara di Monte Baldo"},"content":{"rendered":"<p style=\"text-align: justify\">Ferrara befindet sich nicht nur in einer wundersch\u00f6nen Gegend, es hat auch zwei ganz besondere Orte: die Sternwarte, die auf der Liste der internationalen astronomischen Institutionen steht, in diesem Sommer jeden Samstag ab 21 Uhr ge\u00f6ffnet hat und in der Konferenzen \u00fcber das Sonnensystem und die Beobachtung des Himmels organisiert werden, sowie der Botanische Garten, wo st\u00e4ndig Veranstaltungen stattfinden. Zu den Veranstaltungen, die in den kommenden Tagen geplant sind, z\u00e4hlt am 19. Juli das der Schutzheiligen Katharina von Alexandrien gewidmete Fest. Eine religi\u00f6se Feier steht auch am 14. August auf dem Programm: ein Fackelumzug bis zur Wallfahrtskirche Madonna della Corona mit Messe unter dem Vorsitz von Bischof Giuseppe Zenti.<br \/>Im Botanischen Garten erwartet man die Besucher am 18. Juli um 16 Uhr mit einer Konferenz in italienischer Sprache zum Thema \u201eIL ritorno della Fauna selvatica&#8220; (Die R\u00fcckkehr der Wildtiere auf den Monte Baldo). Weiter geht es um 19 Uhr mit einem Kr\u00e4uter-Abendessen (kostenpflichtig und nach Anmeldung). Um 21 Uhr bietet sich dann die M\u00f6glichkeit, von der Sternwarte aus die Sterne zu beobachten (Eintritt zur Sternwarte: 6 Euro). Weiter geht es am 19. Juli mit einem botanischen Ausflug zum Thema \u201eGli habitat della fauna&#8220; (Das Habitat der Fauna; Start 9.30 Uhr). Es folgt um 13 Uhr ein Aperitif im botanischen Garten mit Kr\u00e4utern des Gebiets und dann um 15 Uhr eine gef\u00fchrte Besichtigung des botanischen Gartens. Um 16 Uhr steht eine didaktische Werkstatt zum Thema \u201eLavorazione del latte&#8220; (Verarbeitung der Milch) auf dem Programm und um 19 Uhr bietet sich erneut die M\u00f6glichkeit zu einem Kr\u00e4uter-Abendessen.<br \/>Weitere Informationen sind unter www.ortobotanicomontebaldo.org; Tel +39 045-6247288 erh\u00e4ltlich.<\/p>\n","protected":false},"excerpt":{"rendered":"<p>Die Natur und die Umwelt stehen in Ferrara del Monte Baldo in diesem Sommer im Mittelpunkt viele Initiativen. \u201eIm Herzen des Monte Baldo&#8220; ist ein Veranstaltungsreigen, f\u00fcr den der Kulturverband Pro Loco und die Gemeinde gemeinsam verantwortlich zeichnen.<\/p>\n","protected":false},"author":1,"featured_media":1057,"comment_status":"open","ping_status":"open","sticky":false,"template":"","format":"standard","meta":[],"categories":[4],"tags":[],"news-destination":[],"news-source":[],"is_homepage":[],"ta_other":[],"featured_media_details":{"width":620,"height":440,"file":"2019\/05\/5adeac31685795bad76dae2f07b6b284.jpg","sizes":{"thumbnail":{"file":"5adeac31685795bad76dae2f07b6b284-150x150.jpg","width":150,"height":150,"mime-type":"image\/jpeg","source_url":"https:\/\/www.gardaseezeitung.it\/gardaseezeitung_new\/de\/wp-content\/uploads\/sites\/2\/2019\/05\/5adeac31685795bad76dae2f07b6b284-150x150.jpg"},"medium":{"file":"5adeac31685795bad76dae2f07b6b284-300x213.jpg","width":300,"height":213,"mime-type":"image\/jpeg","source_url":"https:\/\/www.gardaseezeitung.it\/gardaseezeitung_new\/de\/wp-content\/uploads\/sites\/2\/2019\/05\/5adeac31685795bad76dae2f07b6b284-300x213.jpg"},"full":{"file":"5adeac31685795bad76dae2f07b6b284.jpg","width":620,"height":440,"mime_type":"","source_url":"https:\/\/www.gardaseezeitung.it\/gardaseezeitung_new\/de\/wp-content\/uploads\/sites\/2\/2019\/05\/5adeac31685795bad76dae2f07b6b284.jpg"}},"image_meta":{"aperture":"0","credit":"","camera":"","caption":"","created_timestamp":"0","copyright":"","focal_length":"0","iso":"0","shutter_speed":"0","title":"","orientation":"0","keywords":[]}},"_links":{"self":[{"href":"https:\/\/www.gardaseezeitung.it\/gardaseezeitung_new\/de\/wp-json\/wp\/v2\/posts\/1056"}],"collection":[{"href":"https:\/\/www.gardaseezeitung.it\/gardaseezeitung_new\/de\/wp-json\/wp\/v2\/posts"}],"about":[{"href":"https:\/\/www.gardaseezeitung.it\/gardaseezeitung_new\/de\/wp-json\/wp\/v2\/types\/post"}],"author":[{"embeddable":true,"href":"https:\/\/www.gardaseezeitung.it\/gardaseezeitung_new\/de\/wp-json\/wp\/v2\/users\/1"}],"replies":[{"embeddable":true,"href":"https:\/\/www.gardaseezeitung.it\/gardaseezeitung_new\/de\/wp-json\/wp\/v2\/comments?post=1056"}],"version-history":[{"count":0,"href":"https:\/\/www.gardaseezeitung.it\/gardaseezeitung_new\/de\/wp-json\/wp\/v2\/posts\/1056\/revisions"}],"wp:featuredmedia":[{"embeddable":true,"href":"https:\/\/www.gardaseezeitung.it\/gardaseezeitung_new\/de\/wp-json\/wp\/v2\/media\/1057"}],"wp:attachment":[{"href":"https:\/\/www.gardaseezeitung.it\/gardaseezeitung_new\/de\/wp-json\/wp\/v2\/media?parent=1056"}],"wp:term":[{"taxonomy":"category","embeddable":true,"href":"https:\/\/www.gardaseezeitung.it\/gardaseezeitung_new\/de\/wp-json\/wp\/v2\/categories?post=1056"},{"taxonomy":"post_tag","embeddable":true,"href":"https:\/\/www.gardaseezeitung.it\/gardaseezeitung_new\/de\/wp-json\/wp\/v2\/tags?post=1056"},{"taxonomy":"news-destination","embeddable":true,"href":"https:\/\/www.gardaseezeitung.it\/gardaseezeitung_new\/de\/wp-json\/wp\/v2\/news-destination?post=1056"},{"taxonomy":"news-source","embeddable":true,"href":"https:\/\/www.gardaseezeitung.it\/gardaseezeitung_new\/de\/wp-json\/wp\/v2\/news-source?post=1056"},{"taxonomy":"is_homepage","embeddable":true,"href":"https:\/\/www.gardaseezeitung.it\/gardaseezeitung_new\/de\/wp-json\/wp\/v2\/is_homepage?post=1056"},{"taxonomy":"ta_other","embeddable":true,"href":"https:\/\/www.gardaseezeitung.it\/gardaseezeitung_new\/de\/wp-json\/wp\/v2\/ta_other?post=1056"}],"curies":[{"name":"wp","href":"https:\/\/api.w.org\/{rel}","templated":true}]}}