{"id":1064,"date":"2015-07-12T20:04:54","date_gmt":"2015-07-12T20:04:54","guid":{"rendered":"http:\/\/euwp08.newsmemory.com\/gardaseezeitung_new\/de\/2015\/07\/12\/urlaub-fur-den-geist-und-die-seele\/"},"modified":"2019-05-28T19:53:16","modified_gmt":"2019-05-28T19:53:16","slug":"urlaub-fur-den-geist-und-die-seele","status":"publish","type":"post","link":"https:\/\/www.gardaseezeitung.it\/2015\/07\/12\/urlaub-fur-den-geist-und-die-seele\/","title":{"rendered":"Urlaub f\u00fcr den Geist und die Seele"},"content":{"rendered":"<p>Jede religi\u00f6se St\u00e4tte hat sich ein eigenes, besonderes Angebot ausgedacht. In Arco l\u00e4dt das Kloster \u201eServe di Maria&#8220; dazu ein, den Moment der Klausur zu erleben (Tel. 0464 516128). An der Initiative \u201eDonnerstags im Kloster&#8220; nehmen auch die Abtei in Maguzzano di Lonato (Tel. 030 9130182), das Haus der Combonianer in Limone (Tel. 0365 954091) und der Konvent San Tommaso in Gargnano (Tel. 0365 71104) teil. In dem Konvent besteht vor dem Gebet und der Lectio Divina auch die M\u00f6glichkeit, an einer Yoga-Stunde teilzunehmen.<br \/>Auch im Veroneser Raum bietet sich die M\u00f6glichkeit zu Mu\u00dfe und Einkehr. Die Einsiedelei San Giorgio in Bardolino l\u00e4dt dazu ein, am Leben der M\u00f6nche teilzunehmen (Tel. 045 7211390).<\/p>\n","protected":false},"excerpt":{"rendered":"<p>Seit dem 9. Juli l\u00e4uft auch in diesem Jahr wieder der \u201eDonnerstag im Kloster&#8220;, der von der Tourismus-Pastorale gef\u00f6rdert wird. An allen Donnerstagen im Juli und August bietet sich in verschiedenen religi\u00f6sen St\u00e4tten des Gardasees die M\u00f6glichkeit zu Momenten des Gebets.<\/p>\n","protected":false},"author":1,"featured_media":1065,"comment_status":"open","ping_status":"open","sticky":false,"template":"","format":"standard","meta":[],"categories":[4],"tags":[],"news-destination":[],"news-source":[],"is_homepage":[],"ta_other":[],"featured_media_details":{"width":620,"height":465,"file":"2019\/05\/79bd53316c9b66c2c15e4ec2ed813a22.jpg","sizes":{"thumbnail":{"file":"79bd53316c9b66c2c15e4ec2ed813a22-150x150.jpg","width":150,"height":150,"mime-type":"image\/jpeg","source_url":"https:\/\/www.gardaseezeitung.it\/gardaseezeitung_new\/de\/wp-content\/uploads\/sites\/2\/2019\/05\/79bd53316c9b66c2c15e4ec2ed813a22-150x150.jpg"},"medium":{"file":"79bd53316c9b66c2c15e4ec2ed813a22-300x225.jpg","width":300,"height":225,"mime-type":"image\/jpeg","source_url":"https:\/\/www.gardaseezeitung.it\/gardaseezeitung_new\/de\/wp-content\/uploads\/sites\/2\/2019\/05\/79bd53316c9b66c2c15e4ec2ed813a22-300x225.jpg"},"full":{"file":"79bd53316c9b66c2c15e4ec2ed813a22.jpg","width":620,"height":465,"mime_type":"","source_url":"https:\/\/www.gardaseezeitung.it\/gardaseezeitung_new\/de\/wp-content\/uploads\/sites\/2\/2019\/05\/79bd53316c9b66c2c15e4ec2ed813a22.jpg"}},"image_meta":{"aperture":"0","credit":"","camera":"","caption":"","created_timestamp":"0","copyright":"","focal_length":"0","iso":"0","shutter_speed":"0","title":"","orientation":"0","keywords":[]}},"_links":{"self":[{"href":"https:\/\/www.gardaseezeitung.it\/gardaseezeitung_new\/de\/wp-json\/wp\/v2\/posts\/1064"}],"collection":[{"href":"https:\/\/www.gardaseezeitung.it\/gardaseezeitung_new\/de\/wp-json\/wp\/v2\/posts"}],"about":[{"href":"https:\/\/www.gardaseezeitung.it\/gardaseezeitung_new\/de\/wp-json\/wp\/v2\/types\/post"}],"author":[{"embeddable":true,"href":"https:\/\/www.gardaseezeitung.it\/gardaseezeitung_new\/de\/wp-json\/wp\/v2\/users\/1"}],"replies":[{"embeddable":true,"href":"https:\/\/www.gardaseezeitung.it\/gardaseezeitung_new\/de\/wp-json\/wp\/v2\/comments?post=1064"}],"version-history":[{"count":0,"href":"https:\/\/www.gardaseezeitung.it\/gardaseezeitung_new\/de\/wp-json\/wp\/v2\/posts\/1064\/revisions"}],"wp:featuredmedia":[{"embeddable":true,"href":"https:\/\/www.gardaseezeitung.it\/gardaseezeitung_new\/de\/wp-json\/wp\/v2\/media\/1065"}],"wp:attachment":[{"href":"https:\/\/www.gardaseezeitung.it\/gardaseezeitung_new\/de\/wp-json\/wp\/v2\/media?parent=1064"}],"wp:term":[{"taxonomy":"category","embeddable":true,"href":"https:\/\/www.gardaseezeitung.it\/gardaseezeitung_new\/de\/wp-json\/wp\/v2\/categories?post=1064"},{"taxonomy":"post_tag","embeddable":true,"href":"https:\/\/www.gardaseezeitung.it\/gardaseezeitung_new\/de\/wp-json\/wp\/v2\/tags?post=1064"},{"taxonomy":"news-destination","embeddable":true,"href":"https:\/\/www.gardaseezeitung.it\/gardaseezeitung_new\/de\/wp-json\/wp\/v2\/news-destination?post=1064"},{"taxonomy":"news-source","embeddable":true,"href":"https:\/\/www.gardaseezeitung.it\/gardaseezeitung_new\/de\/wp-json\/wp\/v2\/news-source?post=1064"},{"taxonomy":"is_homepage","embeddable":true,"href":"https:\/\/www.gardaseezeitung.it\/gardaseezeitung_new\/de\/wp-json\/wp\/v2\/is_homepage?post=1064"},{"taxonomy":"ta_other","embeddable":true,"href":"https:\/\/www.gardaseezeitung.it\/gardaseezeitung_new\/de\/wp-json\/wp\/v2\/ta_other?post=1064"}],"curies":[{"name":"wp","href":"https:\/\/api.w.org\/{rel}","templated":true}]}}