{"id":10752,"date":"2022-04-27T00:02:10","date_gmt":"2022-04-26T22:02:10","guid":{"rendered":"http:\/\/euwp08.newsmemory.com\/gardaseezeitung_new\/de\/2022\/04\/27\/kriegsgeraet-gefunden-hafen-von-san-nicolo-gesperrt\/"},"modified":"2022-04-28T09:51:38","modified_gmt":"2021-07-02T09:51:38","slug":"kriegsgeraet-gefunden-hafen-von-san-nicolo-gesperrt","status":"publish","type":"post","link":"https:\/\/www.gardaseezeitung.it\/2022\/04\/27\/kriegsgeraet-gefunden-hafen-von-san-nicolo-gesperrt\/","title":{"rendered":"Kriegsger\u00e4t gefunden, Hafen von San Nicol\u00f2 gesperrt"},"content":{"rendered":"<p>&nbsp;<\/p>\n<p>&#8222;Das Gesch\u00fctz &#8211; so die Gemeinde Riva del Garda &#8211; befindet sich in einer Tiefe von 33 Metern, innerhalb des Tauchgebietes. Das Verbot, das bis auf Widerruf gilt, bezieht sich auf das durch die Bojen abgegrenzte Gebiet plus weitere 50 Meter&#8220;. Im Jahr 2017 entdeckte ein Taucherteam der Feuerwehr von Trient bei einem \u00dcbungstauchgang vierzehn Kriegsger\u00e4te, die auf dem Meeresgrund vor Porto San Nicol\u00f2 platziert waren, wiederum in einem speziell f\u00fcr Taucher vorgesehenen Bereich, der dann von Marinetauchern geborgen wurde. Eine weitere R\u00e4umung ist nun geplant.<\/p>\n<p>&nbsp;<\/p>\n","protected":false},"excerpt":{"rendered":"<p>Es wurde das Verbot des Tauchens, der Schifffahrt, der Fischerei und des Badens im Gebiet vor dem Hafen San Nicol\u00f2 festgelegt<\/p>\n","protected":false},"author":9,"featured_media":10751,"comment_status":"open","ping_status":"open","sticky":false,"template":"","format":"standard","meta":[],"categories":[2,3],"tags":[],"news-destination":[],"news-source":[],"is_homepage":[],"ta_other":[],"featured_media_details":{"width":1096,"height":600,"file":"2022\/04\/PortoSanNicolo.jpg","sizes":{"thumbnail":{"file":"PortoSanNicolo-150x150.jpg","width":150,"height":150,"mime-type":"image\/jpeg","source_url":"https:\/\/www.gardaseezeitung.it\/gardaseezeitung_new\/de\/wp-content\/uploads\/sites\/2\/2022\/04\/PortoSanNicolo-150x150.jpg"},"medium":{"file":"PortoSanNicolo-300x164.jpg","width":300,"height":164,"mime-type":"image\/jpeg","source_url":"https:\/\/www.gardaseezeitung.it\/gardaseezeitung_new\/de\/wp-content\/uploads\/sites\/2\/2022\/04\/PortoSanNicolo-300x164.jpg"},"medium_large":{"file":"PortoSanNicolo-768x420.jpg","width":768,"height":420,"mime-type":"image\/jpeg","source_url":"https:\/\/www.gardaseezeitung.it\/gardaseezeitung_new\/de\/wp-content\/uploads\/sites\/2\/2022\/04\/PortoSanNicolo-768x420.jpg"},"large":{"file":"PortoSanNicolo-1024x561.jpg","width":1024,"height":561,"mime-type":"image\/jpeg","source_url":"https:\/\/www.gardaseezeitung.it\/gardaseezeitung_new\/de\/wp-content\/uploads\/sites\/2\/2022\/04\/PortoSanNicolo-1024x561.jpg"},"big_image":{"file":"PortoSanNicolo-750x411.jpg","width":750,"height":411,"mime-type":"image\/jpeg","source_url":"https:\/\/www.gardaseezeitung.it\/gardaseezeitung_new\/de\/wp-content\/uploads\/sites\/2\/2022\/04\/PortoSanNicolo-750x411.jpg"},"guest-author-32":{"file":"PortoSanNicolo-32x32.jpg","width":32,"height":32,"mime-type":"image\/jpeg","source_url":"https:\/\/www.gardaseezeitung.it\/gardaseezeitung_new\/de\/wp-content\/uploads\/sites\/2\/2022\/04\/PortoSanNicolo-32x32.jpg"},"guest-author-50":{"file":"PortoSanNicolo-50x50.jpg","width":50,"height":50,"mime-type":"image\/jpeg","source_url":"https:\/\/www.gardaseezeitung.it\/gardaseezeitung_new\/de\/wp-content\/uploads\/sites\/2\/2022\/04\/PortoSanNicolo-50x50.jpg"},"guest-author-64":{"file":"PortoSanNicolo-64x64.jpg","width":64,"height":64,"mime-type":"image\/jpeg","source_url":"https:\/\/www.gardaseezeitung.it\/gardaseezeitung_new\/de\/wp-content\/uploads\/sites\/2\/2022\/04\/PortoSanNicolo-64x64.jpg"},"guest-author-96":{"file":"PortoSanNicolo-96x96.jpg","width":96,"height":96,"mime-type":"image\/jpeg","source_url":"https:\/\/www.gardaseezeitung.it\/gardaseezeitung_new\/de\/wp-content\/uploads\/sites\/2\/2022\/04\/PortoSanNicolo-96x96.jpg"},"guest-author-128":{"file":"PortoSanNicolo-128x128.jpg","width":128,"height":128,"mime-type":"image\/jpeg","source_url":"https:\/\/www.gardaseezeitung.it\/gardaseezeitung_new\/de\/wp-content\/uploads\/sites\/2\/2022\/04\/PortoSanNicolo-128x128.jpg"},"full":{"file":"PortoSanNicolo.jpg","width":1096,"height":600,"mime_type":"","source_url":"https:\/\/www.gardaseezeitung.it\/gardaseezeitung_new\/de\/wp-content\/uploads\/sites\/2\/2022\/04\/PortoSanNicolo.jpg"}},"image_meta":{"aperture":"0","credit":"","camera":"","caption":"","created_timestamp":"0","copyright":"","focal_length":"0","iso":"0","shutter_speed":"0","title":"","orientation":"1","keywords":[]}},"_links":{"self":[{"href":"https:\/\/www.gardaseezeitung.it\/gardaseezeitung_new\/de\/wp-json\/wp\/v2\/posts\/10752"}],"collection":[{"href":"https:\/\/www.gardaseezeitung.it\/gardaseezeitung_new\/de\/wp-json\/wp\/v2\/posts"}],"about":[{"href":"https:\/\/www.gardaseezeitung.it\/gardaseezeitung_new\/de\/wp-json\/wp\/v2\/types\/post"}],"author":[{"embeddable":true,"href":"https:\/\/www.gardaseezeitung.it\/gardaseezeitung_new\/de\/wp-json\/wp\/v2\/users\/9"}],"replies":[{"embeddable":true,"href":"https:\/\/www.gardaseezeitung.it\/gardaseezeitung_new\/de\/wp-json\/wp\/v2\/comments?post=10752"}],"version-history":[{"count":1,"href":"https:\/\/www.gardaseezeitung.it\/gardaseezeitung_new\/de\/wp-json\/wp\/v2\/posts\/10752\/revisions"}],"predecessor-version":[{"id":10753,"href":"https:\/\/www.gardaseezeitung.it\/gardaseezeitung_new\/de\/wp-json\/wp\/v2\/posts\/10752\/revisions\/10753"}],"wp:featuredmedia":[{"embeddable":true,"href":"https:\/\/www.gardaseezeitung.it\/gardaseezeitung_new\/de\/wp-json\/wp\/v2\/media\/10751"}],"wp:attachment":[{"href":"https:\/\/www.gardaseezeitung.it\/gardaseezeitung_new\/de\/wp-json\/wp\/v2\/media?parent=10752"}],"wp:term":[{"taxonomy":"category","embeddable":true,"href":"https:\/\/www.gardaseezeitung.it\/gardaseezeitung_new\/de\/wp-json\/wp\/v2\/categories?post=10752"},{"taxonomy":"post_tag","embeddable":true,"href":"https:\/\/www.gardaseezeitung.it\/gardaseezeitung_new\/de\/wp-json\/wp\/v2\/tags?post=10752"},{"taxonomy":"news-destination","embeddable":true,"href":"https:\/\/www.gardaseezeitung.it\/gardaseezeitung_new\/de\/wp-json\/wp\/v2\/news-destination?post=10752"},{"taxonomy":"news-source","embeddable":true,"href":"https:\/\/www.gardaseezeitung.it\/gardaseezeitung_new\/de\/wp-json\/wp\/v2\/news-source?post=10752"},{"taxonomy":"is_homepage","embeddable":true,"href":"https:\/\/www.gardaseezeitung.it\/gardaseezeitung_new\/de\/wp-json\/wp\/v2\/is_homepage?post=10752"},{"taxonomy":"ta_other","embeddable":true,"href":"https:\/\/www.gardaseezeitung.it\/gardaseezeitung_new\/de\/wp-json\/wp\/v2\/ta_other?post=10752"}],"curies":[{"name":"wp","href":"https:\/\/api.w.org\/{rel}","templated":true}]}}