{"id":10874,"date":"2022-04-30T00:37:33","date_gmt":"2022-04-29T22:37:33","guid":{"rendered":"http:\/\/euwp08.newsmemory.com\/gardaseezeitung_new\/de\/2022\/04\/30\/camping-im-sommer-der-lago-ist-bereits-ausgebucht\/"},"modified":"2022-04-30T00:37:35","modified_gmt":"2021-07-04T00:37:35","slug":"camping-im-sommer-der-lago-ist-bereits-ausgebucht","status":"publish","type":"post","link":"https:\/\/www.gardaseezeitung.it\/2022\/04\/30\/camping-im-sommer-der-lago-ist-bereits-ausgebucht\/","title":{"rendered":"Camping im Sommer, der Lago ist bereits ausgebucht"},"content":{"rendered":"<p>&nbsp;<\/p>\n<p>Die sonnigen Tage des ersten Osterfestes nach der Pandemie reichten aus, um einen Vorgeschmack auf die n\u00e4chste Saison am Gardasee zu bekommen, die bereits ausverkauft ist. Von den zahlreichen Touristen, die sich f\u00fcr einen Urlaub am See entschieden haben, bevorzugt ein gro\u00dfer Teil Einrichtungen im Freien: Campingpl\u00e4tze und D\u00f6rfer, an denen es im Veroneser Benaco nicht mangelt. Vor allem die Touristen entdecken wieder das Bed\u00fcrfnis nach mehr Kontakt mit der Natur, nach einem Urlaub auf dem Lande. Es gibt ein wachsendes Bewusstsein daf\u00fcr, wie zentral die Umweltfrage ist. Die Bilanz von Ostern und die Prognosen von Juni bis Herbst, die von H-Benchmark f\u00fcr Faita-Federcamping ausgearbeitet wurden, best\u00e4tigen den Boom des Sektors, mit einer echten Ausbeutung in den Strukturen von Garda, die eine durchschnittliche Belegung von etwa 57 Prozent und Spitzenwerte von 86 Prozent am 15. und 16. April, Freitag und Samstag von Ostern, erreicht haben. Bei den Herkunftsnationalit\u00e4ten liegt Deutschland an der Spitze (73,6 Prozent). Mit einigem Abstand folgen Italien (12,5 %) sowie die Schweiz, \u00d6sterreich und die Niederlande mit geringeren Anteilen. Auch die Buchungen f\u00fcr die Sommerferien sind gut. In den Freiluftanlagen sind die Buchungen um 30 Prozent h\u00f6her als im April 2021, mit t\u00e4glichen Belegungsspitzen von 85 Prozent und 98 Prozent f\u00fcr Pfingsten bzw. die zweite Augusth\u00e4lfte und Anfang September. Die beliebtesten G\u00e4ste sind nach wie vor die Deutschen (60,4 Prozent), die die Monate Juni und September bevorzugen. Es folgen Touristen aus den Niederlanden, die vor allem f\u00fcr die Hauptreisezeit im Juli und August gebucht haben (21,3 Prozent), aus D\u00e4nemark (8,4), dem \u00fcbrigen Italien (3,4), \u00d6sterreich (2,5), der Schweiz (2,1) und Belgien (1,7). Mit dem N\u00e4herr\u00fccken der Termine wird das Resort nahezu ausverkauft sein, und es ist wahrscheinlich, dass die Zahl der Vorbestellungen \u00fcberschritten wird &#8211; ein Grund mehr, fr\u00fchzeitig zu buchen.<\/p>\n<p>&nbsp;<\/p>\n","protected":false},"excerpt":{"rendered":"<p>Spitzenpr\u00e4senzen am Gardasee und Boom der Buchungen aus Deutschland<\/p>\n","protected":false},"author":9,"featured_media":10873,"comment_status":"open","ping_status":"open","sticky":false,"template":"","format":"standard","meta":[],"categories":[2,4,6,3],"tags":[2669,2676,2671,2677,23,26,2674],"news-destination":[],"news-source":[],"is_homepage":[],"ta_other":[],"featured_media_details":{"width":1400,"height":820,"file":"2022\/04\/1400060804482.jpeg","sizes":{"thumbnail":{"file":"1400060804482-150x150.jpeg","width":150,"height":150,"mime-type":"image\/jpeg","source_url":"https:\/\/www.gardaseezeitung.it\/gardaseezeitung_new\/de\/wp-content\/uploads\/sites\/2\/2022\/04\/1400060804482-150x150.jpeg"},"medium":{"file":"1400060804482-300x176.jpeg","width":300,"height":176,"mime-type":"image\/jpeg","source_url":"https:\/\/www.gardaseezeitung.it\/gardaseezeitung_new\/de\/wp-content\/uploads\/sites\/2\/2022\/04\/1400060804482-300x176.jpeg"},"medium_large":{"file":"1400060804482-768x450.jpeg","width":768,"height":450,"mime-type":"image\/jpeg","source_url":"https:\/\/www.gardaseezeitung.it\/gardaseezeitung_new\/de\/wp-content\/uploads\/sites\/2\/2022\/04\/1400060804482-768x450.jpeg"},"large":{"file":"1400060804482-1024x600.jpeg","width":1024,"height":600,"mime-type":"image\/jpeg","source_url":"https:\/\/www.gardaseezeitung.it\/gardaseezeitung_new\/de\/wp-content\/uploads\/sites\/2\/2022\/04\/1400060804482-1024x600.jpeg"},"big_image":{"file":"1400060804482-750x439.jpeg","width":750,"height":439,"mime-type":"image\/jpeg","source_url":"https:\/\/www.gardaseezeitung.it\/gardaseezeitung_new\/de\/wp-content\/uploads\/sites\/2\/2022\/04\/1400060804482-750x439.jpeg"},"guest-author-32":{"file":"1400060804482-32x32.jpeg","width":32,"height":32,"mime-type":"image\/jpeg","source_url":"https:\/\/www.gardaseezeitung.it\/gardaseezeitung_new\/de\/wp-content\/uploads\/sites\/2\/2022\/04\/1400060804482-32x32.jpeg"},"guest-author-50":{"file":"1400060804482-50x50.jpeg","width":50,"height":50,"mime-type":"image\/jpeg","source_url":"https:\/\/www.gardaseezeitung.it\/gardaseezeitung_new\/de\/wp-content\/uploads\/sites\/2\/2022\/04\/1400060804482-50x50.jpeg"},"guest-author-64":{"file":"1400060804482-64x64.jpeg","width":64,"height":64,"mime-type":"image\/jpeg","source_url":"https:\/\/www.gardaseezeitung.it\/gardaseezeitung_new\/de\/wp-content\/uploads\/sites\/2\/2022\/04\/1400060804482-64x64.jpeg"},"guest-author-96":{"file":"1400060804482-96x96.jpeg","width":96,"height":96,"mime-type":"image\/jpeg","source_url":"https:\/\/www.gardaseezeitung.it\/gardaseezeitung_new\/de\/wp-content\/uploads\/sites\/2\/2022\/04\/1400060804482-96x96.jpeg"},"guest-author-128":{"file":"1400060804482-128x128.jpeg","width":128,"height":128,"mime-type":"image\/jpeg","source_url":"https:\/\/www.gardaseezeitung.it\/gardaseezeitung_new\/de\/wp-content\/uploads\/sites\/2\/2022\/04\/1400060804482-128x128.jpeg"},"full":{"file":"1400060804482.jpeg","width":1400,"height":820,"mime_type":"","source_url":"https:\/\/www.gardaseezeitung.it\/gardaseezeitung_new\/de\/wp-content\/uploads\/sites\/2\/2022\/04\/1400060804482.jpeg"}},"image_meta":{"aperture":"0","credit":"","camera":"","caption":"","created_timestamp":"0","copyright":"","focal_length":"0","iso":"0","shutter_speed":"0","title":"","orientation":"1","keywords":[]}},"_links":{"self":[{"href":"https:\/\/www.gardaseezeitung.it\/gardaseezeitung_new\/de\/wp-json\/wp\/v2\/posts\/10874"}],"collection":[{"href":"https:\/\/www.gardaseezeitung.it\/gardaseezeitung_new\/de\/wp-json\/wp\/v2\/posts"}],"about":[{"href":"https:\/\/www.gardaseezeitung.it\/gardaseezeitung_new\/de\/wp-json\/wp\/v2\/types\/post"}],"author":[{"embeddable":true,"href":"https:\/\/www.gardaseezeitung.it\/gardaseezeitung_new\/de\/wp-json\/wp\/v2\/users\/9"}],"replies":[{"embeddable":true,"href":"https:\/\/www.gardaseezeitung.it\/gardaseezeitung_new\/de\/wp-json\/wp\/v2\/comments?post=10874"}],"version-history":[{"count":1,"href":"https:\/\/www.gardaseezeitung.it\/gardaseezeitung_new\/de\/wp-json\/wp\/v2\/posts\/10874\/revisions"}],"predecessor-version":[{"id":10875,"href":"https:\/\/www.gardaseezeitung.it\/gardaseezeitung_new\/de\/wp-json\/wp\/v2\/posts\/10874\/revisions\/10875"}],"wp:featuredmedia":[{"embeddable":true,"href":"https:\/\/www.gardaseezeitung.it\/gardaseezeitung_new\/de\/wp-json\/wp\/v2\/media\/10873"}],"wp:attachment":[{"href":"https:\/\/www.gardaseezeitung.it\/gardaseezeitung_new\/de\/wp-json\/wp\/v2\/media?parent=10874"}],"wp:term":[{"taxonomy":"category","embeddable":true,"href":"https:\/\/www.gardaseezeitung.it\/gardaseezeitung_new\/de\/wp-json\/wp\/v2\/categories?post=10874"},{"taxonomy":"post_tag","embeddable":true,"href":"https:\/\/www.gardaseezeitung.it\/gardaseezeitung_new\/de\/wp-json\/wp\/v2\/tags?post=10874"},{"taxonomy":"news-destination","embeddable":true,"href":"https:\/\/www.gardaseezeitung.it\/gardaseezeitung_new\/de\/wp-json\/wp\/v2\/news-destination?post=10874"},{"taxonomy":"news-source","embeddable":true,"href":"https:\/\/www.gardaseezeitung.it\/gardaseezeitung_new\/de\/wp-json\/wp\/v2\/news-source?post=10874"},{"taxonomy":"is_homepage","embeddable":true,"href":"https:\/\/www.gardaseezeitung.it\/gardaseezeitung_new\/de\/wp-json\/wp\/v2\/is_homepage?post=10874"},{"taxonomy":"ta_other","embeddable":true,"href":"https:\/\/www.gardaseezeitung.it\/gardaseezeitung_new\/de\/wp-json\/wp\/v2\/ta_other?post=10874"}],"curies":[{"name":"wp","href":"https:\/\/api.w.org\/{rel}","templated":true}]}}