{"id":10885,"date":"2022-05-01T10:38:40","date_gmt":"2022-05-01T08:38:40","guid":{"rendered":"http:\/\/euwp08.newsmemory.com\/gardaseezeitung_new\/de\/2022\/05\/01\/von-masken-zu-reisen-aendert-sich-von-heute-italien\/"},"modified":"2022-05-01T10:39:07","modified_gmt":"2021-07-05T10:39:07","slug":"von-masken-zu-reisen-aendert-sich-von-heute-italien","status":"publish","type":"post","link":"https:\/\/www.gardaseezeitung.it\/2022\/05\/01\/von-masken-zu-reisen-aendert-sich-von-heute-italien\/","title":{"rendered":"Von Masken zu Reisen, was \u00e4ndert sich von heute in Italien"},"content":{"rendered":"<p>&nbsp;<\/p>\n<p>Mit dem ersten Mai verabschieden sich die Italiener vom Gr\u00fcnen Pass, aber die Pflicht, in vielen Innenr\u00e4umen Masken zu tragen, bleibt zumindest bis zum 15. Juni in Kraft. An anderen Stellen wird die Verwendung von Schutzmitteln &#8222;empfohlen&#8220;. Bis zum 15. Juni muss die Ffp2 im \u00f6ffentlichen Nah- und Fernverkehr, in Kinos, Theatern, Live-Musik- und Unterhaltungslokalen sowie bei allen Sportveranstaltungen und Wettk\u00e4mpfen in Geb\u00e4uden getragen werden. Masken werden auch von den Bisch\u00f6fen f\u00fcr Messen und Gottesdienste empfohlen. In den neuen Verordnungen wird auch empfohlen, dass Schutzausr\u00fcstungen bei Menschenansammlungen, z. B. in Gesch\u00e4ften oder Einkaufszentren, stets verf\u00fcgbar und einsatzbereit sein sollten.<\/p>\n<p>Mit dem ersten Mai wird der Gr\u00fcne Pass au\u00dfer Kraft gesetzt, allerdings nur f\u00fcr Italiener. Die Bestimmungen f\u00fcr Einreisende aus dem Ausland, die den Gr\u00fcnen Pass oder einen Schnellpuffer ben\u00f6tigen, wurden n\u00e4mlich bis zum 31. Mai verl\u00e4ngert.<\/p>\n<p>Masken in Stadien ade, aber nicht in Arenen. Sie sind bis zum 15. Juni in Kinos, Theatern, Unterhaltungseinrichtungen und Live-Musiklokalen vorgeschrieben. Auch in Gesch\u00e4ften und Einkaufszentren, aber auch bei allen Open-Air-Veranstaltungen wird es keine Masken geben.<\/p>\n","protected":false},"excerpt":{"rendered":"<p>Mit dem ersten Mai verabschieden sich die Italiener vom Gr\u00fcnen Pass, aber die Pflicht, in vielen Innenr\u00e4umen Masken zu tragen, bleibt zumindest bis zum 15. Juni in Kraft<\/p>\n","protected":false},"author":9,"featured_media":5552,"comment_status":"open","ping_status":"open","sticky":false,"template":"","format":"standard","meta":[],"categories":[2,4,6,3],"tags":[23,26,1091,117,2682],"news-destination":[],"news-source":[],"is_homepage":[],"ta_other":[],"featured_media_details":{"width":794,"height":424,"file":"2020\/10\/8x5-mascherina-e1589379540716-794x496.jpeg","sizes":{"thumbnail":{"file":"8x5-mascherina-e1589379540716-794x496-150x150.jpeg","width":150,"height":150,"mime-type":"image\/jpeg","source_url":"https:\/\/www.gardaseezeitung.it\/gardaseezeitung_new\/de\/wp-content\/uploads\/sites\/2\/2020\/10\/8x5-mascherina-e1589379540716-794x496-150x150.jpeg"},"medium":{"file":"8x5-mascherina-e1589379540716-794x496-300x160.jpeg","width":300,"height":160,"mime-type":"image\/jpeg","source_url":"https:\/\/www.gardaseezeitung.it\/gardaseezeitung_new\/de\/wp-content\/uploads\/sites\/2\/2020\/10\/8x5-mascherina-e1589379540716-794x496-300x160.jpeg"},"medium_large":{"file":"8x5-mascherina-e1589379540716-794x496-768x410.jpeg","width":768,"height":410,"mime-type":"image\/jpeg","source_url":"https:\/\/www.gardaseezeitung.it\/gardaseezeitung_new\/de\/wp-content\/uploads\/sites\/2\/2020\/10\/8x5-mascherina-e1589379540716-794x496-768x410.jpeg"},"big_image":{"file":"8x5-mascherina-e1589379540716-794x496-750x401.jpeg","width":750,"height":401,"mime-type":"image\/jpeg","source_url":"https:\/\/www.gardaseezeitung.it\/gardaseezeitung_new\/de\/wp-content\/uploads\/sites\/2\/2020\/10\/8x5-mascherina-e1589379540716-794x496-750x401.jpeg"},"guest-author-32":{"file":"8x5-mascherina-e1589379540716-794x496-32x32.jpeg","width":32,"height":32,"mime-type":"image\/jpeg","source_url":"https:\/\/www.gardaseezeitung.it\/gardaseezeitung_new\/de\/wp-content\/uploads\/sites\/2\/2020\/10\/8x5-mascherina-e1589379540716-794x496-32x32.jpeg"},"guest-author-50":{"file":"8x5-mascherina-e1589379540716-794x496-50x50.jpeg","width":50,"height":50,"mime-type":"image\/jpeg","source_url":"https:\/\/www.gardaseezeitung.it\/gardaseezeitung_new\/de\/wp-content\/uploads\/sites\/2\/2020\/10\/8x5-mascherina-e1589379540716-794x496-50x50.jpeg"},"guest-author-64":{"file":"8x5-mascherina-e1589379540716-794x496-64x64.jpeg","width":64,"height":64,"mime-type":"image\/jpeg","source_url":"https:\/\/www.gardaseezeitung.it\/gardaseezeitung_new\/de\/wp-content\/uploads\/sites\/2\/2020\/10\/8x5-mascherina-e1589379540716-794x496-64x64.jpeg"},"guest-author-96":{"file":"8x5-mascherina-e1589379540716-794x496-96x96.jpeg","width":96,"height":96,"mime-type":"image\/jpeg","source_url":"https:\/\/www.gardaseezeitung.it\/gardaseezeitung_new\/de\/wp-content\/uploads\/sites\/2\/2020\/10\/8x5-mascherina-e1589379540716-794x496-96x96.jpeg"},"guest-author-128":{"file":"8x5-mascherina-e1589379540716-794x496-128x128.jpeg","width":128,"height":128,"mime-type":"image\/jpeg","source_url":"https:\/\/www.gardaseezeitung.it\/gardaseezeitung_new\/de\/wp-content\/uploads\/sites\/2\/2020\/10\/8x5-mascherina-e1589379540716-794x496-128x128.jpeg"},"full":{"file":"8x5-mascherina-e1589379540716-794x496.jpeg","width":794,"height":424,"mime_type":"","source_url":"https:\/\/www.gardaseezeitung.it\/gardaseezeitung_new\/de\/wp-content\/uploads\/sites\/2\/2020\/10\/8x5-mascherina-e1589379540716-794x496.jpeg"}},"image_meta":{"aperture":"0","credit":"","camera":"","caption":"","created_timestamp":"0","copyright":"","focal_length":"0","iso":"0","shutter_speed":"0","title":"","orientation":"1","keywords":[]}},"_links":{"self":[{"href":"https:\/\/www.gardaseezeitung.it\/gardaseezeitung_new\/de\/wp-json\/wp\/v2\/posts\/10885"}],"collection":[{"href":"https:\/\/www.gardaseezeitung.it\/gardaseezeitung_new\/de\/wp-json\/wp\/v2\/posts"}],"about":[{"href":"https:\/\/www.gardaseezeitung.it\/gardaseezeitung_new\/de\/wp-json\/wp\/v2\/types\/post"}],"author":[{"embeddable":true,"href":"https:\/\/www.gardaseezeitung.it\/gardaseezeitung_new\/de\/wp-json\/wp\/v2\/users\/9"}],"replies":[{"embeddable":true,"href":"https:\/\/www.gardaseezeitung.it\/gardaseezeitung_new\/de\/wp-json\/wp\/v2\/comments?post=10885"}],"version-history":[{"count":1,"href":"https:\/\/www.gardaseezeitung.it\/gardaseezeitung_new\/de\/wp-json\/wp\/v2\/posts\/10885\/revisions"}],"predecessor-version":[{"id":10886,"href":"https:\/\/www.gardaseezeitung.it\/gardaseezeitung_new\/de\/wp-json\/wp\/v2\/posts\/10885\/revisions\/10886"}],"wp:featuredmedia":[{"embeddable":true,"href":"https:\/\/www.gardaseezeitung.it\/gardaseezeitung_new\/de\/wp-json\/wp\/v2\/media\/5552"}],"wp:attachment":[{"href":"https:\/\/www.gardaseezeitung.it\/gardaseezeitung_new\/de\/wp-json\/wp\/v2\/media?parent=10885"}],"wp:term":[{"taxonomy":"category","embeddable":true,"href":"https:\/\/www.gardaseezeitung.it\/gardaseezeitung_new\/de\/wp-json\/wp\/v2\/categories?post=10885"},{"taxonomy":"post_tag","embeddable":true,"href":"https:\/\/www.gardaseezeitung.it\/gardaseezeitung_new\/de\/wp-json\/wp\/v2\/tags?post=10885"},{"taxonomy":"news-destination","embeddable":true,"href":"https:\/\/www.gardaseezeitung.it\/gardaseezeitung_new\/de\/wp-json\/wp\/v2\/news-destination?post=10885"},{"taxonomy":"news-source","embeddable":true,"href":"https:\/\/www.gardaseezeitung.it\/gardaseezeitung_new\/de\/wp-json\/wp\/v2\/news-source?post=10885"},{"taxonomy":"is_homepage","embeddable":true,"href":"https:\/\/www.gardaseezeitung.it\/gardaseezeitung_new\/de\/wp-json\/wp\/v2\/is_homepage?post=10885"},{"taxonomy":"ta_other","embeddable":true,"href":"https:\/\/www.gardaseezeitung.it\/gardaseezeitung_new\/de\/wp-json\/wp\/v2\/ta_other?post=10885"}],"curies":[{"name":"wp","href":"https:\/\/api.w.org\/{rel}","templated":true}]}}