{"id":10887,"date":"2022-05-02T10:24:59","date_gmt":"2022-05-02T08:24:59","guid":{"rendered":"http:\/\/euwp08.newsmemory.com\/gardaseezeitung_new\/de\/2022\/05\/02\/lefay-resort-gardasee-zum-siebten-mal-bestes-spa-ziel-europa\/"},"modified":"2022-05-02T10:26:23","modified_gmt":"2021-07-06T10:26:23","slug":"lefay-resort-gardasee-zum-siebten-mal-bestes-spa-ziel-europa","status":"publish","type":"post","link":"https:\/\/www.gardaseezeitung.it\/2022\/05\/02\/lefay-resort-gardasee-zum-siebten-mal-bestes-spa-ziel-europa\/","title":{"rendered":"Lefay Resort am Gardasee, zum siebten Mal bestes Spa-Ziel in Europa"},"content":{"rendered":"<p>&nbsp;<\/p>\n<p>Zum siebten Mal wurde das Lefay Resort &amp; Spa Lago di Garda, das Ultra-Luxus-Resort in Gargnano, als &#8222;Best Spa Destination&#8220; in Europa ausgezeichnet. Die Auszeichnung, die zu den zahlreichen Preisen hinzukommt, die das Resort bereits erhalten hat (u.a. die Auszeichnung als beste Wellness-Destination der Welt), wurde vor wenigen Tagen in Wien bei der Preisverleihung des European\u00a0Health &amp; Spa Awards \u00fcberreicht. In Sal\u00f2 wartet man derweil auf die Er\u00f6ffnung des neuen 5-Sterne-Hotels, das voraussichtlich Ende des Sommers er\u00f6ffnet wird und dem bekannten Touristenort am Westufer neuen Glanz verleihen wird, eine weitere Unterkunftsm\u00f6glichkeit in der Region, die seine Berufung zum h\u00f6chsten Niveau best\u00e4tigt.<\/p>\n","protected":false},"excerpt":{"rendered":"<p>Die Auszeichnung wurde in Wien im Rahmen der Verleihung der European Health &amp; Spa Awards verliehen<\/p>\n","protected":false},"author":9,"featured_media":9179,"comment_status":"open","ping_status":"open","sticky":false,"template":"","format":"standard","meta":[],"categories":[2,6,3],"tags":[],"news-destination":[],"news-source":[],"is_homepage":[],"ta_other":[],"featured_media_details":{"width":1390,"height":952,"file":"2021\/12\/Screenshot-2021-12-21-at-01.20.50.png","sizes":{"thumbnail":{"file":"Screenshot-2021-12-21-at-01.20.50-150x150.png","width":150,"height":150,"mime-type":"image\/png","source_url":"https:\/\/www.gardaseezeitung.it\/gardaseezeitung_new\/de\/wp-content\/uploads\/sites\/2\/2021\/12\/Screenshot-2021-12-21-at-01.20.50-150x150.png"},"medium":{"file":"Screenshot-2021-12-21-at-01.20.50-300x205.png","width":300,"height":205,"mime-type":"image\/png","source_url":"https:\/\/www.gardaseezeitung.it\/gardaseezeitung_new\/de\/wp-content\/uploads\/sites\/2\/2021\/12\/Screenshot-2021-12-21-at-01.20.50-300x205.png"},"medium_large":{"file":"Screenshot-2021-12-21-at-01.20.50-768x526.png","width":768,"height":526,"mime-type":"image\/png","source_url":"https:\/\/www.gardaseezeitung.it\/gardaseezeitung_new\/de\/wp-content\/uploads\/sites\/2\/2021\/12\/Screenshot-2021-12-21-at-01.20.50-768x526.png"},"large":{"file":"Screenshot-2021-12-21-at-01.20.50-1024x701.png","width":1024,"height":701,"mime-type":"image\/png","source_url":"https:\/\/www.gardaseezeitung.it\/gardaseezeitung_new\/de\/wp-content\/uploads\/sites\/2\/2021\/12\/Screenshot-2021-12-21-at-01.20.50-1024x701.png"},"big_image":{"file":"Screenshot-2021-12-21-at-01.20.50-750x514.png","width":750,"height":514,"mime-type":"image\/png","source_url":"https:\/\/www.gardaseezeitung.it\/gardaseezeitung_new\/de\/wp-content\/uploads\/sites\/2\/2021\/12\/Screenshot-2021-12-21-at-01.20.50-750x514.png"},"guest-author-32":{"file":"Screenshot-2021-12-21-at-01.20.50-32x32.png","width":32,"height":32,"mime-type":"image\/png","source_url":"https:\/\/www.gardaseezeitung.it\/gardaseezeitung_new\/de\/wp-content\/uploads\/sites\/2\/2021\/12\/Screenshot-2021-12-21-at-01.20.50-32x32.png"},"guest-author-50":{"file":"Screenshot-2021-12-21-at-01.20.50-50x50.png","width":50,"height":50,"mime-type":"image\/png","source_url":"https:\/\/www.gardaseezeitung.it\/gardaseezeitung_new\/de\/wp-content\/uploads\/sites\/2\/2021\/12\/Screenshot-2021-12-21-at-01.20.50-50x50.png"},"guest-author-64":{"file":"Screenshot-2021-12-21-at-01.20.50-64x64.png","width":64,"height":64,"mime-type":"image\/png","source_url":"https:\/\/www.gardaseezeitung.it\/gardaseezeitung_new\/de\/wp-content\/uploads\/sites\/2\/2021\/12\/Screenshot-2021-12-21-at-01.20.50-64x64.png"},"guest-author-96":{"file":"Screenshot-2021-12-21-at-01.20.50-96x96.png","width":96,"height":96,"mime-type":"image\/png","source_url":"https:\/\/www.gardaseezeitung.it\/gardaseezeitung_new\/de\/wp-content\/uploads\/sites\/2\/2021\/12\/Screenshot-2021-12-21-at-01.20.50-96x96.png"},"guest-author-128":{"file":"Screenshot-2021-12-21-at-01.20.50-128x128.png","width":128,"height":128,"mime-type":"image\/png","source_url":"https:\/\/www.gardaseezeitung.it\/gardaseezeitung_new\/de\/wp-content\/uploads\/sites\/2\/2021\/12\/Screenshot-2021-12-21-at-01.20.50-128x128.png"},"full":{"file":"Screenshot-2021-12-21-at-01.20.50.png","width":1390,"height":952,"mime_type":"","source_url":"https:\/\/www.gardaseezeitung.it\/gardaseezeitung_new\/de\/wp-content\/uploads\/sites\/2\/2021\/12\/Screenshot-2021-12-21-at-01.20.50.png"}},"image_meta":{"aperture":"0","credit":"","camera":"","caption":"","created_timestamp":"0","copyright":"","focal_length":"0","iso":"0","shutter_speed":"0","title":"","orientation":"0","keywords":[]}},"_links":{"self":[{"href":"https:\/\/www.gardaseezeitung.it\/gardaseezeitung_new\/de\/wp-json\/wp\/v2\/posts\/10887"}],"collection":[{"href":"https:\/\/www.gardaseezeitung.it\/gardaseezeitung_new\/de\/wp-json\/wp\/v2\/posts"}],"about":[{"href":"https:\/\/www.gardaseezeitung.it\/gardaseezeitung_new\/de\/wp-json\/wp\/v2\/types\/post"}],"author":[{"embeddable":true,"href":"https:\/\/www.gardaseezeitung.it\/gardaseezeitung_new\/de\/wp-json\/wp\/v2\/users\/9"}],"replies":[{"embeddable":true,"href":"https:\/\/www.gardaseezeitung.it\/gardaseezeitung_new\/de\/wp-json\/wp\/v2\/comments?post=10887"}],"version-history":[{"count":1,"href":"https:\/\/www.gardaseezeitung.it\/gardaseezeitung_new\/de\/wp-json\/wp\/v2\/posts\/10887\/revisions"}],"predecessor-version":[{"id":10888,"href":"https:\/\/www.gardaseezeitung.it\/gardaseezeitung_new\/de\/wp-json\/wp\/v2\/posts\/10887\/revisions\/10888"}],"wp:featuredmedia":[{"embeddable":true,"href":"https:\/\/www.gardaseezeitung.it\/gardaseezeitung_new\/de\/wp-json\/wp\/v2\/media\/9179"}],"wp:attachment":[{"href":"https:\/\/www.gardaseezeitung.it\/gardaseezeitung_new\/de\/wp-json\/wp\/v2\/media?parent=10887"}],"wp:term":[{"taxonomy":"category","embeddable":true,"href":"https:\/\/www.gardaseezeitung.it\/gardaseezeitung_new\/de\/wp-json\/wp\/v2\/categories?post=10887"},{"taxonomy":"post_tag","embeddable":true,"href":"https:\/\/www.gardaseezeitung.it\/gardaseezeitung_new\/de\/wp-json\/wp\/v2\/tags?post=10887"},{"taxonomy":"news-destination","embeddable":true,"href":"https:\/\/www.gardaseezeitung.it\/gardaseezeitung_new\/de\/wp-json\/wp\/v2\/news-destination?post=10887"},{"taxonomy":"news-source","embeddable":true,"href":"https:\/\/www.gardaseezeitung.it\/gardaseezeitung_new\/de\/wp-json\/wp\/v2\/news-source?post=10887"},{"taxonomy":"is_homepage","embeddable":true,"href":"https:\/\/www.gardaseezeitung.it\/gardaseezeitung_new\/de\/wp-json\/wp\/v2\/is_homepage?post=10887"},{"taxonomy":"ta_other","embeddable":true,"href":"https:\/\/www.gardaseezeitung.it\/gardaseezeitung_new\/de\/wp-json\/wp\/v2\/ta_other?post=10887"}],"curies":[{"name":"wp","href":"https:\/\/api.w.org\/{rel}","templated":true}]}}