{"id":10902,"date":"2022-05-05T16:24:06","date_gmt":"2022-05-05T14:24:06","guid":{"rendered":"http:\/\/euwp08.newsmemory.com\/gardaseezeitung_new\/de\/2022\/05\/05\/passirano-ein-monat-der-initiativen-der-im-mai-den-bienen-gewidmet-ist\/"},"modified":"2022-05-05T16:25:18","modified_gmt":"2021-07-09T16:25:18","slug":"passirano-ein-monat-der-initiativen-der-im-mai-den-bienen-gewidmet-ist","status":"publish","type":"post","link":"https:\/\/www.gardaseezeitung.it\/2022\/05\/05\/passirano-ein-monat-der-initiativen-der-im-mai-den-bienen-gewidmet-ist\/","title":{"rendered":"Passirano, ein Monat der Initiativen, der im Mai den Bienen gewidmet ist"},"content":{"rendered":"<p>&nbsp;<\/p>\n<p>In der Gemeinde, die nur einen Katzensprung vom Gardasee entfernt liegt, gibt es zahlreiche Initiativen, die in dieser Woche beginnen und den ganzen Monat Mai andauern. Zu beachten:Am Donnerstag, den 19. Mai, von 9.00 bis 12.00 Uhr, anl\u00e4sslich des Weltbienentags, &#8222;Save the bees&#8220;: B\u00fccher, Informationsstand, Verteilung von bienenfreundlichem Saatgut und Pflanzen an die B\u00fcrger des Dekalogs, um den Bienen zu helfen, mit einem kostenlosen Angebot im Stadtpark am 9. Mai.Samstag, 21. Mai, ab 14.30 Uhr: &#8222;BimbInBici, alla scoperta delle api lungo le vie ciclabili di Passirano&#8220; (Entdeckung der Bienen entlang der Radwege von Passirano), Fahrrad- und Pedalfahrt, offen f\u00fcr Kinder, Familien und die gesamte B\u00fcrgerschaft, auf der Suche nach den Bienen, mit der Pr\u00e4sentation der Arbeiten einiger Klassen der \u00f6rtlichen Grundschule und der Einweihung des von den Kindern angelegten Blumenbeets.<\/p>\n<p>&nbsp;<\/p>\n","protected":false},"excerpt":{"rendered":"<p>Passirano ist eine bienenfreundliche Gemeinde<\/p>\n","protected":false},"author":9,"featured_media":10901,"comment_status":"open","ping_status":"open","sticky":false,"template":"","format":"standard","meta":[],"categories":[4,6],"tags":[2686,2687,23,1330,2688],"news-destination":[],"news-source":[],"is_homepage":[],"ta_other":[],"featured_media_details":{"width":753,"height":570,"file":"2022\/05\/APE.jpg","sizes":{"thumbnail":{"file":"APE-150x150.jpg","width":150,"height":150,"mime-type":"image\/jpeg","source_url":"https:\/\/www.gardaseezeitung.it\/gardaseezeitung_new\/de\/wp-content\/uploads\/sites\/2\/2022\/05\/APE-150x150.jpg"},"medium":{"file":"APE-300x227.jpg","width":300,"height":227,"mime-type":"image\/jpeg","source_url":"https:\/\/www.gardaseezeitung.it\/gardaseezeitung_new\/de\/wp-content\/uploads\/sites\/2\/2022\/05\/APE-300x227.jpg"},"big_image":{"file":"APE-750x568.jpg","width":750,"height":568,"mime-type":"image\/jpeg","source_url":"https:\/\/www.gardaseezeitung.it\/gardaseezeitung_new\/de\/wp-content\/uploads\/sites\/2\/2022\/05\/APE-750x568.jpg"},"guest-author-32":{"file":"APE-32x32.jpg","width":32,"height":32,"mime-type":"image\/jpeg","source_url":"https:\/\/www.gardaseezeitung.it\/gardaseezeitung_new\/de\/wp-content\/uploads\/sites\/2\/2022\/05\/APE-32x32.jpg"},"guest-author-50":{"file":"APE-50x50.jpg","width":50,"height":50,"mime-type":"image\/jpeg","source_url":"https:\/\/www.gardaseezeitung.it\/gardaseezeitung_new\/de\/wp-content\/uploads\/sites\/2\/2022\/05\/APE-50x50.jpg"},"guest-author-64":{"file":"APE-64x64.jpg","width":64,"height":64,"mime-type":"image\/jpeg","source_url":"https:\/\/www.gardaseezeitung.it\/gardaseezeitung_new\/de\/wp-content\/uploads\/sites\/2\/2022\/05\/APE-64x64.jpg"},"guest-author-96":{"file":"APE-96x96.jpg","width":96,"height":96,"mime-type":"image\/jpeg","source_url":"https:\/\/www.gardaseezeitung.it\/gardaseezeitung_new\/de\/wp-content\/uploads\/sites\/2\/2022\/05\/APE-96x96.jpg"},"guest-author-128":{"file":"APE-128x128.jpg","width":128,"height":128,"mime-type":"image\/jpeg","source_url":"https:\/\/www.gardaseezeitung.it\/gardaseezeitung_new\/de\/wp-content\/uploads\/sites\/2\/2022\/05\/APE-128x128.jpg"},"full":{"file":"APE.jpg","width":753,"height":570,"mime_type":"","source_url":"https:\/\/www.gardaseezeitung.it\/gardaseezeitung_new\/de\/wp-content\/uploads\/sites\/2\/2022\/05\/APE.jpg"}},"image_meta":{"aperture":"0","credit":"Getty Images\/iStockphoto","camera":"","caption":"Vector engraving illustration of honey bee on white background","created_timestamp":"0","copyright":"","focal_length":"0","iso":"0","shutter_speed":"0","title":"Vector engraving illustration of honey bee on white background","orientation":"1","keywords":[]}},"_links":{"self":[{"href":"https:\/\/www.gardaseezeitung.it\/gardaseezeitung_new\/de\/wp-json\/wp\/v2\/posts\/10902"}],"collection":[{"href":"https:\/\/www.gardaseezeitung.it\/gardaseezeitung_new\/de\/wp-json\/wp\/v2\/posts"}],"about":[{"href":"https:\/\/www.gardaseezeitung.it\/gardaseezeitung_new\/de\/wp-json\/wp\/v2\/types\/post"}],"author":[{"embeddable":true,"href":"https:\/\/www.gardaseezeitung.it\/gardaseezeitung_new\/de\/wp-json\/wp\/v2\/users\/9"}],"replies":[{"embeddable":true,"href":"https:\/\/www.gardaseezeitung.it\/gardaseezeitung_new\/de\/wp-json\/wp\/v2\/comments?post=10902"}],"version-history":[{"count":2,"href":"https:\/\/www.gardaseezeitung.it\/gardaseezeitung_new\/de\/wp-json\/wp\/v2\/posts\/10902\/revisions"}],"predecessor-version":[{"id":10904,"href":"https:\/\/www.gardaseezeitung.it\/gardaseezeitung_new\/de\/wp-json\/wp\/v2\/posts\/10902\/revisions\/10904"}],"wp:featuredmedia":[{"embeddable":true,"href":"https:\/\/www.gardaseezeitung.it\/gardaseezeitung_new\/de\/wp-json\/wp\/v2\/media\/10901"}],"wp:attachment":[{"href":"https:\/\/www.gardaseezeitung.it\/gardaseezeitung_new\/de\/wp-json\/wp\/v2\/media?parent=10902"}],"wp:term":[{"taxonomy":"category","embeddable":true,"href":"https:\/\/www.gardaseezeitung.it\/gardaseezeitung_new\/de\/wp-json\/wp\/v2\/categories?post=10902"},{"taxonomy":"post_tag","embeddable":true,"href":"https:\/\/www.gardaseezeitung.it\/gardaseezeitung_new\/de\/wp-json\/wp\/v2\/tags?post=10902"},{"taxonomy":"news-destination","embeddable":true,"href":"https:\/\/www.gardaseezeitung.it\/gardaseezeitung_new\/de\/wp-json\/wp\/v2\/news-destination?post=10902"},{"taxonomy":"news-source","embeddable":true,"href":"https:\/\/www.gardaseezeitung.it\/gardaseezeitung_new\/de\/wp-json\/wp\/v2\/news-source?post=10902"},{"taxonomy":"is_homepage","embeddable":true,"href":"https:\/\/www.gardaseezeitung.it\/gardaseezeitung_new\/de\/wp-json\/wp\/v2\/is_homepage?post=10902"},{"taxonomy":"ta_other","embeddable":true,"href":"https:\/\/www.gardaseezeitung.it\/gardaseezeitung_new\/de\/wp-json\/wp\/v2\/ta_other?post=10902"}],"curies":[{"name":"wp","href":"https:\/\/api.w.org\/{rel}","templated":true}]}}