{"id":10908,"date":"2022-05-05T19:05:24","date_gmt":"2022-05-05T17:05:24","guid":{"rendered":"http:\/\/euwp08.newsmemory.com\/gardaseezeitung_new\/de\/2022\/05\/05\/ein-3-300-jahre-altes-schwert-taucht-auf-dem-monte-baldo-wieder-auf\/"},"modified":"2022-05-06T09:47:42","modified_gmt":"2021-07-10T09:47:42","slug":"ein-3-300-jahre-altes-schwert-taucht-auf-dem-monte-baldo-wieder-auf","status":"publish","type":"post","link":"https:\/\/www.gardaseezeitung.it\/2022\/05\/05\/ein-3-300-jahre-altes-schwert-taucht-auf-dem-monte-baldo-wieder-auf\/","title":{"rendered":"Ein 3.300 Jahre altes Schwert taucht auf dem Monte Baldo wieder auf"},"content":{"rendered":"<p>&nbsp;<\/p>\n<p>Es lag Jahrtausende lang unterhalb des Bergr\u00fcckens des Monte Baldo in 1.360 Metern H\u00f6he vergraben, bis ein Veroneser im vergangenen Jahr bei einer Wanderung darauf stie\u00df: Es handelt sich um ein antikes Schwert aus der Bronzezeit. Morgen werden in Avio alle Einzelheiten dieses au\u00dfergew\u00f6hnlichen Fundes bei einer von der Aufsichtsbeh\u00f6rde organisierten \u00f6ffentlichen Veranstaltung im Auditorium des Palazzo Brasavola im Zentrum von Avio um 17 Uhr bekannt gegeben: &#8222;Der Berg und die Vorgeschichte&#8220;. Das bronzezeitliche Schwert vom Monte Baldo&#8220;. Das Schwert stammt aus der sp\u00e4ten Bronzezeit, etwa zwischen 1350 und 1000 v. Chr. Sie besteht aus einer Kupfer-Zinn-Legierung und ist intakt. Es fehlt nur der Griff, der wahrscheinlich aus verderblichem Material besteht, aber die Nieten zur Befestigung sind noch vorhanden. Das Schwert ist au\u00dferdem genau auf der H\u00f6he des Griffs gebogen: Es k\u00f6nnte eine Votivgabe gewesen sein. Das Schwert wird die st\u00e4ndige Sammlung des Antiquariums von Avio bereichern, das im Vikariatspalast untergebracht ist.<\/p>\n<p>&nbsp;<\/p>\n","protected":false},"excerpt":{"rendered":"<p>Fast zuf\u00e4llig entdeckt, wird es morgen in Avio vorgestellt<\/p>\n","protected":false},"author":9,"featured_media":10913,"comment_status":"open","ping_status":"open","sticky":false,"template":"","format":"standard","meta":[],"categories":[2,4,6],"tags":[1867,23,26,2690,2691,38],"news-destination":[],"news-source":[],"is_homepage":[],"ta_other":[],"featured_media_details":{"width":750,"height":430,"file":"2022\/05\/spada-baldo-ok-750x430.jpg","sizes":{"thumbnail":{"file":"spada-baldo-ok-750x430-150x150.jpg","width":150,"height":150,"mime-type":"image\/jpeg","source_url":"https:\/\/www.gardaseezeitung.it\/gardaseezeitung_new\/de\/wp-content\/uploads\/sites\/2\/2022\/05\/spada-baldo-ok-750x430-150x150.jpg"},"medium":{"file":"spada-baldo-ok-750x430-300x172.jpg","width":300,"height":172,"mime-type":"image\/jpeg","source_url":"https:\/\/www.gardaseezeitung.it\/gardaseezeitung_new\/de\/wp-content\/uploads\/sites\/2\/2022\/05\/spada-baldo-ok-750x430-300x172.jpg"},"big_image":{"file":"spada-baldo-ok-750x430-750x430.jpg","width":750,"height":430,"mime-type":"image\/jpeg","source_url":"https:\/\/www.gardaseezeitung.it\/gardaseezeitung_new\/de\/wp-content\/uploads\/sites\/2\/2022\/05\/spada-baldo-ok-750x430-750x430.jpg"},"guest-author-32":{"file":"spada-baldo-ok-750x430-32x32.jpg","width":32,"height":32,"mime-type":"image\/jpeg","source_url":"https:\/\/www.gardaseezeitung.it\/gardaseezeitung_new\/de\/wp-content\/uploads\/sites\/2\/2022\/05\/spada-baldo-ok-750x430-32x32.jpg"},"guest-author-50":{"file":"spada-baldo-ok-750x430-50x50.jpg","width":50,"height":50,"mime-type":"image\/jpeg","source_url":"https:\/\/www.gardaseezeitung.it\/gardaseezeitung_new\/de\/wp-content\/uploads\/sites\/2\/2022\/05\/spada-baldo-ok-750x430-50x50.jpg"},"guest-author-64":{"file":"spada-baldo-ok-750x430-64x64.jpg","width":64,"height":64,"mime-type":"image\/jpeg","source_url":"https:\/\/www.gardaseezeitung.it\/gardaseezeitung_new\/de\/wp-content\/uploads\/sites\/2\/2022\/05\/spada-baldo-ok-750x430-64x64.jpg"},"guest-author-96":{"file":"spada-baldo-ok-750x430-96x96.jpg","width":96,"height":96,"mime-type":"image\/jpeg","source_url":"https:\/\/www.gardaseezeitung.it\/gardaseezeitung_new\/de\/wp-content\/uploads\/sites\/2\/2022\/05\/spada-baldo-ok-750x430-96x96.jpg"},"guest-author-128":{"file":"spada-baldo-ok-750x430-128x128.jpg","width":128,"height":128,"mime-type":"image\/jpeg","source_url":"https:\/\/www.gardaseezeitung.it\/gardaseezeitung_new\/de\/wp-content\/uploads\/sites\/2\/2022\/05\/spada-baldo-ok-750x430-128x128.jpg"},"full":{"file":"spada-baldo-ok-750x430.jpg","width":750,"height":430,"mime_type":"","source_url":"https:\/\/www.gardaseezeitung.it\/gardaseezeitung_new\/de\/wp-content\/uploads\/sites\/2\/2022\/05\/spada-baldo-ok-750x430.jpg"}},"image_meta":{"aperture":"0","credit":"","camera":"","caption":"","created_timestamp":"0","copyright":"","focal_length":"0","iso":"0","shutter_speed":"0","title":"","orientation":"0","keywords":[]}},"_links":{"self":[{"href":"https:\/\/www.gardaseezeitung.it\/gardaseezeitung_new\/de\/wp-json\/wp\/v2\/posts\/10908"}],"collection":[{"href":"https:\/\/www.gardaseezeitung.it\/gardaseezeitung_new\/de\/wp-json\/wp\/v2\/posts"}],"about":[{"href":"https:\/\/www.gardaseezeitung.it\/gardaseezeitung_new\/de\/wp-json\/wp\/v2\/types\/post"}],"author":[{"embeddable":true,"href":"https:\/\/www.gardaseezeitung.it\/gardaseezeitung_new\/de\/wp-json\/wp\/v2\/users\/9"}],"replies":[{"embeddable":true,"href":"https:\/\/www.gardaseezeitung.it\/gardaseezeitung_new\/de\/wp-json\/wp\/v2\/comments?post=10908"}],"version-history":[{"count":1,"href":"https:\/\/www.gardaseezeitung.it\/gardaseezeitung_new\/de\/wp-json\/wp\/v2\/posts\/10908\/revisions"}],"predecessor-version":[{"id":10909,"href":"https:\/\/www.gardaseezeitung.it\/gardaseezeitung_new\/de\/wp-json\/wp\/v2\/posts\/10908\/revisions\/10909"}],"wp:featuredmedia":[{"embeddable":true,"href":"https:\/\/www.gardaseezeitung.it\/gardaseezeitung_new\/de\/wp-json\/wp\/v2\/media\/10913"}],"wp:attachment":[{"href":"https:\/\/www.gardaseezeitung.it\/gardaseezeitung_new\/de\/wp-json\/wp\/v2\/media?parent=10908"}],"wp:term":[{"taxonomy":"category","embeddable":true,"href":"https:\/\/www.gardaseezeitung.it\/gardaseezeitung_new\/de\/wp-json\/wp\/v2\/categories?post=10908"},{"taxonomy":"post_tag","embeddable":true,"href":"https:\/\/www.gardaseezeitung.it\/gardaseezeitung_new\/de\/wp-json\/wp\/v2\/tags?post=10908"},{"taxonomy":"news-destination","embeddable":true,"href":"https:\/\/www.gardaseezeitung.it\/gardaseezeitung_new\/de\/wp-json\/wp\/v2\/news-destination?post=10908"},{"taxonomy":"news-source","embeddable":true,"href":"https:\/\/www.gardaseezeitung.it\/gardaseezeitung_new\/de\/wp-json\/wp\/v2\/news-source?post=10908"},{"taxonomy":"is_homepage","embeddable":true,"href":"https:\/\/www.gardaseezeitung.it\/gardaseezeitung_new\/de\/wp-json\/wp\/v2\/is_homepage?post=10908"},{"taxonomy":"ta_other","embeddable":true,"href":"https:\/\/www.gardaseezeitung.it\/gardaseezeitung_new\/de\/wp-json\/wp\/v2\/ta_other?post=10908"}],"curies":[{"name":"wp","href":"https:\/\/api.w.org\/{rel}","templated":true}]}}