{"id":110,"date":"2014-02-24T15:38:50","date_gmt":"2014-02-24T15:38:50","guid":{"rendered":"http:\/\/euwp08.newsmemory.com\/gardaseezeitung_new\/de\/2014\/02\/24\/18-internationaler-weinwettbewerb-findet-kurz-vor-vinitaly-statt\/"},"modified":"2019-05-28T15:47:33","modified_gmt":"2019-05-28T15:47:33","slug":"18-internationaler-weinwettbewerb-findet-kurz-vor-vinitaly-statt","status":"publish","type":"post","link":"https:\/\/www.gardaseezeitung.it\/2014\/02\/24\/18-internationaler-weinwettbewerb-findet-kurz-vor-vinitaly-statt\/","title":{"rendered":"18. Internationaler Weinwettbewerb findet kurz vor Vinitaly statt"},"content":{"rendered":"","protected":false},"excerpt":{"rendered":"<p>Verona ist ohne Zweifel eines der Zentren der italienischen Weinherstellung. Auf dem Provinzgebiet befinden sich zahlreiche Winzerbetriebe hohen Levels und einige der bekanntesten Anbaugebiete Italiens. Zu den renommierten Weinherstellenden Betrieben z\u00e4hlen unter anderem Cantina Zeni in Bardolino, I Scriani in Fumane, Monte Zovo in Caprino Veronese und Villa Mosconi Bertani a Novare\/Arbizzano di Negrar.Verona ist aber auch Sitz einer der wichtigsten Veranstaltungen, die in der Weinbranche organisiert werden: die Weinmesse Vinitaly. Noch bevor Vinitaly beginnt (in diesem Jahr vom 6. bis zum 9. April), findet jedes Jahr einer der renommiertesten \u00f6nologischen Wettbewerbe der Welt statt. Im Laufe dieses Weinwettbewerbs heben sich die Veroneser Winzer in der Regel hervor und werden mit den verschiedensten Auszeichnungen pr\u00e4miert.Die Veroneser Winzerbetriebe stehen bereits in den Startl\u00f6chern und haben sich gut auf den 21. internationalen Weinwettbewerb von Vinitaly vorbereitet. Der Wettbewerb findet in diesem Jahr vom 26. bis zum 30. M\u00e4rz statt \u2013 also, wie bereits erw\u00e4hnt, kurz vor der internationalen Weinmesse. Das Datum f\u00fcr den Wettbewerb kommt nicht von ungef\u00e4hr. In Bezug auf das Marketing ist die Wahl des Datums geradezu ideal: die im Laufe des Wettbewerbs ausgezeichneten Weinbetriebe k\u00f6nnen so ihre Produkte pr\u00e4sentieren und die erhaltenen Auszeichnungen vorweisen.Der Weinwettbewerb dient als Zugpferd f\u00fcr das Image der ausgezeichneten Betriebe, doch ist er auch eine Garantie f\u00fcr die internationalen Buyer: die Qualit\u00e4t noch recht unbekannter neuer Weine wird so best\u00e4tigt. Zu verdanken ist dies auch der Jury. Ihre Mitglieder werden jedes Jahr vom Messeveranstalter Veronafiere ausgew\u00e4hlt. Die Jury setzt sich aus \u00d6nologen internationalen Levels und Journalisten der wichtigsten Weinzeitschriften der f\u00fcnf Kontinente zusammen. Streng und rigoros geht es bei der Bewertung der Weine zu. Kein anderer Wettbewerb \u2013 auch auf internationalem Level \u2013 hat im Laufe der Jahre diese Charakteristiken beibehalten und keinen anderen Wettbewerb gibt es so lange wie den der Vinitaly.Wie sehr der Weinwettbewerb unter den Herstellern gesch\u00e4tzt wird, daf\u00fcr sprechen die Zahlen. Bei seiner letzten Ausgabe wurden rund dreitausend Weine aus 22 L\u00e4ndern pr\u00e4sentiert. F\u00fcr die Hersteller ist der Wettbewerb eine Gelegenheit, die Qualit\u00e4t ihrer Weine zu testen und gleichzeitig Verbesserungsvorschl\u00e4ge zu erhalten. Der Grund: die Hersteller k\u00f6nnen die anonymen Bewertungsunterlagen ihrer Weine beantragen.Die Weine werden von 21 Kommissionen bewertet. Insgesamt sind 105 Schiedsrichter am Werk. Sie f\u00fcllen 16.000 Bewertungskarten aus. Rund 18.000 Gl\u00e4ser werden f\u00fcr die Weinproben ben\u00f6tigt.Vor der Vinitaly ist aber noch ein weiterer Wettbewerb vorgesehen. Am 14. M\u00e4rz findet der Internationale Packaging-Wettbewerb statt, und dies bereits zum 18. Mal. Ausgezeichnet werden die Betriebe, die nicht nur gute Weine produzieren, sondern es auch verstehen, diese durch das Image zu charakterisieren. Beurteilt werden die Hersteller in diesem Fall von acht Schiedsrichtern. Sie werden unter Designern, Werbeexperten, \u00d6nologen und Fachjournalisten ausgew\u00e4hlt.<\/p>\n","protected":false},"author":1,"featured_media":111,"comment_status":"open","ping_status":"open","sticky":false,"template":"","format":"standard","meta":[],"categories":[2],"tags":[],"news-destination":[],"news-source":[],"is_homepage":[],"ta_other":[],"featured_media_details":{"width":1024,"height":682,"file":"2019\/05\/e61768ff0be6ae66a15786a5261c0829.jpg","sizes":{"thumbnail":{"file":"e61768ff0be6ae66a15786a5261c0829-150x150.jpg","width":150,"height":150,"mime-type":"image\/jpeg","source_url":"https:\/\/www.gardaseezeitung.it\/gardaseezeitung_new\/de\/wp-content\/uploads\/sites\/2\/2019\/05\/e61768ff0be6ae66a15786a5261c0829-150x150.jpg"},"medium":{"file":"e61768ff0be6ae66a15786a5261c0829-300x200.jpg","width":300,"height":200,"mime-type":"image\/jpeg","source_url":"https:\/\/www.gardaseezeitung.it\/gardaseezeitung_new\/de\/wp-content\/uploads\/sites\/2\/2019\/05\/e61768ff0be6ae66a15786a5261c0829-300x200.jpg"},"medium_large":{"file":"e61768ff0be6ae66a15786a5261c0829-768x512.jpg","width":768,"height":512,"mime-type":"image\/jpeg","source_url":"https:\/\/www.gardaseezeitung.it\/gardaseezeitung_new\/de\/wp-content\/uploads\/sites\/2\/2019\/05\/e61768ff0be6ae66a15786a5261c0829-768x512.jpg"},"large":{"file":"e61768ff0be6ae66a15786a5261c0829-1024x682.jpg","width":1024,"height":682,"mime-type":"image\/jpeg","source_url":"https:\/\/www.gardaseezeitung.it\/gardaseezeitung_new\/de\/wp-content\/uploads\/sites\/2\/2019\/05\/e61768ff0be6ae66a15786a5261c0829-1024x682.jpg"},"big_image":{"file":"e61768ff0be6ae66a15786a5261c0829-750x500.jpg","width":750,"height":500,"mime-type":"image\/jpeg","source_url":"https:\/\/www.gardaseezeitung.it\/gardaseezeitung_new\/de\/wp-content\/uploads\/sites\/2\/2019\/05\/e61768ff0be6ae66a15786a5261c0829-750x500.jpg"},"full":{"file":"e61768ff0be6ae66a15786a5261c0829.jpg","width":1024,"height":682,"mime_type":"","source_url":"https:\/\/www.gardaseezeitung.it\/gardaseezeitung_new\/de\/wp-content\/uploads\/sites\/2\/2019\/05\/e61768ff0be6ae66a15786a5261c0829.jpg"}},"image_meta":{"aperture":"0","credit":"","camera":"","caption":"","created_timestamp":"0","copyright":"","focal_length":"0","iso":"0","shutter_speed":"0","title":"","orientation":"0","keywords":[]}},"_links":{"self":[{"href":"https:\/\/www.gardaseezeitung.it\/gardaseezeitung_new\/de\/wp-json\/wp\/v2\/posts\/110"}],"collection":[{"href":"https:\/\/www.gardaseezeitung.it\/gardaseezeitung_new\/de\/wp-json\/wp\/v2\/posts"}],"about":[{"href":"https:\/\/www.gardaseezeitung.it\/gardaseezeitung_new\/de\/wp-json\/wp\/v2\/types\/post"}],"author":[{"embeddable":true,"href":"https:\/\/www.gardaseezeitung.it\/gardaseezeitung_new\/de\/wp-json\/wp\/v2\/users\/1"}],"replies":[{"embeddable":true,"href":"https:\/\/www.gardaseezeitung.it\/gardaseezeitung_new\/de\/wp-json\/wp\/v2\/comments?post=110"}],"version-history":[{"count":0,"href":"https:\/\/www.gardaseezeitung.it\/gardaseezeitung_new\/de\/wp-json\/wp\/v2\/posts\/110\/revisions"}],"wp:featuredmedia":[{"embeddable":true,"href":"https:\/\/www.gardaseezeitung.it\/gardaseezeitung_new\/de\/wp-json\/wp\/v2\/media\/111"}],"wp:attachment":[{"href":"https:\/\/www.gardaseezeitung.it\/gardaseezeitung_new\/de\/wp-json\/wp\/v2\/media?parent=110"}],"wp:term":[{"taxonomy":"category","embeddable":true,"href":"https:\/\/www.gardaseezeitung.it\/gardaseezeitung_new\/de\/wp-json\/wp\/v2\/categories?post=110"},{"taxonomy":"post_tag","embeddable":true,"href":"https:\/\/www.gardaseezeitung.it\/gardaseezeitung_new\/de\/wp-json\/wp\/v2\/tags?post=110"},{"taxonomy":"news-destination","embeddable":true,"href":"https:\/\/www.gardaseezeitung.it\/gardaseezeitung_new\/de\/wp-json\/wp\/v2\/news-destination?post=110"},{"taxonomy":"news-source","embeddable":true,"href":"https:\/\/www.gardaseezeitung.it\/gardaseezeitung_new\/de\/wp-json\/wp\/v2\/news-source?post=110"},{"taxonomy":"is_homepage","embeddable":true,"href":"https:\/\/www.gardaseezeitung.it\/gardaseezeitung_new\/de\/wp-json\/wp\/v2\/is_homepage?post=110"},{"taxonomy":"ta_other","embeddable":true,"href":"https:\/\/www.gardaseezeitung.it\/gardaseezeitung_new\/de\/wp-json\/wp\/v2\/ta_other?post=110"}],"curies":[{"name":"wp","href":"https:\/\/api.w.org\/{rel}","templated":true}]}}