{"id":1104,"date":"2016-02-04T10:55:39","date_gmt":"2016-02-04T10:55:39","guid":{"rendered":"http:\/\/euwp08.newsmemory.com\/gardaseezeitung_new\/de\/2016\/02\/04\/bussolengo-ladt-zur-305-san-valentino-messe\/"},"modified":"2019-05-28T20:44:35","modified_gmt":"2019-05-28T20:44:35","slug":"bussolengo-ladt-zur-305-san-valentino-messe","status":"publish","type":"post","link":"https:\/\/www.gardaseezeitung.it\/2016\/02\/04\/bussolengo-ladt-zur-305-san-valentino-messe\/","title":{"rendered":"Bussolengo l\u00e4dt zur 305. San Valentino-Messe"},"content":{"rendered":"<p style=\"text-align: justify\"><span style=\"text-align: justify\">B\u00fcrgermeisterin Maria Paola Boscaini hebt die Bedeutung der Messe hervor, die als Landwirtschaftsmesse ihren Ursprung hatte.&nbsp;<\/span>In den letzten Jahren, so Boscaini, habe sich der Schwerpunkt der Messe auf den Schutzheiligen der Verliebten verschoben, und so konzentriere man sich auf das Thema der Liebe, ohne dabei jedoch den Ursprung der Messe in Vergessenheit geraten zu lassen. An die landwirtschaftlichen Aspekte erinnere man heute noch mit den didaktischen Bauernh\u00f6fen und der \u201eSatteltaufe&#8220; im Gebiet Foro Boario.<\/p>\n<p style=\"text-align: justify\">Einen gro\u00dfen Erfolg h\u00e4tte in den letzten zwei Jahren das gro\u00dfe Blumenherz verzeichnet, das vom Unternehmen Flover geschaffen wurde. In diesem Jahr werde man den Balkon Julias hinzuf\u00fcgen, so die B\u00fcrgermeisterin. Von besonderer Bedeutung seien auch die Konzerte klassischer Musik und sehenswert sei die noch recht unbekannte Villa Spinola, die in diesem Jahr den gastronomischen Wettbewerben offensteht. Im Folgenden einige Programmpunkte der Messe: bereits seit dem 6. Februar ist der Jahrmarkt ge\u00f6ffnet. Die San Valentino-Messe wird am 12. Februar mit einer Warenmesse er\u00f6ffnet. An den Abenden der Messetage stehen im Festzelt Shows und Konzerte auf dem Programm. Der traditionelle Tiermarkt ist f\u00fcr den 14. Februar vorgesehen.<br \/>Die offizielle Pr\u00e4sentation der Messe findet am 14. Februar um 10.30 Uhr im Beisein von Vertretern der Stadt und Delegationen der Partnerst\u00e4dte Nieder-Olm, Roquemore, Numana und San Sperate statt. Auf dem Programm stehen unter anderem auch ein Torten-Wettbewerb, die Vorwahl der Miss Lago di Garda und ein Masken-Wettbewerb. Wer mehr \u00fcber die Kirchen des Ortes erfahren m\u00f6chte, der sollte am 13., 14., 20. oder 21. Februar zwischen 15 und 18 Uhr an den gef\u00fchrten Besichtigungen teilnehmen. Lohnenswert ist aber auch ein Bummel durch die Stra\u00dfen der Stadt, denn hier stellen Betriebe und Unternehmen ihre Produkte aus. Infos: www.comune.bussolengo.vr.it.<\/p>\n","protected":false},"excerpt":{"rendered":"<p>In Bussolengo feiert man noch bis zum 21. Februar die San Valentino-Messe. Diese Messe ist etwas ganz Besonderes, denn sie wird bereits zum 305. Mal organisiert.&nbsp;<\/p>\n","protected":false},"author":1,"featured_media":1105,"comment_status":"open","ping_status":"open","sticky":false,"template":"","format":"standard","meta":[],"categories":[4],"tags":[],"news-destination":[],"news-source":[],"is_homepage":[],"ta_other":[],"featured_media_details":{"width":1024,"height":680,"file":"2019\/05\/3aa725399418be2d95284012a2578c1f.jpg","sizes":{"thumbnail":{"file":"3aa725399418be2d95284012a2578c1f-150x150.jpg","width":150,"height":150,"mime-type":"image\/jpeg","source_url":"https:\/\/www.gardaseezeitung.it\/gardaseezeitung_new\/de\/wp-content\/uploads\/sites\/2\/2019\/05\/3aa725399418be2d95284012a2578c1f-150x150.jpg"},"medium":{"file":"3aa725399418be2d95284012a2578c1f-300x199.jpg","width":300,"height":199,"mime-type":"image\/jpeg","source_url":"https:\/\/www.gardaseezeitung.it\/gardaseezeitung_new\/de\/wp-content\/uploads\/sites\/2\/2019\/05\/3aa725399418be2d95284012a2578c1f-300x199.jpg"},"medium_large":{"file":"3aa725399418be2d95284012a2578c1f-768x510.jpg","width":768,"height":510,"mime-type":"image\/jpeg","source_url":"https:\/\/www.gardaseezeitung.it\/gardaseezeitung_new\/de\/wp-content\/uploads\/sites\/2\/2019\/05\/3aa725399418be2d95284012a2578c1f-768x510.jpg"},"large":{"file":"3aa725399418be2d95284012a2578c1f-1024x680.jpg","width":1024,"height":680,"mime-type":"image\/jpeg","source_url":"https:\/\/www.gardaseezeitung.it\/gardaseezeitung_new\/de\/wp-content\/uploads\/sites\/2\/2019\/05\/3aa725399418be2d95284012a2578c1f-1024x680.jpg"},"big_image":{"file":"3aa725399418be2d95284012a2578c1f-750x498.jpg","width":750,"height":498,"mime-type":"image\/jpeg","source_url":"https:\/\/www.gardaseezeitung.it\/gardaseezeitung_new\/de\/wp-content\/uploads\/sites\/2\/2019\/05\/3aa725399418be2d95284012a2578c1f-750x498.jpg"},"full":{"file":"3aa725399418be2d95284012a2578c1f.jpg","width":1024,"height":680,"mime_type":"","source_url":"https:\/\/www.gardaseezeitung.it\/gardaseezeitung_new\/de\/wp-content\/uploads\/sites\/2\/2019\/05\/3aa725399418be2d95284012a2578c1f.jpg"}},"image_meta":{"aperture":"0","credit":"","camera":"","caption":"","created_timestamp":"0","copyright":"","focal_length":"0","iso":"0","shutter_speed":"0","title":"","orientation":"0","keywords":[]}},"_links":{"self":[{"href":"https:\/\/www.gardaseezeitung.it\/gardaseezeitung_new\/de\/wp-json\/wp\/v2\/posts\/1104"}],"collection":[{"href":"https:\/\/www.gardaseezeitung.it\/gardaseezeitung_new\/de\/wp-json\/wp\/v2\/posts"}],"about":[{"href":"https:\/\/www.gardaseezeitung.it\/gardaseezeitung_new\/de\/wp-json\/wp\/v2\/types\/post"}],"author":[{"embeddable":true,"href":"https:\/\/www.gardaseezeitung.it\/gardaseezeitung_new\/de\/wp-json\/wp\/v2\/users\/1"}],"replies":[{"embeddable":true,"href":"https:\/\/www.gardaseezeitung.it\/gardaseezeitung_new\/de\/wp-json\/wp\/v2\/comments?post=1104"}],"version-history":[{"count":0,"href":"https:\/\/www.gardaseezeitung.it\/gardaseezeitung_new\/de\/wp-json\/wp\/v2\/posts\/1104\/revisions"}],"wp:featuredmedia":[{"embeddable":true,"href":"https:\/\/www.gardaseezeitung.it\/gardaseezeitung_new\/de\/wp-json\/wp\/v2\/media\/1105"}],"wp:attachment":[{"href":"https:\/\/www.gardaseezeitung.it\/gardaseezeitung_new\/de\/wp-json\/wp\/v2\/media?parent=1104"}],"wp:term":[{"taxonomy":"category","embeddable":true,"href":"https:\/\/www.gardaseezeitung.it\/gardaseezeitung_new\/de\/wp-json\/wp\/v2\/categories?post=1104"},{"taxonomy":"post_tag","embeddable":true,"href":"https:\/\/www.gardaseezeitung.it\/gardaseezeitung_new\/de\/wp-json\/wp\/v2\/tags?post=1104"},{"taxonomy":"news-destination","embeddable":true,"href":"https:\/\/www.gardaseezeitung.it\/gardaseezeitung_new\/de\/wp-json\/wp\/v2\/news-destination?post=1104"},{"taxonomy":"news-source","embeddable":true,"href":"https:\/\/www.gardaseezeitung.it\/gardaseezeitung_new\/de\/wp-json\/wp\/v2\/news-source?post=1104"},{"taxonomy":"is_homepage","embeddable":true,"href":"https:\/\/www.gardaseezeitung.it\/gardaseezeitung_new\/de\/wp-json\/wp\/v2\/is_homepage?post=1104"},{"taxonomy":"ta_other","embeddable":true,"href":"https:\/\/www.gardaseezeitung.it\/gardaseezeitung_new\/de\/wp-json\/wp\/v2\/ta_other?post=1104"}],"curies":[{"name":"wp","href":"https:\/\/api.w.org\/{rel}","templated":true}]}}