{"id":1112,"date":"2016-03-21T18:33:17","date_gmt":"2016-03-21T18:33:17","guid":{"rendered":"http:\/\/euwp08.newsmemory.com\/gardaseezeitung_new\/de\/2016\/03\/21\/parco-natura-viva-eine-weltreise-mit-250-tierarten\/"},"modified":"2019-05-28T20:44:35","modified_gmt":"2019-05-28T20:44:35","slug":"parco-natura-viva-eine-weltreise-mit-250-tierarten","status":"publish","type":"post","link":"https:\/\/www.gardaseezeitung.it\/2016\/03\/21\/parco-natura-viva-eine-weltreise-mit-250-tierarten\/","title":{"rendered":"Parco Natura Viva: eine Weltreise mit 250 Tierarten"},"content":{"rendered":"<p style=\"text-align: justify\">Von M\u00e4rz bis Januar bietet sich den gro\u00dfen und kleinen Besuchern des Parks die M\u00f6glichkeit, die Artenvielfalt der f\u00fcnf Kontinente zu erkunden und die charakteristischsten Tiere zu bewundern.&nbsp;Die Monate vor dem warmen Sommer kennzeichnen sich durch Initiativen im Freien, die f\u00fcr die Jahreszeit typisch sind: nachdem mit der Geburt einer kleinen graugr\u00fcnen Meerkatze der M\u00e4rz er\u00f6ffnet wurde, ist der April dem Kampf der Tierwilderei gewidmet. Die Wilderei ist weitaus weiter verbreitet, als viele annehmen und diese illegale T\u00e4tigkeit z\u00e4hlt zu den gr\u00f6\u00dften Ursachen f\u00fcr den R\u00fcckgang der Artenvielfalt auf der Welt. Im Mai geht es dann weiter mit \u201eauf den Fl\u00fcgeln der Fantasie&#8220; und einem Monat weiter, der der Entdeckung der verschiedenen Tierarten unseres Planeten gewidmet ist \u2013 Tiere, die f\u00fcr uns alle ein gro\u00dfer Schatz sind. Es folgt der Monat Juni, der den W\u00fcsten gewidmet ist. Gemeinsam mit den Mitarbeitern des Parks bietet sich die Gelegenheit, die Tiere n\u00e4her kennen zu lernen, die bei extremen Bedingungen in einer der unglaublichsten W\u00fcsten unseres Planten leben.<br \/>Weitere detaillierte Informationen zu den Events sind online unter www.parconaturaviva.it erh\u00e4ltlich.<\/p>\n","protected":false},"excerpt":{"rendered":"<p>Der Parco Natura Viva ist ein gro\u00dfer zoologischer Garten auf dem Gemeindegebiet von Bussolengo, zwischen Verona und dem Gardasee. Er erstreckt sich \u00fcber 42 Hektar bewaldeter gr\u00fcner Fl\u00e4che der Mor\u00e4nenh\u00fcgel. In dem Park leben 1.500 Tiere, die insgesamt 250 verschiedenen Tierarten angeh\u00f6ren.<\/p>\n","protected":false},"author":1,"featured_media":1113,"comment_status":"open","ping_status":"open","sticky":false,"template":"","format":"standard","meta":[],"categories":[4],"tags":[],"news-destination":[],"news-source":[],"is_homepage":[],"ta_other":[],"featured_media_details":{"width":1024,"height":683,"file":"2019\/05\/da103666b2a2345cbb0b758b97e4d83d.jpg","sizes":{"thumbnail":{"file":"da103666b2a2345cbb0b758b97e4d83d-150x150.jpg","width":150,"height":150,"mime-type":"image\/jpeg","source_url":"https:\/\/www.gardaseezeitung.it\/gardaseezeitung_new\/de\/wp-content\/uploads\/sites\/2\/2019\/05\/da103666b2a2345cbb0b758b97e4d83d-150x150.jpg"},"medium":{"file":"da103666b2a2345cbb0b758b97e4d83d-300x200.jpg","width":300,"height":200,"mime-type":"image\/jpeg","source_url":"https:\/\/www.gardaseezeitung.it\/gardaseezeitung_new\/de\/wp-content\/uploads\/sites\/2\/2019\/05\/da103666b2a2345cbb0b758b97e4d83d-300x200.jpg"},"medium_large":{"file":"da103666b2a2345cbb0b758b97e4d83d-768x512.jpg","width":768,"height":512,"mime-type":"image\/jpeg","source_url":"https:\/\/www.gardaseezeitung.it\/gardaseezeitung_new\/de\/wp-content\/uploads\/sites\/2\/2019\/05\/da103666b2a2345cbb0b758b97e4d83d-768x512.jpg"},"large":{"file":"da103666b2a2345cbb0b758b97e4d83d-1024x683.jpg","width":1024,"height":683,"mime-type":"image\/jpeg","source_url":"https:\/\/www.gardaseezeitung.it\/gardaseezeitung_new\/de\/wp-content\/uploads\/sites\/2\/2019\/05\/da103666b2a2345cbb0b758b97e4d83d-1024x683.jpg"},"big_image":{"file":"da103666b2a2345cbb0b758b97e4d83d-750x500.jpg","width":750,"height":500,"mime-type":"image\/jpeg","source_url":"https:\/\/www.gardaseezeitung.it\/gardaseezeitung_new\/de\/wp-content\/uploads\/sites\/2\/2019\/05\/da103666b2a2345cbb0b758b97e4d83d-750x500.jpg"},"full":{"file":"da103666b2a2345cbb0b758b97e4d83d.jpg","width":1024,"height":683,"mime_type":"","source_url":"https:\/\/www.gardaseezeitung.it\/gardaseezeitung_new\/de\/wp-content\/uploads\/sites\/2\/2019\/05\/da103666b2a2345cbb0b758b97e4d83d.jpg"}},"image_meta":{"aperture":"0","credit":"","camera":"","caption":"","created_timestamp":"0","copyright":"","focal_length":"0","iso":"0","shutter_speed":"0","title":"","orientation":"0","keywords":[]}},"_links":{"self":[{"href":"https:\/\/www.gardaseezeitung.it\/gardaseezeitung_new\/de\/wp-json\/wp\/v2\/posts\/1112"}],"collection":[{"href":"https:\/\/www.gardaseezeitung.it\/gardaseezeitung_new\/de\/wp-json\/wp\/v2\/posts"}],"about":[{"href":"https:\/\/www.gardaseezeitung.it\/gardaseezeitung_new\/de\/wp-json\/wp\/v2\/types\/post"}],"author":[{"embeddable":true,"href":"https:\/\/www.gardaseezeitung.it\/gardaseezeitung_new\/de\/wp-json\/wp\/v2\/users\/1"}],"replies":[{"embeddable":true,"href":"https:\/\/www.gardaseezeitung.it\/gardaseezeitung_new\/de\/wp-json\/wp\/v2\/comments?post=1112"}],"version-history":[{"count":0,"href":"https:\/\/www.gardaseezeitung.it\/gardaseezeitung_new\/de\/wp-json\/wp\/v2\/posts\/1112\/revisions"}],"wp:featuredmedia":[{"embeddable":true,"href":"https:\/\/www.gardaseezeitung.it\/gardaseezeitung_new\/de\/wp-json\/wp\/v2\/media\/1113"}],"wp:attachment":[{"href":"https:\/\/www.gardaseezeitung.it\/gardaseezeitung_new\/de\/wp-json\/wp\/v2\/media?parent=1112"}],"wp:term":[{"taxonomy":"category","embeddable":true,"href":"https:\/\/www.gardaseezeitung.it\/gardaseezeitung_new\/de\/wp-json\/wp\/v2\/categories?post=1112"},{"taxonomy":"post_tag","embeddable":true,"href":"https:\/\/www.gardaseezeitung.it\/gardaseezeitung_new\/de\/wp-json\/wp\/v2\/tags?post=1112"},{"taxonomy":"news-destination","embeddable":true,"href":"https:\/\/www.gardaseezeitung.it\/gardaseezeitung_new\/de\/wp-json\/wp\/v2\/news-destination?post=1112"},{"taxonomy":"news-source","embeddable":true,"href":"https:\/\/www.gardaseezeitung.it\/gardaseezeitung_new\/de\/wp-json\/wp\/v2\/news-source?post=1112"},{"taxonomy":"is_homepage","embeddable":true,"href":"https:\/\/www.gardaseezeitung.it\/gardaseezeitung_new\/de\/wp-json\/wp\/v2\/is_homepage?post=1112"},{"taxonomy":"ta_other","embeddable":true,"href":"https:\/\/www.gardaseezeitung.it\/gardaseezeitung_new\/de\/wp-json\/wp\/v2\/ta_other?post=1112"}],"curies":[{"name":"wp","href":"https:\/\/api.w.org\/{rel}","templated":true}]}}