{"id":11400,"date":"2022-05-12T13:23:50","date_gmt":"2022-05-12T11:23:50","guid":{"rendered":"http:\/\/euwp08.newsmemory.com\/gardaseezeitung_new\/de\/2022\/05\/12\/espresso-guide-leveille-bleibt-der-spitze-brescianer-gardasee\/"},"modified":"2022-05-12T13:24:01","modified_gmt":"2021-07-16T13:24:01","slug":"espresso-guide-leveille-bleibt-der-spitze-brescianer-gardasee","status":"publish","type":"post","link":"https:\/\/www.gardaseezeitung.it\/2022\/05\/12\/espresso-guide-leveille-bleibt-der-spitze-brescianer-gardasee\/","title":{"rendered":"Espresso Guide: L\u00e8veill\u00e8 bleibt an der Spitze am Brescianer Gardasee"},"content":{"rendered":"<p>&nbsp;<\/p>\n<p>Der K\u00f6nig, oder besser gesagt le roi, ist Philippe L\u00e8veill\u00e8, Chefkoch des Restaurants Miramonti L&#8217;Altro in Concesio. In der Ausgabe 2022 des Espresso-F\u00fchrers &#8222;Restaurants and Wines of Italy 2022&#8220; wurde er an der Spitze der Provinz Brescia und unter den 14 besten Italiens best\u00e4tigt. Im Vergleich zur letzten Ausgabe hat Andrea Leali, Inhaber der Casa Leali in Puegnago, neben Dina (Gussago) und Gambero (Calvisano) auch die &#8222;Drei Kochm\u00fctzen&#8220; erreicht. Bei den &#8222;Zwei Kochm\u00fctzen&#8220; sind das Senso von Alfio Ghezzi (im Luxusresort Eala di Limone) und das Speranzina in Sirmione neu dabei. Was die Pizzerien betrifft, so geh\u00f6ren zum Trio der besten in Brescia &#8211; laut Espresso &#8211; die Filiale dell&#8217;Albereta in Erbusco, die Cascina dei Sapori in Rezzato und das Inedito in Brescia.<\/p>\n<p><strong>Die im L&#8217;Espresso-F\u00fchrer erw\u00e4hnten Restaurants am Westufer<\/strong><\/p>\n<p>Goldene Kochm\u00fctze (14 in ganz Italien)<br \/>\nMIRAMONTI L&#8217;ALTRO Concesio<\/p>\n<p>5 Kochm\u00fctzen<br \/>\nLIDO 84 Gardone Riviera,\u00a0VILLA FELTRINELLI Gargnano<\/p>\n<p>3 Kochm\u00fctzen<br \/>\nGAMBERO Calvisano,\u00a0DINA Gussago, CASA LEALI Puegnago<\/p>\n<p>2 Kochm\u00fctzen<br \/>\nESPLANADE Desenzano, L&#8217;ALBERETA LEONE FELICE Erbusco, LA TORTUGA Gargnano, HOTEL EALA SENSO ALFIO GHEZZI Limone, CAPRICCIO Manerba, SAUR Orzinuovi, SEDICESIMO SECOLO Orzinuovi, LOCANDA LEON D&#8217;ORO Pralboino, LOCANDA DEL BENACO Sal\u00f2, LA SPERANZINA Sirmione<\/p>\n<p>1 Kochm\u00fctze<br \/>\nGAUDIO Barbariga, CASTELLO MALVEZZI Brescia, LA BOTTEGA DI VITTORIO Brescia, LA PIAZZETTA 2070 Brescia, LANZANI BOTTEGA &amp; BISTROT Brescia, LA MADIA Brione, CARLO MAGNO Collebeato, HOTEL CAPPUCCINI &#8211; SAN FRANCESCO Cologne, DUE COLOMBE Corte Franca, LA LEPRE Desenzano, MOS Desenzano, OSTERIA H2O Moniga, AQUARIVA Padenghe, OSTERIA DELLA VILLETTA Palazzolo, IL COLMETTO Rodengo Saiano, AL MAL\u00d2 Rovato, DUEPUNTOZERO Sal\u00f2, DUO San Felice del Benaco, TANCREDI Sirmione<\/p>\n<p>Andere empfohlene Restaurants<br \/>\nVELENO Brescia, HOTEL FASANO &#8211; IL FAGIANO Gardone Riviera, VILLA GIULIA Gargnano, I PIOPPI Torbole Casaglia, EDEN Brescia, EL LICINS\u00cc Brescia, FILARI DISPARI Brescia, HOSTERIA Brescia, HOTEL NOCE &#8211; CARNE&amp;SPIRITO Brescia, LORENZACCIO Brescia, OFFICINA DEL MARE Brescia, PORTA ANTICA Brescia, TRATTORIA RISTORANTE 19\/60 Brescia<\/p>\n<p>Die besten Pizzerien laut dem Espresso Guide<\/p>\n<p>INEDITO Brescia, LA FILIALE DELL&#8217;ALBERETA Erbusco, LA CASCINA DEI SAPORI Rezzato<\/p>\n<p>&nbsp;<\/p>\n","protected":false},"excerpt":{"rendered":"<p>Hier sind die besten Restaurants am Brescianer Gardasee. Zwei weitere Garda-Exzellenzen auf dem Podium: Villa Feltrinelli (Stefano Baiocco) und Lido 84 (Br\u00fcder Camanini)<\/p>\n","protected":false},"author":9,"featured_media":8450,"comment_status":"open","ping_status":"open","sticky":false,"template":"","format":"standard","meta":[],"categories":[2,4,5,6],"tags":[1716,2713,2714,2715,1717,23,26,2716,1719,1720,1721,2717,2718,2719,2720,1253],"news-destination":[],"news-source":[],"is_homepage":[],"ta_other":[],"featured_media_details":{"width":1200,"height":580,"file":"2021\/11\/Philippe-Leveille.jpeg","sizes":{"thumbnail":{"file":"Philippe-Leveille-150x150.jpeg","width":150,"height":150,"mime-type":"image\/jpeg","source_url":"https:\/\/www.gardaseezeitung.it\/gardaseezeitung_new\/de\/wp-content\/uploads\/sites\/2\/2021\/11\/Philippe-Leveille-150x150.jpeg"},"medium":{"file":"Philippe-Leveille-300x145.jpeg","width":300,"height":145,"mime-type":"image\/jpeg","source_url":"https:\/\/www.gardaseezeitung.it\/gardaseezeitung_new\/de\/wp-content\/uploads\/sites\/2\/2021\/11\/Philippe-Leveille-300x145.jpeg"},"medium_large":{"file":"Philippe-Leveille-768x371.jpeg","width":768,"height":371,"mime-type":"image\/jpeg","source_url":"https:\/\/www.gardaseezeitung.it\/gardaseezeitung_new\/de\/wp-content\/uploads\/sites\/2\/2021\/11\/Philippe-Leveille-768x371.jpeg"},"large":{"file":"Philippe-Leveille-1024x495.jpeg","width":1024,"height":495,"mime-type":"image\/jpeg","source_url":"https:\/\/www.gardaseezeitung.it\/gardaseezeitung_new\/de\/wp-content\/uploads\/sites\/2\/2021\/11\/Philippe-Leveille-1024x495.jpeg"},"big_image":{"file":"Philippe-Leveille-750x363.jpeg","width":750,"height":363,"mime-type":"image\/jpeg","source_url":"https:\/\/www.gardaseezeitung.it\/gardaseezeitung_new\/de\/wp-content\/uploads\/sites\/2\/2021\/11\/Philippe-Leveille-750x363.jpeg"},"guest-author-32":{"file":"Philippe-Leveille-32x32.jpeg","width":32,"height":32,"mime-type":"image\/jpeg","source_url":"https:\/\/www.gardaseezeitung.it\/gardaseezeitung_new\/de\/wp-content\/uploads\/sites\/2\/2021\/11\/Philippe-Leveille-32x32.jpeg"},"guest-author-50":{"file":"Philippe-Leveille-50x50.jpeg","width":50,"height":50,"mime-type":"image\/jpeg","source_url":"https:\/\/www.gardaseezeitung.it\/gardaseezeitung_new\/de\/wp-content\/uploads\/sites\/2\/2021\/11\/Philippe-Leveille-50x50.jpeg"},"guest-author-64":{"file":"Philippe-Leveille-64x64.jpeg","width":64,"height":64,"mime-type":"image\/jpeg","source_url":"https:\/\/www.gardaseezeitung.it\/gardaseezeitung_new\/de\/wp-content\/uploads\/sites\/2\/2021\/11\/Philippe-Leveille-64x64.jpeg"},"guest-author-96":{"file":"Philippe-Leveille-96x96.jpeg","width":96,"height":96,"mime-type":"image\/jpeg","source_url":"https:\/\/www.gardaseezeitung.it\/gardaseezeitung_new\/de\/wp-content\/uploads\/sites\/2\/2021\/11\/Philippe-Leveille-96x96.jpeg"},"guest-author-128":{"file":"Philippe-Leveille-128x128.jpeg","width":128,"height":128,"mime-type":"image\/jpeg","source_url":"https:\/\/www.gardaseezeitung.it\/gardaseezeitung_new\/de\/wp-content\/uploads\/sites\/2\/2021\/11\/Philippe-Leveille-128x128.jpeg"},"full":{"file":"Philippe-Leveille.jpeg","width":1200,"height":580,"mime_type":"","source_url":"https:\/\/www.gardaseezeitung.it\/gardaseezeitung_new\/de\/wp-content\/uploads\/sites\/2\/2021\/11\/Philippe-Leveille.jpeg"}},"image_meta":{"aperture":"0","credit":"","camera":"","caption":"","created_timestamp":"0","copyright":"","focal_length":"0","iso":"0","shutter_speed":"0","title":"","orientation":"1","keywords":[]}},"_links":{"self":[{"href":"https:\/\/www.gardaseezeitung.it\/gardaseezeitung_new\/de\/wp-json\/wp\/v2\/posts\/11400"}],"collection":[{"href":"https:\/\/www.gardaseezeitung.it\/gardaseezeitung_new\/de\/wp-json\/wp\/v2\/posts"}],"about":[{"href":"https:\/\/www.gardaseezeitung.it\/gardaseezeitung_new\/de\/wp-json\/wp\/v2\/types\/post"}],"author":[{"embeddable":true,"href":"https:\/\/www.gardaseezeitung.it\/gardaseezeitung_new\/de\/wp-json\/wp\/v2\/users\/9"}],"replies":[{"embeddable":true,"href":"https:\/\/www.gardaseezeitung.it\/gardaseezeitung_new\/de\/wp-json\/wp\/v2\/comments?post=11400"}],"version-history":[{"count":1,"href":"https:\/\/www.gardaseezeitung.it\/gardaseezeitung_new\/de\/wp-json\/wp\/v2\/posts\/11400\/revisions"}],"predecessor-version":[{"id":11401,"href":"https:\/\/www.gardaseezeitung.it\/gardaseezeitung_new\/de\/wp-json\/wp\/v2\/posts\/11400\/revisions\/11401"}],"wp:featuredmedia":[{"embeddable":true,"href":"https:\/\/www.gardaseezeitung.it\/gardaseezeitung_new\/de\/wp-json\/wp\/v2\/media\/8450"}],"wp:attachment":[{"href":"https:\/\/www.gardaseezeitung.it\/gardaseezeitung_new\/de\/wp-json\/wp\/v2\/media?parent=11400"}],"wp:term":[{"taxonomy":"category","embeddable":true,"href":"https:\/\/www.gardaseezeitung.it\/gardaseezeitung_new\/de\/wp-json\/wp\/v2\/categories?post=11400"},{"taxonomy":"post_tag","embeddable":true,"href":"https:\/\/www.gardaseezeitung.it\/gardaseezeitung_new\/de\/wp-json\/wp\/v2\/tags?post=11400"},{"taxonomy":"news-destination","embeddable":true,"href":"https:\/\/www.gardaseezeitung.it\/gardaseezeitung_new\/de\/wp-json\/wp\/v2\/news-destination?post=11400"},{"taxonomy":"news-source","embeddable":true,"href":"https:\/\/www.gardaseezeitung.it\/gardaseezeitung_new\/de\/wp-json\/wp\/v2\/news-source?post=11400"},{"taxonomy":"is_homepage","embeddable":true,"href":"https:\/\/www.gardaseezeitung.it\/gardaseezeitung_new\/de\/wp-json\/wp\/v2\/is_homepage?post=11400"},{"taxonomy":"ta_other","embeddable":true,"href":"https:\/\/www.gardaseezeitung.it\/gardaseezeitung_new\/de\/wp-json\/wp\/v2\/ta_other?post=11400"}],"curies":[{"name":"wp","href":"https:\/\/api.w.org\/{rel}","templated":true}]}}