{"id":11411,"date":"2022-05-14T12:38:24","date_gmt":"2022-05-14T10:38:24","guid":{"rendered":"http:\/\/euwp08.newsmemory.com\/gardaseezeitung_new\/de\/2022\/05\/14\/musikfestival-von-malcesine-sonntag-15-mai-sauros-band-und-orchester-ottovolante\/"},"modified":"2022-05-14T12:38:29","modified_gmt":"2021-07-18T12:38:29","slug":"musikfestival-von-malcesine-sonntag-15-mai-sauros-band-und-orchester-ottovolante","status":"publish","type":"post","link":"https:\/\/www.gardaseezeitung.it\/2022\/05\/14\/musikfestival-von-malcesine-sonntag-15-mai-sauros-band-und-orchester-ottovolante\/","title":{"rendered":"Musikfestival von Malcesine: Sonntag, 15. Mai Sauro&#8217;s Band und Orchester Ottovolante"},"content":{"rendered":"<p>&nbsp;<\/p>\n<p>Am Sonntag, den 15. Mai, wird in Malcesine (VR) das Er\u00f6ffnungswochenende der ersten Ausgabe des Malcesine Music Festival mit zwei neuen kostenlosen Veranstaltungen fortgesetzt. Das Nordufer des Gardasees wird am Nachmittag von Sauro&#8217;s Band belebt, die zwischen 18 und 20.30 Uhr durch die Stra\u00dfen des historischen Zentrums ziehen wird.Das Hauptkonzert findet dann um 21 Uhr in den Padre Mario Casella-G\u00e4rten mit dem Ottovolante-Orchester des Posaunisten (und in diesem Fall auch S\u00e4ngers) Mauro Ottolini statt.<\/p>\n<p>SAURO&#8217;S BAND Fabio Bau, Sergio Gonzo, Fiorenzo Martini (Trompete), Mauro Carollo, Luca Moresco (Posaune), Marco Ronzani (Sopransaxophon), Antonio Gallucci, Mauro Ziroldi (Tenorsaxophon), Carlo Salin (Baritonsaxophon), Giovanni Zordan (E-Bass), Giulio Faedo (Schlagzeug)<\/p>\n<p>MAURO OTTOLINI &amp; OTTOVOLANTE-ORCHESTER Mauro Ottolini (Stimme, Posaune), Andrea Lagi, Paolo Malacarne (Trompete), Lino Bragantini, Matteo Del Miglio (Posaune), Enrico Peduzzi (Altsaxophon), Stefano Menato (Tenorsaxophon), Corrado Terzi (Baritonsaxophon), Oscar Marchioni (Klavier), Giulio Corini (Kontrabass), Paolo Mappa (Schlagzeug), Simone Padovani (Schlagzeug), Vanessa Tagliabue Yorke (Gesang)<\/p>\n<p>&nbsp;<\/p>\n","protected":false},"excerpt":{"rendered":"<p>Nachmittags ziehen Wanderkapellen durch die Stra\u00dfen der Altstadt und abends das Orchester von Mauro Ottilini<\/p>\n","protected":false},"author":9,"featured_media":11410,"comment_status":"open","ping_status":"open","sticky":false,"template":"","format":"standard","meta":[],"categories":[2,5,6,3],"tags":[23,26,170,2730,2728,2731],"news-destination":[],"news-source":[],"is_homepage":[],"ta_other":[],"featured_media_details":{"width":1200,"height":875,"file":"2022\/05\/orchestra-ottovolante.jpg","sizes":{"thumbnail":{"file":"orchestra-ottovolante-150x150.jpg","width":150,"height":150,"mime-type":"image\/jpeg","source_url":"https:\/\/www.gardaseezeitung.it\/gardaseezeitung_new\/de\/wp-content\/uploads\/sites\/2\/2022\/05\/orchestra-ottovolante-150x150.jpg"},"medium":{"file":"orchestra-ottovolante-300x219.jpg","width":300,"height":219,"mime-type":"image\/jpeg","source_url":"https:\/\/www.gardaseezeitung.it\/gardaseezeitung_new\/de\/wp-content\/uploads\/sites\/2\/2022\/05\/orchestra-ottovolante-300x219.jpg"},"medium_large":{"file":"orchestra-ottovolante-768x560.jpg","width":768,"height":560,"mime-type":"image\/jpeg","source_url":"https:\/\/www.gardaseezeitung.it\/gardaseezeitung_new\/de\/wp-content\/uploads\/sites\/2\/2022\/05\/orchestra-ottovolante-768x560.jpg"},"large":{"file":"orchestra-ottovolante-1024x747.jpg","width":1024,"height":747,"mime-type":"image\/jpeg","source_url":"https:\/\/www.gardaseezeitung.it\/gardaseezeitung_new\/de\/wp-content\/uploads\/sites\/2\/2022\/05\/orchestra-ottovolante-1024x747.jpg"},"big_image":{"file":"orchestra-ottovolante-750x547.jpg","width":750,"height":547,"mime-type":"image\/jpeg","source_url":"https:\/\/www.gardaseezeitung.it\/gardaseezeitung_new\/de\/wp-content\/uploads\/sites\/2\/2022\/05\/orchestra-ottovolante-750x547.jpg"},"guest-author-32":{"file":"orchestra-ottovolante-32x32.jpg","width":32,"height":32,"mime-type":"image\/jpeg","source_url":"https:\/\/www.gardaseezeitung.it\/gardaseezeitung_new\/de\/wp-content\/uploads\/sites\/2\/2022\/05\/orchestra-ottovolante-32x32.jpg"},"guest-author-50":{"file":"orchestra-ottovolante-50x50.jpg","width":50,"height":50,"mime-type":"image\/jpeg","source_url":"https:\/\/www.gardaseezeitung.it\/gardaseezeitung_new\/de\/wp-content\/uploads\/sites\/2\/2022\/05\/orchestra-ottovolante-50x50.jpg"},"guest-author-64":{"file":"orchestra-ottovolante-64x64.jpg","width":64,"height":64,"mime-type":"image\/jpeg","source_url":"https:\/\/www.gardaseezeitung.it\/gardaseezeitung_new\/de\/wp-content\/uploads\/sites\/2\/2022\/05\/orchestra-ottovolante-64x64.jpg"},"guest-author-96":{"file":"orchestra-ottovolante-96x96.jpg","width":96,"height":96,"mime-type":"image\/jpeg","source_url":"https:\/\/www.gardaseezeitung.it\/gardaseezeitung_new\/de\/wp-content\/uploads\/sites\/2\/2022\/05\/orchestra-ottovolante-96x96.jpg"},"guest-author-128":{"file":"orchestra-ottovolante-128x128.jpg","width":128,"height":128,"mime-type":"image\/jpeg","source_url":"https:\/\/www.gardaseezeitung.it\/gardaseezeitung_new\/de\/wp-content\/uploads\/sites\/2\/2022\/05\/orchestra-ottovolante-128x128.jpg"},"full":{"file":"orchestra-ottovolante.jpg","width":1200,"height":875,"mime_type":"","source_url":"https:\/\/www.gardaseezeitung.it\/gardaseezeitung_new\/de\/wp-content\/uploads\/sites\/2\/2022\/05\/orchestra-ottovolante.jpg"}},"image_meta":{"aperture":"0","credit":"","camera":"","caption":"","created_timestamp":"0","copyright":"","focal_length":"0","iso":"0","shutter_speed":"0","title":"","orientation":"0","keywords":[]}},"_links":{"self":[{"href":"https:\/\/www.gardaseezeitung.it\/gardaseezeitung_new\/de\/wp-json\/wp\/v2\/posts\/11411"}],"collection":[{"href":"https:\/\/www.gardaseezeitung.it\/gardaseezeitung_new\/de\/wp-json\/wp\/v2\/posts"}],"about":[{"href":"https:\/\/www.gardaseezeitung.it\/gardaseezeitung_new\/de\/wp-json\/wp\/v2\/types\/post"}],"author":[{"embeddable":true,"href":"https:\/\/www.gardaseezeitung.it\/gardaseezeitung_new\/de\/wp-json\/wp\/v2\/users\/9"}],"replies":[{"embeddable":true,"href":"https:\/\/www.gardaseezeitung.it\/gardaseezeitung_new\/de\/wp-json\/wp\/v2\/comments?post=11411"}],"version-history":[{"count":2,"href":"https:\/\/www.gardaseezeitung.it\/gardaseezeitung_new\/de\/wp-json\/wp\/v2\/posts\/11411\/revisions"}],"predecessor-version":[{"id":11414,"href":"https:\/\/www.gardaseezeitung.it\/gardaseezeitung_new\/de\/wp-json\/wp\/v2\/posts\/11411\/revisions\/11414"}],"wp:featuredmedia":[{"embeddable":true,"href":"https:\/\/www.gardaseezeitung.it\/gardaseezeitung_new\/de\/wp-json\/wp\/v2\/media\/11410"}],"wp:attachment":[{"href":"https:\/\/www.gardaseezeitung.it\/gardaseezeitung_new\/de\/wp-json\/wp\/v2\/media?parent=11411"}],"wp:term":[{"taxonomy":"category","embeddable":true,"href":"https:\/\/www.gardaseezeitung.it\/gardaseezeitung_new\/de\/wp-json\/wp\/v2\/categories?post=11411"},{"taxonomy":"post_tag","embeddable":true,"href":"https:\/\/www.gardaseezeitung.it\/gardaseezeitung_new\/de\/wp-json\/wp\/v2\/tags?post=11411"},{"taxonomy":"news-destination","embeddable":true,"href":"https:\/\/www.gardaseezeitung.it\/gardaseezeitung_new\/de\/wp-json\/wp\/v2\/news-destination?post=11411"},{"taxonomy":"news-source","embeddable":true,"href":"https:\/\/www.gardaseezeitung.it\/gardaseezeitung_new\/de\/wp-json\/wp\/v2\/news-source?post=11411"},{"taxonomy":"is_homepage","embeddable":true,"href":"https:\/\/www.gardaseezeitung.it\/gardaseezeitung_new\/de\/wp-json\/wp\/v2\/is_homepage?post=11411"},{"taxonomy":"ta_other","embeddable":true,"href":"https:\/\/www.gardaseezeitung.it\/gardaseezeitung_new\/de\/wp-json\/wp\/v2\/ta_other?post=11411"}],"curies":[{"name":"wp","href":"https:\/\/api.w.org\/{rel}","templated":true}]}}