{"id":11527,"date":"2022-05-20T20:38:22","date_gmt":"2022-05-20T18:38:22","guid":{"rendered":"http:\/\/euwp08.newsmemory.com\/gardaseezeitung_new\/de\/2022\/05\/20\/aperitif-mit-konzert-sirmione-verabredungen-mit-musik-und-lugana-wein\/"},"modified":"2022-05-20T20:38:25","modified_gmt":"2021-07-24T20:38:25","slug":"aperitif-mit-konzert-sirmione-verabredungen-mit-musik-und-lugana-wein","status":"publish","type":"post","link":"https:\/\/www.gardaseezeitung.it\/2022\/05\/20\/aperitif-mit-konzert-sirmione-verabredungen-mit-musik-und-lugana-wein\/","title":{"rendered":"Aperitif mit Konzert in Sirmione: Verabredungen mit Musik und Lugana-Wein"},"content":{"rendered":"<p>&nbsp;<\/p>\n<p>Gute Musik, begleitet von Verkostungen exzellenter Lugana-Weine bei einer Reihe von Terminen entlang einer Route, die das historische Zentrum von Sirmione, die Weinkeller des Hinterlandes, wo der Lugana-Wein hergestellt wird, und Punta Gr\u00f2, ein Naturgebiet, das ein au\u00dfergew\u00f6hnliches Panorama auf die Halbinsel, den See und die gesamte umliegende Bergkette bietet, miteinander verbindet. Die Aperitif-Konzerte werden dank der Zusammenarbeit zwischen der Gemeinde Sirmione, der St\u00e4dtischen Musikschule von Sirmione und den Lugana-Weinkellern von Sirmione realisiert. Die Pl\u00e4tze sind begrenzt, eine Anmeldung wird empfohlen. Kommende Termine:<\/p>\n<p>Mittwoch,\u00a015. Juni, 18 Uhr, Azienda Agricola C\u00e0 dei Frati: Seelenvolle Weintrauben &#8211; mit Denise Den und Stefano Freddi<\/p>\n<p>Samstag, 25. Juni, 18 Uhr, Punta Gr\u00f2: Big Band Music Show &#8211; mit Catullo Sound Orchestra<\/p>\n<p>&nbsp;<\/p>\n","protected":false},"excerpt":{"rendered":"<p>\u00a0Veranstaltungen am 15. und 25. Juni, um 18 Uhr<\/p>\n","protected":false},"author":9,"featured_media":11526,"comment_status":"open","ping_status":"open","sticky":false,"template":"","format":"standard","meta":[],"categories":[4,5,3],"tags":[2743,2744,2745,23,26,815,2709,31],"news-destination":[],"news-source":[],"is_homepage":[],"ta_other":[],"featured_media_details":{"width":826,"height":206,"file":"2022\/05\/8x2-concerti-aperitivo-Lugana-2022.jpg","sizes":{"thumbnail":{"file":"8x2-concerti-aperitivo-Lugana-2022-150x150.jpg","width":150,"height":150,"mime-type":"image\/jpeg","source_url":"https:\/\/www.gardaseezeitung.it\/gardaseezeitung_new\/de\/wp-content\/uploads\/sites\/2\/2022\/05\/8x2-concerti-aperitivo-Lugana-2022-150x150.jpg"},"medium":{"file":"8x2-concerti-aperitivo-Lugana-2022-300x75.jpg","width":300,"height":75,"mime-type":"image\/jpeg","source_url":"https:\/\/www.gardaseezeitung.it\/gardaseezeitung_new\/de\/wp-content\/uploads\/sites\/2\/2022\/05\/8x2-concerti-aperitivo-Lugana-2022-300x75.jpg"},"medium_large":{"file":"8x2-concerti-aperitivo-Lugana-2022-768x192.jpg","width":768,"height":192,"mime-type":"image\/jpeg","source_url":"https:\/\/www.gardaseezeitung.it\/gardaseezeitung_new\/de\/wp-content\/uploads\/sites\/2\/2022\/05\/8x2-concerti-aperitivo-Lugana-2022-768x192.jpg"},"big_image":{"file":"8x2-concerti-aperitivo-Lugana-2022-750x187.jpg","width":750,"height":187,"mime-type":"image\/jpeg","source_url":"https:\/\/www.gardaseezeitung.it\/gardaseezeitung_new\/de\/wp-content\/uploads\/sites\/2\/2022\/05\/8x2-concerti-aperitivo-Lugana-2022-750x187.jpg"},"guest-author-32":{"file":"8x2-concerti-aperitivo-Lugana-2022-32x32.jpg","width":32,"height":32,"mime-type":"image\/jpeg","source_url":"https:\/\/www.gardaseezeitung.it\/gardaseezeitung_new\/de\/wp-content\/uploads\/sites\/2\/2022\/05\/8x2-concerti-aperitivo-Lugana-2022-32x32.jpg"},"guest-author-50":{"file":"8x2-concerti-aperitivo-Lugana-2022-50x50.jpg","width":50,"height":50,"mime-type":"image\/jpeg","source_url":"https:\/\/www.gardaseezeitung.it\/gardaseezeitung_new\/de\/wp-content\/uploads\/sites\/2\/2022\/05\/8x2-concerti-aperitivo-Lugana-2022-50x50.jpg"},"guest-author-64":{"file":"8x2-concerti-aperitivo-Lugana-2022-64x64.jpg","width":64,"height":64,"mime-type":"image\/jpeg","source_url":"https:\/\/www.gardaseezeitung.it\/gardaseezeitung_new\/de\/wp-content\/uploads\/sites\/2\/2022\/05\/8x2-concerti-aperitivo-Lugana-2022-64x64.jpg"},"guest-author-96":{"file":"8x2-concerti-aperitivo-Lugana-2022-96x96.jpg","width":96,"height":96,"mime-type":"image\/jpeg","source_url":"https:\/\/www.gardaseezeitung.it\/gardaseezeitung_new\/de\/wp-content\/uploads\/sites\/2\/2022\/05\/8x2-concerti-aperitivo-Lugana-2022-96x96.jpg"},"guest-author-128":{"file":"8x2-concerti-aperitivo-Lugana-2022-128x128.jpg","width":128,"height":128,"mime-type":"image\/jpeg","source_url":"https:\/\/www.gardaseezeitung.it\/gardaseezeitung_new\/de\/wp-content\/uploads\/sites\/2\/2022\/05\/8x2-concerti-aperitivo-Lugana-2022-128x128.jpg"},"full":{"file":"8x2-concerti-aperitivo-Lugana-2022.jpg","width":826,"height":206,"mime_type":"","source_url":"https:\/\/www.gardaseezeitung.it\/gardaseezeitung_new\/de\/wp-content\/uploads\/sites\/2\/2022\/05\/8x2-concerti-aperitivo-Lugana-2022.jpg"}},"image_meta":{"aperture":"0","credit":"","camera":"","caption":"","created_timestamp":"0","copyright":"4IMAGES","focal_length":"0","iso":"0","shutter_speed":"0","title":"","orientation":"0","keywords":[]}},"_links":{"self":[{"href":"https:\/\/www.gardaseezeitung.it\/gardaseezeitung_new\/de\/wp-json\/wp\/v2\/posts\/11527"}],"collection":[{"href":"https:\/\/www.gardaseezeitung.it\/gardaseezeitung_new\/de\/wp-json\/wp\/v2\/posts"}],"about":[{"href":"https:\/\/www.gardaseezeitung.it\/gardaseezeitung_new\/de\/wp-json\/wp\/v2\/types\/post"}],"author":[{"embeddable":true,"href":"https:\/\/www.gardaseezeitung.it\/gardaseezeitung_new\/de\/wp-json\/wp\/v2\/users\/9"}],"replies":[{"embeddable":true,"href":"https:\/\/www.gardaseezeitung.it\/gardaseezeitung_new\/de\/wp-json\/wp\/v2\/comments?post=11527"}],"version-history":[{"count":1,"href":"https:\/\/www.gardaseezeitung.it\/gardaseezeitung_new\/de\/wp-json\/wp\/v2\/posts\/11527\/revisions"}],"predecessor-version":[{"id":11528,"href":"https:\/\/www.gardaseezeitung.it\/gardaseezeitung_new\/de\/wp-json\/wp\/v2\/posts\/11527\/revisions\/11528"}],"wp:featuredmedia":[{"embeddable":true,"href":"https:\/\/www.gardaseezeitung.it\/gardaseezeitung_new\/de\/wp-json\/wp\/v2\/media\/11526"}],"wp:attachment":[{"href":"https:\/\/www.gardaseezeitung.it\/gardaseezeitung_new\/de\/wp-json\/wp\/v2\/media?parent=11527"}],"wp:term":[{"taxonomy":"category","embeddable":true,"href":"https:\/\/www.gardaseezeitung.it\/gardaseezeitung_new\/de\/wp-json\/wp\/v2\/categories?post=11527"},{"taxonomy":"post_tag","embeddable":true,"href":"https:\/\/www.gardaseezeitung.it\/gardaseezeitung_new\/de\/wp-json\/wp\/v2\/tags?post=11527"},{"taxonomy":"news-destination","embeddable":true,"href":"https:\/\/www.gardaseezeitung.it\/gardaseezeitung_new\/de\/wp-json\/wp\/v2\/news-destination?post=11527"},{"taxonomy":"news-source","embeddable":true,"href":"https:\/\/www.gardaseezeitung.it\/gardaseezeitung_new\/de\/wp-json\/wp\/v2\/news-source?post=11527"},{"taxonomy":"is_homepage","embeddable":true,"href":"https:\/\/www.gardaseezeitung.it\/gardaseezeitung_new\/de\/wp-json\/wp\/v2\/is_homepage?post=11527"},{"taxonomy":"ta_other","embeddable":true,"href":"https:\/\/www.gardaseezeitung.it\/gardaseezeitung_new\/de\/wp-json\/wp\/v2\/ta_other?post=11527"}],"curies":[{"name":"wp","href":"https:\/\/api.w.org\/{rel}","templated":true}]}}