{"id":11558,"date":"2022-06-06T00:20:24","date_gmt":"2022-06-05T22:20:24","guid":{"rendered":"http:\/\/euwp08.newsmemory.com\/gardaseezeitung_new\/de\/2022\/06\/06\/riva-sind-die-raeumlichkeiten-des-mag-oberen-gardamuseum-immer-geoeffnet\/"},"modified":"2022-06-06T00:20:28","modified_gmt":"2021-08-10T00:20:28","slug":"riva-sind-die-raeumlichkeiten-des-mag-oberen-gardamuseum-immer-geoeffnet","status":"publish","type":"post","link":"https:\/\/www.gardaseezeitung.it\/2022\/06\/06\/riva-sind-die-raeumlichkeiten-des-mag-oberen-gardamuseum-immer-geoeffnet\/","title":{"rendered":"In Riva sind die R\u00e4umlichkeiten des MAG (Oberen Gardamuseum) immer ge\u00f6ffnet"},"content":{"rendered":"<p>&nbsp;<\/p>\n<p>Das Museum von Riva ist in der Rocca, einer alten mittelalterlichen Burg, untergebracht und verf\u00fcgt \u00fcber st\u00e4ndige Abteilungen, R\u00e4ume f\u00fcr Wechselausstellungen und einen Workshop-Bereich f\u00fcr Kinder und Familien. In der Kunstgalerie des Museums k\u00f6nnen die Besucher die Landschaften der Maler bewundern, die im 19. Jahrhundert von der Aussicht auf den Gardasee fasziniert waren, sowie die Werke von K\u00fcnstlern wie Pietro Ricchi, Vincenzo Vela und Francesco Hayez. In dem der Arch\u00e4ologie gewidmeten Bereich k\u00f6nnen Statuen und Stelen sowie Funde aus der Kupferzeit bewundert werden. Bei einem Spaziergang durch die der Geschichte gewidmeten R\u00e4ume wird die Vergangenheit von Riva und Basso Sarca deutlich, die von verschiedenen Herrschaften gepr\u00e4gt ist, darunter die Scaligera, Visconti und Venedig, bis hin zum goldenen Zeitalter, als Riva zu einem Reiseziel f\u00fcr ber\u00fchmte G\u00e4ste wie Thomas Mann und Franz Kafka wurde.<\/p>\n<p>Von der Spitze des Apponale-Turms, der vom Museum aus durch einen kurzen Spaziergang durch die Altstadt zu erreichen ist, bietet sich ein bezaubernder Ausblick. Der Apponale-Turm &#8211; erstmals 1273 in den Chroniken erw\u00e4hnt &#8211; ist 34 Meter hoch und beherbergt die Rathausglocke, die 1532 gegossen wurde, um die \u00e4ltere Glocke zu ersetzen. Fr\u00fcher diente es auch als Gef\u00e4ngnis und w\u00e4hrend des Ersten Weltkriegs als Observatorium. Sie tr\u00e4gt oben die Figur eines Engels, die zum Symbol von Riva geworden ist.<\/p>\n<p>Ebenfalls Teil des MAG-Rundkurses ist Forte Garda, das t\u00e4glich von 10 bis 17 Uhr zu besichtigen ist.<\/p>\n<p>&nbsp;<\/p>\n","protected":false},"excerpt":{"rendered":"<p>Ab dem 1. Juni sind das Museum von Riva del Garda und der Apponale-Turm t\u00e4glich von 10 bis 18 Uhr ge\u00f6ffnet<\/p>\n","protected":false},"author":9,"featured_media":6437,"comment_status":"open","ping_status":"open","sticky":false,"template":"","format":"standard","meta":[],"categories":[2,6,3],"tags":[2767,200,2768,2769,23,26,1693,1694,2770,221,2771,852,2772],"news-destination":[],"news-source":[],"is_homepage":[],"ta_other":[],"featured_media_details":{"width":1200,"height":797,"file":"2021\/05\/Rocca_-_MAG_-_Museo_Riva_del_Garda.jpg","sizes":{"thumbnail":{"file":"Rocca_-_MAG_-_Museo_Riva_del_Garda-150x150.jpg","width":150,"height":150,"mime-type":"image\/jpeg","source_url":"https:\/\/www.gardaseezeitung.it\/gardaseezeitung_new\/de\/wp-content\/uploads\/sites\/2\/2021\/05\/Rocca_-_MAG_-_Museo_Riva_del_Garda-150x150.jpg"},"medium":{"file":"Rocca_-_MAG_-_Museo_Riva_del_Garda-300x199.jpg","width":300,"height":199,"mime-type":"image\/jpeg","source_url":"https:\/\/www.gardaseezeitung.it\/gardaseezeitung_new\/de\/wp-content\/uploads\/sites\/2\/2021\/05\/Rocca_-_MAG_-_Museo_Riva_del_Garda-300x199.jpg"},"medium_large":{"file":"Rocca_-_MAG_-_Museo_Riva_del_Garda-768x510.jpg","width":768,"height":510,"mime-type":"image\/jpeg","source_url":"https:\/\/www.gardaseezeitung.it\/gardaseezeitung_new\/de\/wp-content\/uploads\/sites\/2\/2021\/05\/Rocca_-_MAG_-_Museo_Riva_del_Garda-768x510.jpg"},"large":{"file":"Rocca_-_MAG_-_Museo_Riva_del_Garda-1024x680.jpg","width":1024,"height":680,"mime-type":"image\/jpeg","source_url":"https:\/\/www.gardaseezeitung.it\/gardaseezeitung_new\/de\/wp-content\/uploads\/sites\/2\/2021\/05\/Rocca_-_MAG_-_Museo_Riva_del_Garda-1024x680.jpg"},"big_image":{"file":"Rocca_-_MAG_-_Museo_Riva_del_Garda-750x498.jpg","width":750,"height":498,"mime-type":"image\/jpeg","source_url":"https:\/\/www.gardaseezeitung.it\/gardaseezeitung_new\/de\/wp-content\/uploads\/sites\/2\/2021\/05\/Rocca_-_MAG_-_Museo_Riva_del_Garda-750x498.jpg"},"guest-author-32":{"file":"Rocca_-_MAG_-_Museo_Riva_del_Garda-32x32.jpg","width":32,"height":32,"mime-type":"image\/jpeg","source_url":"https:\/\/www.gardaseezeitung.it\/gardaseezeitung_new\/de\/wp-content\/uploads\/sites\/2\/2021\/05\/Rocca_-_MAG_-_Museo_Riva_del_Garda-32x32.jpg"},"guest-author-50":{"file":"Rocca_-_MAG_-_Museo_Riva_del_Garda-50x50.jpg","width":50,"height":50,"mime-type":"image\/jpeg","source_url":"https:\/\/www.gardaseezeitung.it\/gardaseezeitung_new\/de\/wp-content\/uploads\/sites\/2\/2021\/05\/Rocca_-_MAG_-_Museo_Riva_del_Garda-50x50.jpg"},"guest-author-64":{"file":"Rocca_-_MAG_-_Museo_Riva_del_Garda-64x64.jpg","width":64,"height":64,"mime-type":"image\/jpeg","source_url":"https:\/\/www.gardaseezeitung.it\/gardaseezeitung_new\/de\/wp-content\/uploads\/sites\/2\/2021\/05\/Rocca_-_MAG_-_Museo_Riva_del_Garda-64x64.jpg"},"guest-author-96":{"file":"Rocca_-_MAG_-_Museo_Riva_del_Garda-96x96.jpg","width":96,"height":96,"mime-type":"image\/jpeg","source_url":"https:\/\/www.gardaseezeitung.it\/gardaseezeitung_new\/de\/wp-content\/uploads\/sites\/2\/2021\/05\/Rocca_-_MAG_-_Museo_Riva_del_Garda-96x96.jpg"},"guest-author-128":{"file":"Rocca_-_MAG_-_Museo_Riva_del_Garda-128x128.jpg","width":128,"height":128,"mime-type":"image\/jpeg","source_url":"https:\/\/www.gardaseezeitung.it\/gardaseezeitung_new\/de\/wp-content\/uploads\/sites\/2\/2021\/05\/Rocca_-_MAG_-_Museo_Riva_del_Garda-128x128.jpg"},"full":{"file":"Rocca_-_MAG_-_Museo_Riva_del_Garda.jpg","width":1200,"height":797,"mime_type":"","source_url":"https:\/\/www.gardaseezeitung.it\/gardaseezeitung_new\/de\/wp-content\/uploads\/sites\/2\/2021\/05\/Rocca_-_MAG_-_Museo_Riva_del_Garda.jpg"}},"image_meta":{"aperture":"0","credit":"","camera":"","caption":"","created_timestamp":"0","copyright":"","focal_length":"0","iso":"0","shutter_speed":"0","title":"","orientation":"0","keywords":[]}},"_links":{"self":[{"href":"https:\/\/www.gardaseezeitung.it\/gardaseezeitung_new\/de\/wp-json\/wp\/v2\/posts\/11558"}],"collection":[{"href":"https:\/\/www.gardaseezeitung.it\/gardaseezeitung_new\/de\/wp-json\/wp\/v2\/posts"}],"about":[{"href":"https:\/\/www.gardaseezeitung.it\/gardaseezeitung_new\/de\/wp-json\/wp\/v2\/types\/post"}],"author":[{"embeddable":true,"href":"https:\/\/www.gardaseezeitung.it\/gardaseezeitung_new\/de\/wp-json\/wp\/v2\/users\/9"}],"replies":[{"embeddable":true,"href":"https:\/\/www.gardaseezeitung.it\/gardaseezeitung_new\/de\/wp-json\/wp\/v2\/comments?post=11558"}],"version-history":[{"count":1,"href":"https:\/\/www.gardaseezeitung.it\/gardaseezeitung_new\/de\/wp-json\/wp\/v2\/posts\/11558\/revisions"}],"predecessor-version":[{"id":11559,"href":"https:\/\/www.gardaseezeitung.it\/gardaseezeitung_new\/de\/wp-json\/wp\/v2\/posts\/11558\/revisions\/11559"}],"wp:featuredmedia":[{"embeddable":true,"href":"https:\/\/www.gardaseezeitung.it\/gardaseezeitung_new\/de\/wp-json\/wp\/v2\/media\/6437"}],"wp:attachment":[{"href":"https:\/\/www.gardaseezeitung.it\/gardaseezeitung_new\/de\/wp-json\/wp\/v2\/media?parent=11558"}],"wp:term":[{"taxonomy":"category","embeddable":true,"href":"https:\/\/www.gardaseezeitung.it\/gardaseezeitung_new\/de\/wp-json\/wp\/v2\/categories?post=11558"},{"taxonomy":"post_tag","embeddable":true,"href":"https:\/\/www.gardaseezeitung.it\/gardaseezeitung_new\/de\/wp-json\/wp\/v2\/tags?post=11558"},{"taxonomy":"news-destination","embeddable":true,"href":"https:\/\/www.gardaseezeitung.it\/gardaseezeitung_new\/de\/wp-json\/wp\/v2\/news-destination?post=11558"},{"taxonomy":"news-source","embeddable":true,"href":"https:\/\/www.gardaseezeitung.it\/gardaseezeitung_new\/de\/wp-json\/wp\/v2\/news-source?post=11558"},{"taxonomy":"is_homepage","embeddable":true,"href":"https:\/\/www.gardaseezeitung.it\/gardaseezeitung_new\/de\/wp-json\/wp\/v2\/is_homepage?post=11558"},{"taxonomy":"ta_other","embeddable":true,"href":"https:\/\/www.gardaseezeitung.it\/gardaseezeitung_new\/de\/wp-json\/wp\/v2\/ta_other?post=11558"}],"curies":[{"name":"wp","href":"https:\/\/api.w.org\/{rel}","templated":true}]}}