{"id":11564,"date":"2022-06-07T00:55:32","date_gmt":"2022-06-06T22:55:32","guid":{"rendered":"http:\/\/euwp08.newsmemory.com\/gardaseezeitung_new\/de\/2022\/06\/07\/ab-diesem-sonntag-die-klaenge-und-geschmaecker-von-baldo-music\/"},"modified":"2022-06-08T18:07:33","modified_gmt":"2021-08-12T18:07:33","slug":"ab-diesem-sonntag-die-klaenge-und-geschmaecker-von-baldo-music","status":"publish","type":"post","link":"https:\/\/www.gardaseezeitung.it\/2022\/06\/07\/ab-diesem-sonntag-die-klaenge-und-geschmaecker-von-baldo-music\/","title":{"rendered":"Ab diesem Sonntag die Kl\u00e4nge und Geschm\u00e4cker von Baldo in Music"},"content":{"rendered":"<p>&nbsp;<\/p>\n<p>Der Countdown f\u00fcr die achte Ausgabe von Baldo in Musica 2022&#8243;, dem Sommermusikfestival mit Konzerten und Ausfl\u00fcgen auf dem Monte Baldo, das vom Kulturverein Baldofestival veranstaltet wird, l\u00e4uft: eine Reihe von Konzerten und gef\u00fchrten Ausfl\u00fcgen in gro\u00dfer H\u00f6he zu beiden Seiten des Gartens Europas&#8220;, die es den Besuchern erm\u00f6glichen, eine wirklich einzigartige Bergwelt mit Blick auf den Gardasee kennen zu lernen. Es werden vier Termine vorgeschlagen: 12. und 26. Juni, 10. Juli und 6. August. Bei allen Konzerten werden Musik und Orte miteinander kombiniert, und wer m\u00f6chte, kann im Anschluss an die Konzerte an gef\u00fchrten, etwa zweist\u00fcndigen Ausfl\u00fcgen teilnehmen, die es erm\u00f6glichen, einen Tag an der frischen Luft zu verbringen, der aus k\u00f6rperlicher Bet\u00e4tigung, kultureller Bereicherung und Geselligkeit besteht; die Teilnahme an den Konzerten ist kostenlos. Wer m\u00f6chte, kann am Ende jeder Veranstaltung ein typisches Essen genie\u00dfen (12 Euro), das zu buchen ist.<\/p>\n<p>Der erste Termin ist am 12. Juni um 11.30 Uhr in der Malga Zocchi in San Zeno di Montagna. Der Chor der Anwaltskammer von Verona wird in Begleitung des Ensembles &#8222;Sacra Buccinae&#8220;, einem Blechbl\u00e4serquartett junger Musiker, das Konzert &#8222;Natur und Musik f\u00fcr eine bessere Welt&#8220; geben. <a href=\"https:\/\/www.baldofestival.org\/index.php\/event\/natura-e-musica-per-un-mondo-migliore-coro-dellordine-degli-avvocati-di-verona-con-ensemble-sacrae-buccinae\">Reservierungen f\u00fcr das Mittagessen k\u00f6nnen \u00a0vorgenommen werden<\/a>. Die gef\u00fchrte Wanderung beginnt um 9.30 Uhr am Parkplatz Due Pozze in Prada di San Zeno di Montagna.<\/p>\n<p>Das zweite Konzert findet am 26. Juni, ebenfalls um 11.30 Uhr, in der Malga Cerbiolo di Brentino Belluno statt. Die Storyville Jazz Band wird &#8222;On the Streets of New Orleans&#8220; spielen.<\/p>\n<p>Am 10. Juli um 11.30 Uhr pr\u00e4sentieren The Hot Teapots in der Malga Colonei di Pesina in Caprino Veronese &#8222;Zeit f\u00fcr Jazz, Ragtime und Calypso&#8220;.<\/p>\n<p>Am Samstag, den 6. August um 17.30 Uhr gibt das 4 Quartet Clarinet das Konzert &#8222;Soffi d&#8217;ebano&#8220;. In diesem Fall beginnt die F\u00fchrung am Nachmittag um 15.30 Uhr, w\u00e4hrend die anderen F\u00fchrungen immer morgens um 9.30 Uhr beginnen.<\/p>\n<p>Die vollst\u00e4ndige Brosch\u00fcre von Baldo in Musica 2022 kann von <a href=\"https:\/\/www.baldofestival.org\">der Website des Baldofestivals<\/a> heruntergeladen werden.<\/p>\n<p>&nbsp;<\/p>\n","protected":false},"excerpt":{"rendered":"<p>Die traditionelle musikalische Veranstaltung auf dem Monte Baldo wird er\u00f6ffnet<\/p>\n","protected":false},"author":9,"featured_media":11563,"comment_status":"open","ping_status":"open","sticky":false,"template":"","format":"standard","meta":[],"categories":[2,4,5,6],"tags":[2778,1868,2227,2239,23,26,880,2779,2780,35,2781,580,2782,2783],"news-destination":[],"news-source":[],"is_homepage":[],"ta_other":[],"featured_media_details":{"width":1500,"height":680,"file":"2022\/06\/malgaCerbioloBrentinoBelluno.jpg","sizes":{"thumbnail":{"file":"malgaCerbioloBrentinoBelluno-150x150.jpg","width":150,"height":150,"mime-type":"image\/jpeg","source_url":"https:\/\/www.gardaseezeitung.it\/gardaseezeitung_new\/de\/wp-content\/uploads\/sites\/2\/2022\/06\/malgaCerbioloBrentinoBelluno-150x150.jpg"},"medium":{"file":"malgaCerbioloBrentinoBelluno-300x136.jpg","width":300,"height":136,"mime-type":"image\/jpeg","source_url":"https:\/\/www.gardaseezeitung.it\/gardaseezeitung_new\/de\/wp-content\/uploads\/sites\/2\/2022\/06\/malgaCerbioloBrentinoBelluno-300x136.jpg"},"medium_large":{"file":"malgaCerbioloBrentinoBelluno-768x348.jpg","width":768,"height":348,"mime-type":"image\/jpeg","source_url":"https:\/\/www.gardaseezeitung.it\/gardaseezeitung_new\/de\/wp-content\/uploads\/sites\/2\/2022\/06\/malgaCerbioloBrentinoBelluno-768x348.jpg"},"large":{"file":"malgaCerbioloBrentinoBelluno-1024x464.jpg","width":1024,"height":464,"mime-type":"image\/jpeg","source_url":"https:\/\/www.gardaseezeitung.it\/gardaseezeitung_new\/de\/wp-content\/uploads\/sites\/2\/2022\/06\/malgaCerbioloBrentinoBelluno-1024x464.jpg"},"big_image":{"file":"malgaCerbioloBrentinoBelluno-750x340.jpg","width":750,"height":340,"mime-type":"image\/jpeg","source_url":"https:\/\/www.gardaseezeitung.it\/gardaseezeitung_new\/de\/wp-content\/uploads\/sites\/2\/2022\/06\/malgaCerbioloBrentinoBelluno-750x340.jpg"},"guest-author-32":{"file":"malgaCerbioloBrentinoBelluno-32x32.jpg","width":32,"height":32,"mime-type":"image\/jpeg","source_url":"https:\/\/www.gardaseezeitung.it\/gardaseezeitung_new\/de\/wp-content\/uploads\/sites\/2\/2022\/06\/malgaCerbioloBrentinoBelluno-32x32.jpg"},"guest-author-50":{"file":"malgaCerbioloBrentinoBelluno-50x50.jpg","width":50,"height":50,"mime-type":"image\/jpeg","source_url":"https:\/\/www.gardaseezeitung.it\/gardaseezeitung_new\/de\/wp-content\/uploads\/sites\/2\/2022\/06\/malgaCerbioloBrentinoBelluno-50x50.jpg"},"guest-author-64":{"file":"malgaCerbioloBrentinoBelluno-64x64.jpg","width":64,"height":64,"mime-type":"image\/jpeg","source_url":"https:\/\/www.gardaseezeitung.it\/gardaseezeitung_new\/de\/wp-content\/uploads\/sites\/2\/2022\/06\/malgaCerbioloBrentinoBelluno-64x64.jpg"},"guest-author-96":{"file":"malgaCerbioloBrentinoBelluno-96x96.jpg","width":96,"height":96,"mime-type":"image\/jpeg","source_url":"https:\/\/www.gardaseezeitung.it\/gardaseezeitung_new\/de\/wp-content\/uploads\/sites\/2\/2022\/06\/malgaCerbioloBrentinoBelluno-96x96.jpg"},"guest-author-128":{"file":"malgaCerbioloBrentinoBelluno-128x128.jpg","width":128,"height":128,"mime-type":"image\/jpeg","source_url":"https:\/\/www.gardaseezeitung.it\/gardaseezeitung_new\/de\/wp-content\/uploads\/sites\/2\/2022\/06\/malgaCerbioloBrentinoBelluno-128x128.jpg"},"full":{"file":"malgaCerbioloBrentinoBelluno.jpg","width":1500,"height":680,"mime_type":"","source_url":"https:\/\/www.gardaseezeitung.it\/gardaseezeitung_new\/de\/wp-content\/uploads\/sites\/2\/2022\/06\/malgaCerbioloBrentinoBelluno.jpg"}},"image_meta":{"aperture":"0","credit":"","camera":"","caption":"","created_timestamp":"0","copyright":"","focal_length":"0","iso":"0","shutter_speed":"0","title":"","orientation":"1","keywords":[]}},"_links":{"self":[{"href":"https:\/\/www.gardaseezeitung.it\/gardaseezeitung_new\/de\/wp-json\/wp\/v2\/posts\/11564"}],"collection":[{"href":"https:\/\/www.gardaseezeitung.it\/gardaseezeitung_new\/de\/wp-json\/wp\/v2\/posts"}],"about":[{"href":"https:\/\/www.gardaseezeitung.it\/gardaseezeitung_new\/de\/wp-json\/wp\/v2\/types\/post"}],"author":[{"embeddable":true,"href":"https:\/\/www.gardaseezeitung.it\/gardaseezeitung_new\/de\/wp-json\/wp\/v2\/users\/9"}],"replies":[{"embeddable":true,"href":"https:\/\/www.gardaseezeitung.it\/gardaseezeitung_new\/de\/wp-json\/wp\/v2\/comments?post=11564"}],"version-history":[{"count":2,"href":"https:\/\/www.gardaseezeitung.it\/gardaseezeitung_new\/de\/wp-json\/wp\/v2\/posts\/11564\/revisions"}],"predecessor-version":[{"id":11589,"href":"https:\/\/www.gardaseezeitung.it\/gardaseezeitung_new\/de\/wp-json\/wp\/v2\/posts\/11564\/revisions\/11589"}],"wp:featuredmedia":[{"embeddable":true,"href":"https:\/\/www.gardaseezeitung.it\/gardaseezeitung_new\/de\/wp-json\/wp\/v2\/media\/11563"}],"wp:attachment":[{"href":"https:\/\/www.gardaseezeitung.it\/gardaseezeitung_new\/de\/wp-json\/wp\/v2\/media?parent=11564"}],"wp:term":[{"taxonomy":"category","embeddable":true,"href":"https:\/\/www.gardaseezeitung.it\/gardaseezeitung_new\/de\/wp-json\/wp\/v2\/categories?post=11564"},{"taxonomy":"post_tag","embeddable":true,"href":"https:\/\/www.gardaseezeitung.it\/gardaseezeitung_new\/de\/wp-json\/wp\/v2\/tags?post=11564"},{"taxonomy":"news-destination","embeddable":true,"href":"https:\/\/www.gardaseezeitung.it\/gardaseezeitung_new\/de\/wp-json\/wp\/v2\/news-destination?post=11564"},{"taxonomy":"news-source","embeddable":true,"href":"https:\/\/www.gardaseezeitung.it\/gardaseezeitung_new\/de\/wp-json\/wp\/v2\/news-source?post=11564"},{"taxonomy":"is_homepage","embeddable":true,"href":"https:\/\/www.gardaseezeitung.it\/gardaseezeitung_new\/de\/wp-json\/wp\/v2\/is_homepage?post=11564"},{"taxonomy":"ta_other","embeddable":true,"href":"https:\/\/www.gardaseezeitung.it\/gardaseezeitung_new\/de\/wp-json\/wp\/v2\/ta_other?post=11564"}],"curies":[{"name":"wp","href":"https:\/\/api.w.org\/{rel}","templated":true}]}}