{"id":11596,"date":"2022-06-13T08:48:18","date_gmt":"2022-06-13T06:48:18","guid":{"rendered":"http:\/\/euwp08.newsmemory.com\/gardaseezeitung_new\/de\/2022\/06\/13\/costermano-die-leblose-leiche-eines-deutschen-touristen-gefunden\/"},"modified":"2022-06-13T08:48:20","modified_gmt":"2021-08-17T08:48:20","slug":"costermano-die-leblose-leiche-eines-deutschen-touristen-gefunden","status":"publish","type":"post","link":"https:\/\/www.gardaseezeitung.it\/2022\/06\/13\/costermano-die-leblose-leiche-eines-deutschen-touristen-gefunden\/","title":{"rendered":"Costermano, die leblose Leiche eines deutschen Touristen gefunden"},"content":{"rendered":"<p>&nbsp;<\/p>\n<p>Die Soccorso Alpino (Bergwacht) von Verona r\u00fcckte gestern gegen 10 Uhr aus, um den regungslosen K\u00f6rper eines Mannes zu bergen, der von einem Passanten entdeckt worden war, der durch die Anwesenheit eines Hundes, der scheinbar allein auf einem Waldweg unterwegs war, alarmiert wurde. Mit ziemlicher Sicherheit war eine Krankheit die Ursache f\u00fcr den Tod eines 85-j\u00e4hrigen deutschen Touristen, der mit seiner Frau in Costermano sul Garda Urlaub machte und morgens in der N\u00e4he des Hotels spazieren ging. Ein Rettungsteam stieg einige Meter in den Abhang hinab und barg die Leiche des Mannes, nachdem es seinen Tod festgestellt hatte.<\/p>\n<p>&nbsp;<\/p>\n","protected":false},"excerpt":{"rendered":"<p>Krankheit eines 85-j\u00e4hrigen Mannes im Urlaub in Costermano, der mit seinem Hund spazieren geht<\/p>\n","protected":false},"author":9,"featured_media":11595,"comment_status":"open","ping_status":"open","sticky":false,"template":"","format":"standard","meta":[],"categories":[2,6],"tags":[513,23,26,2796],"news-destination":[],"news-source":[],"is_homepage":[],"ta_other":[],"featured_media_details":{"width":1024,"height":768,"file":"2022\/06\/SOCCORSO-ALPINO2.jpg","sizes":{"thumbnail":{"file":"SOCCORSO-ALPINO2-150x150.jpg","width":150,"height":150,"mime-type":"image\/jpeg","source_url":"https:\/\/www.gardaseezeitung.it\/gardaseezeitung_new\/de\/wp-content\/uploads\/sites\/2\/2022\/06\/SOCCORSO-ALPINO2-150x150.jpg"},"medium":{"file":"SOCCORSO-ALPINO2-300x225.jpg","width":300,"height":225,"mime-type":"image\/jpeg","source_url":"https:\/\/www.gardaseezeitung.it\/gardaseezeitung_new\/de\/wp-content\/uploads\/sites\/2\/2022\/06\/SOCCORSO-ALPINO2-300x225.jpg"},"medium_large":{"file":"SOCCORSO-ALPINO2-768x576.jpg","width":768,"height":576,"mime-type":"image\/jpeg","source_url":"https:\/\/www.gardaseezeitung.it\/gardaseezeitung_new\/de\/wp-content\/uploads\/sites\/2\/2022\/06\/SOCCORSO-ALPINO2-768x576.jpg"},"large":{"file":"SOCCORSO-ALPINO2-1024x768.jpg","width":1024,"height":768,"mime-type":"image\/jpeg","source_url":"https:\/\/www.gardaseezeitung.it\/gardaseezeitung_new\/de\/wp-content\/uploads\/sites\/2\/2022\/06\/SOCCORSO-ALPINO2-1024x768.jpg"},"big_image":{"file":"SOCCORSO-ALPINO2-750x563.jpg","width":750,"height":563,"mime-type":"image\/jpeg","source_url":"https:\/\/www.gardaseezeitung.it\/gardaseezeitung_new\/de\/wp-content\/uploads\/sites\/2\/2022\/06\/SOCCORSO-ALPINO2-750x563.jpg"},"guest-author-32":{"file":"SOCCORSO-ALPINO2-32x32.jpg","width":32,"height":32,"mime-type":"image\/jpeg","source_url":"https:\/\/www.gardaseezeitung.it\/gardaseezeitung_new\/de\/wp-content\/uploads\/sites\/2\/2022\/06\/SOCCORSO-ALPINO2-32x32.jpg"},"guest-author-50":{"file":"SOCCORSO-ALPINO2-50x50.jpg","width":50,"height":50,"mime-type":"image\/jpeg","source_url":"https:\/\/www.gardaseezeitung.it\/gardaseezeitung_new\/de\/wp-content\/uploads\/sites\/2\/2022\/06\/SOCCORSO-ALPINO2-50x50.jpg"},"guest-author-64":{"file":"SOCCORSO-ALPINO2-64x64.jpg","width":64,"height":64,"mime-type":"image\/jpeg","source_url":"https:\/\/www.gardaseezeitung.it\/gardaseezeitung_new\/de\/wp-content\/uploads\/sites\/2\/2022\/06\/SOCCORSO-ALPINO2-64x64.jpg"},"guest-author-96":{"file":"SOCCORSO-ALPINO2-96x96.jpg","width":96,"height":96,"mime-type":"image\/jpeg","source_url":"https:\/\/www.gardaseezeitung.it\/gardaseezeitung_new\/de\/wp-content\/uploads\/sites\/2\/2022\/06\/SOCCORSO-ALPINO2-96x96.jpg"},"guest-author-128":{"file":"SOCCORSO-ALPINO2-128x128.jpg","width":128,"height":128,"mime-type":"image\/jpeg","source_url":"https:\/\/www.gardaseezeitung.it\/gardaseezeitung_new\/de\/wp-content\/uploads\/sites\/2\/2022\/06\/SOCCORSO-ALPINO2-128x128.jpg"},"full":{"file":"SOCCORSO-ALPINO2.jpg","width":1024,"height":768,"mime_type":"","source_url":"https:\/\/www.gardaseezeitung.it\/gardaseezeitung_new\/de\/wp-content\/uploads\/sites\/2\/2022\/06\/SOCCORSO-ALPINO2.jpg"}},"image_meta":{"aperture":"0","credit":"","camera":"","caption":"","created_timestamp":"0","copyright":"","focal_length":"0","iso":"0","shutter_speed":"0","title":"","orientation":"0","keywords":[]}},"_links":{"self":[{"href":"https:\/\/www.gardaseezeitung.it\/gardaseezeitung_new\/de\/wp-json\/wp\/v2\/posts\/11596"}],"collection":[{"href":"https:\/\/www.gardaseezeitung.it\/gardaseezeitung_new\/de\/wp-json\/wp\/v2\/posts"}],"about":[{"href":"https:\/\/www.gardaseezeitung.it\/gardaseezeitung_new\/de\/wp-json\/wp\/v2\/types\/post"}],"author":[{"embeddable":true,"href":"https:\/\/www.gardaseezeitung.it\/gardaseezeitung_new\/de\/wp-json\/wp\/v2\/users\/9"}],"replies":[{"embeddable":true,"href":"https:\/\/www.gardaseezeitung.it\/gardaseezeitung_new\/de\/wp-json\/wp\/v2\/comments?post=11596"}],"version-history":[{"count":1,"href":"https:\/\/www.gardaseezeitung.it\/gardaseezeitung_new\/de\/wp-json\/wp\/v2\/posts\/11596\/revisions"}],"predecessor-version":[{"id":11597,"href":"https:\/\/www.gardaseezeitung.it\/gardaseezeitung_new\/de\/wp-json\/wp\/v2\/posts\/11596\/revisions\/11597"}],"wp:featuredmedia":[{"embeddable":true,"href":"https:\/\/www.gardaseezeitung.it\/gardaseezeitung_new\/de\/wp-json\/wp\/v2\/media\/11595"}],"wp:attachment":[{"href":"https:\/\/www.gardaseezeitung.it\/gardaseezeitung_new\/de\/wp-json\/wp\/v2\/media?parent=11596"}],"wp:term":[{"taxonomy":"category","embeddable":true,"href":"https:\/\/www.gardaseezeitung.it\/gardaseezeitung_new\/de\/wp-json\/wp\/v2\/categories?post=11596"},{"taxonomy":"post_tag","embeddable":true,"href":"https:\/\/www.gardaseezeitung.it\/gardaseezeitung_new\/de\/wp-json\/wp\/v2\/tags?post=11596"},{"taxonomy":"news-destination","embeddable":true,"href":"https:\/\/www.gardaseezeitung.it\/gardaseezeitung_new\/de\/wp-json\/wp\/v2\/news-destination?post=11596"},{"taxonomy":"news-source","embeddable":true,"href":"https:\/\/www.gardaseezeitung.it\/gardaseezeitung_new\/de\/wp-json\/wp\/v2\/news-source?post=11596"},{"taxonomy":"is_homepage","embeddable":true,"href":"https:\/\/www.gardaseezeitung.it\/gardaseezeitung_new\/de\/wp-json\/wp\/v2\/is_homepage?post=11596"},{"taxonomy":"ta_other","embeddable":true,"href":"https:\/\/www.gardaseezeitung.it\/gardaseezeitung_new\/de\/wp-json\/wp\/v2\/ta_other?post=11596"}],"curies":[{"name":"wp","href":"https:\/\/api.w.org\/{rel}","templated":true}]}}