{"id":11648,"date":"2022-07-02T13:07:14","date_gmt":"2022-07-02T11:07:14","guid":{"rendered":"http:\/\/euwp08.newsmemory.com\/gardaseezeitung_new\/de\/2022\/07\/02\/heute-abend-findet-verona-die-premiere-von-la-traviata-zeffirellis-letztem-werk-statt\/"},"modified":"2022-07-02T13:07:21","modified_gmt":"2021-09-05T13:07:21","slug":"heute-abend-findet-verona-die-premiere-von-la-traviata-zeffirellis-letztem-werk-statt","status":"publish","type":"post","link":"https:\/\/www.gardaseezeitung.it\/2022\/07\/02\/heute-abend-findet-verona-die-premiere-von-la-traviata-zeffirellis-letztem-werk-statt\/","title":{"rendered":"Heute Abend findet in Verona die Premiere von La Traviata, Zeffirellis letztem Werk, statt"},"content":{"rendered":"<p>&nbsp;<\/p>\n<p>Zum ersten Mal seit der Er\u00f6ffnung der Festspiele 2019 kehrt Verdis &#8222;La Traviata&#8220; in der letzten Inszenierung von Franco Zeffirelli, der wenige Tage vor der Premiere starb, in die Arena zur\u00fcck. Marco Armiliato, der Musikdirektor des Festivals, leitet das Orchester, den Chor und eine Besetzung mit internationalen Stars ersten Ranges: Zur willkommenen R\u00fcckkehr von Oropesa, Kurzak, Meli, Grigolo, Stoyanov, Ruci\u0144ski, Salsi, Enkhbat und Piazzola gesellt sich die mit Spannung erwartete Premiere von Nina Minasyan, Angel Blue, Freddie De Tommaso und Ludovic T\u00e9zier. Die prachtvolle Show wird acht Abende lang aufgef\u00fchrt, mit Kost\u00fcmen von Maurizio Millenotti und einer Choreographie von Giuseppe Picone<\/p>\n<p>&nbsp;<\/p>\n","protected":false},"excerpt":{"rendered":"<p>Zum ersten Mal seit der Er\u00f6ffnung der Festspiele 2019 kehrt Verdis &#8222;La Traviata&#8220; in der letzten Inszenierung von Franco Zeffirelli<\/p>\n","protected":false},"author":9,"featured_media":11647,"comment_status":"open","ping_status":"open","sticky":false,"template":"","format":"standard","meta":[],"categories":[2,4,5],"tags":[2825,957,2826,2827,23,26,2828,2829,2830,2831,2832,64,2833,2834,2835,2836,2837,2838,2839,2840,2816],"news-destination":[],"news-source":[],"is_homepage":[],"ta_other":[],"featured_media_details":{"width":2603,"height":1735,"file":"2022\/07\/LaTraviata_210619_FotoEnnevi_0615.jpg","sizes":{"thumbnail":{"file":"LaTraviata_210619_FotoEnnevi_0615-150x150.jpg","width":150,"height":150,"mime-type":"image\/jpeg","source_url":"https:\/\/www.gardaseezeitung.it\/gardaseezeitung_new\/de\/wp-content\/uploads\/sites\/2\/2022\/07\/LaTraviata_210619_FotoEnnevi_0615-150x150.jpg"},"medium":{"file":"LaTraviata_210619_FotoEnnevi_0615-300x200.jpg","width":300,"height":200,"mime-type":"image\/jpeg","source_url":"https:\/\/www.gardaseezeitung.it\/gardaseezeitung_new\/de\/wp-content\/uploads\/sites\/2\/2022\/07\/LaTraviata_210619_FotoEnnevi_0615-300x200.jpg"},"medium_large":{"file":"LaTraviata_210619_FotoEnnevi_0615-768x512.jpg","width":768,"height":512,"mime-type":"image\/jpeg","source_url":"https:\/\/www.gardaseezeitung.it\/gardaseezeitung_new\/de\/wp-content\/uploads\/sites\/2\/2022\/07\/LaTraviata_210619_FotoEnnevi_0615-768x512.jpg"},"large":{"file":"LaTraviata_210619_FotoEnnevi_0615-1024x683.jpg","width":1024,"height":683,"mime-type":"image\/jpeg","source_url":"https:\/\/www.gardaseezeitung.it\/gardaseezeitung_new\/de\/wp-content\/uploads\/sites\/2\/2022\/07\/LaTraviata_210619_FotoEnnevi_0615-1024x683.jpg"},"big_image":{"file":"LaTraviata_210619_FotoEnnevi_0615-750x500.jpg","width":750,"height":500,"mime-type":"image\/jpeg","source_url":"https:\/\/www.gardaseezeitung.it\/gardaseezeitung_new\/de\/wp-content\/uploads\/sites\/2\/2022\/07\/LaTraviata_210619_FotoEnnevi_0615-750x500.jpg"},"guest-author-32":{"file":"LaTraviata_210619_FotoEnnevi_0615-32x32.jpg","width":32,"height":32,"mime-type":"image\/jpeg","source_url":"https:\/\/www.gardaseezeitung.it\/gardaseezeitung_new\/de\/wp-content\/uploads\/sites\/2\/2022\/07\/LaTraviata_210619_FotoEnnevi_0615-32x32.jpg"},"guest-author-50":{"file":"LaTraviata_210619_FotoEnnevi_0615-50x50.jpg","width":50,"height":50,"mime-type":"image\/jpeg","source_url":"https:\/\/www.gardaseezeitung.it\/gardaseezeitung_new\/de\/wp-content\/uploads\/sites\/2\/2022\/07\/LaTraviata_210619_FotoEnnevi_0615-50x50.jpg"},"guest-author-64":{"file":"LaTraviata_210619_FotoEnnevi_0615-64x64.jpg","width":64,"height":64,"mime-type":"image\/jpeg","source_url":"https:\/\/www.gardaseezeitung.it\/gardaseezeitung_new\/de\/wp-content\/uploads\/sites\/2\/2022\/07\/LaTraviata_210619_FotoEnnevi_0615-64x64.jpg"},"guest-author-96":{"file":"LaTraviata_210619_FotoEnnevi_0615-96x96.jpg","width":96,"height":96,"mime-type":"image\/jpeg","source_url":"https:\/\/www.gardaseezeitung.it\/gardaseezeitung_new\/de\/wp-content\/uploads\/sites\/2\/2022\/07\/LaTraviata_210619_FotoEnnevi_0615-96x96.jpg"},"guest-author-128":{"file":"LaTraviata_210619_FotoEnnevi_0615-128x128.jpg","width":128,"height":128,"mime-type":"image\/jpeg","source_url":"https:\/\/www.gardaseezeitung.it\/gardaseezeitung_new\/de\/wp-content\/uploads\/sites\/2\/2022\/07\/LaTraviata_210619_FotoEnnevi_0615-128x128.jpg"},"full":{"file":"LaTraviata_210619_FotoEnnevi_0615.jpg","width":2603,"height":1735,"mime_type":"","source_url":"https:\/\/www.gardaseezeitung.it\/gardaseezeitung_new\/de\/wp-content\/uploads\/sites\/2\/2022\/07\/LaTraviata_210619_FotoEnnevi_0615.jpg"}},"image_meta":{"aperture":"4.5","credit":"MASCALZONI","camera":"X-T2","caption":"","created_timestamp":"1561161462","copyright":"Ennevi Foto","focal_length":"46.3","iso":"2000","shutter_speed":"0.125","title":"","orientation":"1","keywords":[]}},"_links":{"self":[{"href":"https:\/\/www.gardaseezeitung.it\/gardaseezeitung_new\/de\/wp-json\/wp\/v2\/posts\/11648"}],"collection":[{"href":"https:\/\/www.gardaseezeitung.it\/gardaseezeitung_new\/de\/wp-json\/wp\/v2\/posts"}],"about":[{"href":"https:\/\/www.gardaseezeitung.it\/gardaseezeitung_new\/de\/wp-json\/wp\/v2\/types\/post"}],"author":[{"embeddable":true,"href":"https:\/\/www.gardaseezeitung.it\/gardaseezeitung_new\/de\/wp-json\/wp\/v2\/users\/9"}],"replies":[{"embeddable":true,"href":"https:\/\/www.gardaseezeitung.it\/gardaseezeitung_new\/de\/wp-json\/wp\/v2\/comments?post=11648"}],"version-history":[{"count":1,"href":"https:\/\/www.gardaseezeitung.it\/gardaseezeitung_new\/de\/wp-json\/wp\/v2\/posts\/11648\/revisions"}],"predecessor-version":[{"id":11649,"href":"https:\/\/www.gardaseezeitung.it\/gardaseezeitung_new\/de\/wp-json\/wp\/v2\/posts\/11648\/revisions\/11649"}],"wp:featuredmedia":[{"embeddable":true,"href":"https:\/\/www.gardaseezeitung.it\/gardaseezeitung_new\/de\/wp-json\/wp\/v2\/media\/11647"}],"wp:attachment":[{"href":"https:\/\/www.gardaseezeitung.it\/gardaseezeitung_new\/de\/wp-json\/wp\/v2\/media?parent=11648"}],"wp:term":[{"taxonomy":"category","embeddable":true,"href":"https:\/\/www.gardaseezeitung.it\/gardaseezeitung_new\/de\/wp-json\/wp\/v2\/categories?post=11648"},{"taxonomy":"post_tag","embeddable":true,"href":"https:\/\/www.gardaseezeitung.it\/gardaseezeitung_new\/de\/wp-json\/wp\/v2\/tags?post=11648"},{"taxonomy":"news-destination","embeddable":true,"href":"https:\/\/www.gardaseezeitung.it\/gardaseezeitung_new\/de\/wp-json\/wp\/v2\/news-destination?post=11648"},{"taxonomy":"news-source","embeddable":true,"href":"https:\/\/www.gardaseezeitung.it\/gardaseezeitung_new\/de\/wp-json\/wp\/v2\/news-source?post=11648"},{"taxonomy":"is_homepage","embeddable":true,"href":"https:\/\/www.gardaseezeitung.it\/gardaseezeitung_new\/de\/wp-json\/wp\/v2\/is_homepage?post=11648"},{"taxonomy":"ta_other","embeddable":true,"href":"https:\/\/www.gardaseezeitung.it\/gardaseezeitung_new\/de\/wp-json\/wp\/v2\/ta_other?post=11648"}],"curies":[{"name":"wp","href":"https:\/\/api.w.org\/{rel}","templated":true}]}}