{"id":11662,"date":"2022-07-03T23:18:16","date_gmt":"2022-07-03T21:18:16","guid":{"rendered":"http:\/\/euwp08.newsmemory.com\/gardaseezeitung_new\/de\/2022\/07\/03\/die-goletta-dei-laghi-von-legambiente-wirbt-fuer-die-veroneser-flussmuendungen\/"},"modified":"2022-07-03T23:18:45","modified_gmt":"2021-09-06T23:18:45","slug":"die-goletta-dei-laghi-von-legambiente-wirbt-fuer-die-veroneser-flussmuendungen","status":"publish","type":"post","link":"https:\/\/www.gardaseezeitung.it\/2022\/07\/03\/die-goletta-dei-laghi-von-legambiente-wirbt-fuer-die-veroneser-flussmuendungen\/","title":{"rendered":"Die &#8222;Goletta dei Laghi&#8220; von Legambiente wirbt f\u00fcr die Veroneser Flussm\u00fcndungen"},"content":{"rendered":"<p>&nbsp;<\/p>\n<p>Obwohl das Baden an den M\u00fcndungen von Fl\u00fcssen gesetzlich verboten ist, wurden die von Legambiente entnommenen Proben an den M\u00fcndungen des Baches Gusa in Garda, des Baches San Severo in Bardolino, der B\u00e4che Marra und Bosca in Lazise, des Baches Dugale in Castelnuovo und des Baches Rielo in Peschiera als gesetzeskonform befunden. An den Bachm\u00fcndungen auf der Brescianer Seite lagen nur die Wasserproben, die in Desenzano im Bereich Desenzanino und an der Promenade von Maratona-Rivoltella gefischt wurden, innerhalb der Norm. Die Ergebnisse wurden vor wenigen Tagen in Desenzano auf einer Konferenz zum Thema Mikroplastik vorgestellt, das im Mittelpunkt des von Legambiente durchgef\u00fchrten Projekts Life Blue Likes steht, das diese Art der Verschmutzung in den Binnengew\u00e4ssern untersucht, angefangen beim Gardasee, Bracciano und Trasimeno.<\/p>\n<p>&nbsp;<\/p>\n<p>&nbsp;<\/p>\n<p>&nbsp;<\/p>\n","protected":false},"excerpt":{"rendered":"<p>Alle an der Veroneser Ufer entnommenen Proben wurden f\u00fcr in Ordnung befunden<\/p>\n","protected":false},"author":9,"featured_media":11661,"comment_status":"open","ping_status":"open","sticky":false,"template":"","format":"standard","meta":[],"categories":[2,3],"tags":[2867,520,131,2868,2869,177,23,26,2870,2871,343,1223,2872,2873,2874],"news-destination":[],"news-source":[],"is_homepage":[],"ta_other":[],"featured_media_details":{"width":770,"height":400,"file":"2022\/07\/goletta-dei-laghi-monitoraggio.jpg","sizes":{"thumbnail":{"file":"goletta-dei-laghi-monitoraggio-150x150.jpg","width":150,"height":150,"mime-type":"image\/jpeg","source_url":"https:\/\/www.gardaseezeitung.it\/gardaseezeitung_new\/de\/wp-content\/uploads\/sites\/2\/2022\/07\/goletta-dei-laghi-monitoraggio-150x150.jpg"},"medium":{"file":"goletta-dei-laghi-monitoraggio-300x156.jpg","width":300,"height":156,"mime-type":"image\/jpeg","source_url":"https:\/\/www.gardaseezeitung.it\/gardaseezeitung_new\/de\/wp-content\/uploads\/sites\/2\/2022\/07\/goletta-dei-laghi-monitoraggio-300x156.jpg"},"medium_large":{"file":"goletta-dei-laghi-monitoraggio-768x399.jpg","width":768,"height":399,"mime-type":"image\/jpeg","source_url":"https:\/\/www.gardaseezeitung.it\/gardaseezeitung_new\/de\/wp-content\/uploads\/sites\/2\/2022\/07\/goletta-dei-laghi-monitoraggio-768x399.jpg"},"big_image":{"file":"goletta-dei-laghi-monitoraggio-750x390.jpg","width":750,"height":390,"mime-type":"image\/jpeg","source_url":"https:\/\/www.gardaseezeitung.it\/gardaseezeitung_new\/de\/wp-content\/uploads\/sites\/2\/2022\/07\/goletta-dei-laghi-monitoraggio-750x390.jpg"},"guest-author-32":{"file":"goletta-dei-laghi-monitoraggio-32x32.jpg","width":32,"height":32,"mime-type":"image\/jpeg","source_url":"https:\/\/www.gardaseezeitung.it\/gardaseezeitung_new\/de\/wp-content\/uploads\/sites\/2\/2022\/07\/goletta-dei-laghi-monitoraggio-32x32.jpg"},"guest-author-50":{"file":"goletta-dei-laghi-monitoraggio-50x50.jpg","width":50,"height":50,"mime-type":"image\/jpeg","source_url":"https:\/\/www.gardaseezeitung.it\/gardaseezeitung_new\/de\/wp-content\/uploads\/sites\/2\/2022\/07\/goletta-dei-laghi-monitoraggio-50x50.jpg"},"guest-author-64":{"file":"goletta-dei-laghi-monitoraggio-64x64.jpg","width":64,"height":64,"mime-type":"image\/jpeg","source_url":"https:\/\/www.gardaseezeitung.it\/gardaseezeitung_new\/de\/wp-content\/uploads\/sites\/2\/2022\/07\/goletta-dei-laghi-monitoraggio-64x64.jpg"},"guest-author-96":{"file":"goletta-dei-laghi-monitoraggio-96x96.jpg","width":96,"height":96,"mime-type":"image\/jpeg","source_url":"https:\/\/www.gardaseezeitung.it\/gardaseezeitung_new\/de\/wp-content\/uploads\/sites\/2\/2022\/07\/goletta-dei-laghi-monitoraggio-96x96.jpg"},"guest-author-128":{"file":"goletta-dei-laghi-monitoraggio-128x128.jpg","width":128,"height":128,"mime-type":"image\/jpeg","source_url":"https:\/\/www.gardaseezeitung.it\/gardaseezeitung_new\/de\/wp-content\/uploads\/sites\/2\/2022\/07\/goletta-dei-laghi-monitoraggio-128x128.jpg"},"full":{"file":"goletta-dei-laghi-monitoraggio.jpg","width":770,"height":400,"mime_type":"","source_url":"https:\/\/www.gardaseezeitung.it\/gardaseezeitung_new\/de\/wp-content\/uploads\/sites\/2\/2022\/07\/goletta-dei-laghi-monitoraggio.jpg"}},"image_meta":{"aperture":"0","credit":"","camera":"","caption":"","created_timestamp":"0","copyright":"","focal_length":"0","iso":"0","shutter_speed":"0","title":"","orientation":"1","keywords":[]}},"_links":{"self":[{"href":"https:\/\/www.gardaseezeitung.it\/gardaseezeitung_new\/de\/wp-json\/wp\/v2\/posts\/11662"}],"collection":[{"href":"https:\/\/www.gardaseezeitung.it\/gardaseezeitung_new\/de\/wp-json\/wp\/v2\/posts"}],"about":[{"href":"https:\/\/www.gardaseezeitung.it\/gardaseezeitung_new\/de\/wp-json\/wp\/v2\/types\/post"}],"author":[{"embeddable":true,"href":"https:\/\/www.gardaseezeitung.it\/gardaseezeitung_new\/de\/wp-json\/wp\/v2\/users\/9"}],"replies":[{"embeddable":true,"href":"https:\/\/www.gardaseezeitung.it\/gardaseezeitung_new\/de\/wp-json\/wp\/v2\/comments?post=11662"}],"version-history":[{"count":1,"href":"https:\/\/www.gardaseezeitung.it\/gardaseezeitung_new\/de\/wp-json\/wp\/v2\/posts\/11662\/revisions"}],"predecessor-version":[{"id":11663,"href":"https:\/\/www.gardaseezeitung.it\/gardaseezeitung_new\/de\/wp-json\/wp\/v2\/posts\/11662\/revisions\/11663"}],"wp:featuredmedia":[{"embeddable":true,"href":"https:\/\/www.gardaseezeitung.it\/gardaseezeitung_new\/de\/wp-json\/wp\/v2\/media\/11661"}],"wp:attachment":[{"href":"https:\/\/www.gardaseezeitung.it\/gardaseezeitung_new\/de\/wp-json\/wp\/v2\/media?parent=11662"}],"wp:term":[{"taxonomy":"category","embeddable":true,"href":"https:\/\/www.gardaseezeitung.it\/gardaseezeitung_new\/de\/wp-json\/wp\/v2\/categories?post=11662"},{"taxonomy":"post_tag","embeddable":true,"href":"https:\/\/www.gardaseezeitung.it\/gardaseezeitung_new\/de\/wp-json\/wp\/v2\/tags?post=11662"},{"taxonomy":"news-destination","embeddable":true,"href":"https:\/\/www.gardaseezeitung.it\/gardaseezeitung_new\/de\/wp-json\/wp\/v2\/news-destination?post=11662"},{"taxonomy":"news-source","embeddable":true,"href":"https:\/\/www.gardaseezeitung.it\/gardaseezeitung_new\/de\/wp-json\/wp\/v2\/news-source?post=11662"},{"taxonomy":"is_homepage","embeddable":true,"href":"https:\/\/www.gardaseezeitung.it\/gardaseezeitung_new\/de\/wp-json\/wp\/v2\/is_homepage?post=11662"},{"taxonomy":"ta_other","embeddable":true,"href":"https:\/\/www.gardaseezeitung.it\/gardaseezeitung_new\/de\/wp-json\/wp\/v2\/ta_other?post=11662"}],"curies":[{"name":"wp","href":"https:\/\/api.w.org\/{rel}","templated":true}]}}