{"id":11668,"date":"2022-07-05T17:16:30","date_gmt":"2022-07-05T15:16:30","guid":{"rendered":"http:\/\/euwp08.newsmemory.com\/gardaseezeitung_new\/de\/2022\/07\/05\/naechtliche-flammen-den-garda-huegeln-die-feuerwehr-bei-der-arbeit\/"},"modified":"2022-07-05T18:36:33","modified_gmt":"2021-09-08T18:36:33","slug":"naechtliche-flammen-den-garda-huegeln-die-feuerwehr-bei-der-arbeit","status":"publish","type":"post","link":"https:\/\/www.gardaseezeitung.it\/2022\/07\/05\/naechtliche-flammen-den-garda-huegeln-die-feuerwehr-bei-der-arbeit\/","title":{"rendered":"N\u00e4chtliche Flammen in den Garda-H\u00fcgeln, die Feuerwehr bei der Arbeit"},"content":{"rendered":"<p>&nbsp;<\/p>\n<p>Die Ursachen des Brandes, der heute Nacht in einem h\u00fcgeligen und bewaldeten Gebiet am Gardasee zwischen Manerba, San Felice del Benaco und Raffa di Puegnago ausbrach, sind noch nicht gekl\u00e4rt. Die Feuerwehr musste lange arbeiten, um die Flammen zu l\u00f6schen, die gegen vier Uhr morgens in der N\u00e4he einer \u00f6kologischen Insel ausgebrochen waren. Gl\u00fccklicherweise befinden sich keine H\u00e4user in der N\u00e4he und es wurden keine Verletzten gemeldet. Die sengende Hitze an diesen Sommerabenden hat sicherlich nicht dazu beigetragen, und die Sorge, dass sich neue Br\u00e4nde ausbreiten k\u00f6nnten, ist real. Es ist jedoch zu hoffen, dass die zu erwartenden Regenf\u00e4lle auch in dieser Hinsicht eine Atempause bringen und helfen werden.<\/p>\n<p>&nbsp;<\/p>\n","protected":false},"excerpt":{"rendered":"<p>Feuerwehrleute mussten lange arbeiten, um die Flammen zwischen Manerba und San Felice Puegnago zu l\u00f6schen<\/p>\n","protected":false},"author":9,"featured_media":11667,"comment_status":"open","ping_status":"open","sticky":false,"template":"","format":"standard","meta":[],"categories":[2,6,3],"tags":[23,26,1095,2876,634,2877],"news-destination":[],"news-source":[],"is_homepage":[],"ta_other":[],"featured_media_details":{"width":1280,"height":960,"file":"2022\/07\/Vigilidelfuoco.jpeg","sizes":{"thumbnail":{"file":"Vigilidelfuoco-150x150.jpeg","width":150,"height":150,"mime-type":"image\/jpeg","source_url":"https:\/\/www.gardaseezeitung.it\/gardaseezeitung_new\/de\/wp-content\/uploads\/sites\/2\/2022\/07\/Vigilidelfuoco-150x150.jpeg"},"medium":{"file":"Vigilidelfuoco-300x225.jpeg","width":300,"height":225,"mime-type":"image\/jpeg","source_url":"https:\/\/www.gardaseezeitung.it\/gardaseezeitung_new\/de\/wp-content\/uploads\/sites\/2\/2022\/07\/Vigilidelfuoco-300x225.jpeg"},"medium_large":{"file":"Vigilidelfuoco-768x576.jpeg","width":768,"height":576,"mime-type":"image\/jpeg","source_url":"https:\/\/www.gardaseezeitung.it\/gardaseezeitung_new\/de\/wp-content\/uploads\/sites\/2\/2022\/07\/Vigilidelfuoco-768x576.jpeg"},"large":{"file":"Vigilidelfuoco-1024x768.jpeg","width":1024,"height":768,"mime-type":"image\/jpeg","source_url":"https:\/\/www.gardaseezeitung.it\/gardaseezeitung_new\/de\/wp-content\/uploads\/sites\/2\/2022\/07\/Vigilidelfuoco-1024x768.jpeg"},"big_image":{"file":"Vigilidelfuoco-750x563.jpeg","width":750,"height":563,"mime-type":"image\/jpeg","source_url":"https:\/\/www.gardaseezeitung.it\/gardaseezeitung_new\/de\/wp-content\/uploads\/sites\/2\/2022\/07\/Vigilidelfuoco-750x563.jpeg"},"guest-author-32":{"file":"Vigilidelfuoco-32x32.jpeg","width":32,"height":32,"mime-type":"image\/jpeg","source_url":"https:\/\/www.gardaseezeitung.it\/gardaseezeitung_new\/de\/wp-content\/uploads\/sites\/2\/2022\/07\/Vigilidelfuoco-32x32.jpeg"},"guest-author-50":{"file":"Vigilidelfuoco-50x50.jpeg","width":50,"height":50,"mime-type":"image\/jpeg","source_url":"https:\/\/www.gardaseezeitung.it\/gardaseezeitung_new\/de\/wp-content\/uploads\/sites\/2\/2022\/07\/Vigilidelfuoco-50x50.jpeg"},"guest-author-64":{"file":"Vigilidelfuoco-64x64.jpeg","width":64,"height":64,"mime-type":"image\/jpeg","source_url":"https:\/\/www.gardaseezeitung.it\/gardaseezeitung_new\/de\/wp-content\/uploads\/sites\/2\/2022\/07\/Vigilidelfuoco-64x64.jpeg"},"guest-author-96":{"file":"Vigilidelfuoco-96x96.jpeg","width":96,"height":96,"mime-type":"image\/jpeg","source_url":"https:\/\/www.gardaseezeitung.it\/gardaseezeitung_new\/de\/wp-content\/uploads\/sites\/2\/2022\/07\/Vigilidelfuoco-96x96.jpeg"},"guest-author-128":{"file":"Vigilidelfuoco-128x128.jpeg","width":128,"height":128,"mime-type":"image\/jpeg","source_url":"https:\/\/www.gardaseezeitung.it\/gardaseezeitung_new\/de\/wp-content\/uploads\/sites\/2\/2022\/07\/Vigilidelfuoco-128x128.jpeg"},"full":{"file":"Vigilidelfuoco.jpeg","width":1280,"height":960,"mime_type":"","source_url":"https:\/\/www.gardaseezeitung.it\/gardaseezeitung_new\/de\/wp-content\/uploads\/sites\/2\/2022\/07\/Vigilidelfuoco.jpeg"}},"image_meta":{"aperture":"0","credit":"","camera":"","caption":"","created_timestamp":"0","copyright":"","focal_length":"0","iso":"0","shutter_speed":"0","title":"","orientation":"1","keywords":[]}},"_links":{"self":[{"href":"https:\/\/www.gardaseezeitung.it\/gardaseezeitung_new\/de\/wp-json\/wp\/v2\/posts\/11668"}],"collection":[{"href":"https:\/\/www.gardaseezeitung.it\/gardaseezeitung_new\/de\/wp-json\/wp\/v2\/posts"}],"about":[{"href":"https:\/\/www.gardaseezeitung.it\/gardaseezeitung_new\/de\/wp-json\/wp\/v2\/types\/post"}],"author":[{"embeddable":true,"href":"https:\/\/www.gardaseezeitung.it\/gardaseezeitung_new\/de\/wp-json\/wp\/v2\/users\/9"}],"replies":[{"embeddable":true,"href":"https:\/\/www.gardaseezeitung.it\/gardaseezeitung_new\/de\/wp-json\/wp\/v2\/comments?post=11668"}],"version-history":[{"count":1,"href":"https:\/\/www.gardaseezeitung.it\/gardaseezeitung_new\/de\/wp-json\/wp\/v2\/posts\/11668\/revisions"}],"predecessor-version":[{"id":11669,"href":"https:\/\/www.gardaseezeitung.it\/gardaseezeitung_new\/de\/wp-json\/wp\/v2\/posts\/11668\/revisions\/11669"}],"wp:featuredmedia":[{"embeddable":true,"href":"https:\/\/www.gardaseezeitung.it\/gardaseezeitung_new\/de\/wp-json\/wp\/v2\/media\/11667"}],"wp:attachment":[{"href":"https:\/\/www.gardaseezeitung.it\/gardaseezeitung_new\/de\/wp-json\/wp\/v2\/media?parent=11668"}],"wp:term":[{"taxonomy":"category","embeddable":true,"href":"https:\/\/www.gardaseezeitung.it\/gardaseezeitung_new\/de\/wp-json\/wp\/v2\/categories?post=11668"},{"taxonomy":"post_tag","embeddable":true,"href":"https:\/\/www.gardaseezeitung.it\/gardaseezeitung_new\/de\/wp-json\/wp\/v2\/tags?post=11668"},{"taxonomy":"news-destination","embeddable":true,"href":"https:\/\/www.gardaseezeitung.it\/gardaseezeitung_new\/de\/wp-json\/wp\/v2\/news-destination?post=11668"},{"taxonomy":"news-source","embeddable":true,"href":"https:\/\/www.gardaseezeitung.it\/gardaseezeitung_new\/de\/wp-json\/wp\/v2\/news-source?post=11668"},{"taxonomy":"is_homepage","embeddable":true,"href":"https:\/\/www.gardaseezeitung.it\/gardaseezeitung_new\/de\/wp-json\/wp\/v2\/is_homepage?post=11668"},{"taxonomy":"ta_other","embeddable":true,"href":"https:\/\/www.gardaseezeitung.it\/gardaseezeitung_new\/de\/wp-json\/wp\/v2\/ta_other?post=11668"}],"curies":[{"name":"wp","href":"https:\/\/api.w.org\/{rel}","templated":true}]}}