{"id":11673,"date":"2022-07-07T13:25:42","date_gmt":"2022-07-07T11:25:42","guid":{"rendered":"http:\/\/euwp08.newsmemory.com\/gardaseezeitung_new\/de\/2022\/07\/07\/anna-netrebko-ist-aida-die-koenigin-der-99-opernfestspiele-der-arena\/"},"modified":"2022-07-08T12:52:51","modified_gmt":"2021-09-11T12:52:51","slug":"anna-netrebko-ist-aida-die-koenigin-der-99-opernfestspiele-der-arena","status":"publish","type":"post","link":"https:\/\/www.gardaseezeitung.it\/2022\/07\/07\/anna-netrebko-ist-aida-die-koenigin-der-99-opernfestspiele-der-arena\/","title":{"rendered":"Anna Netrebko ist Aida, die K\u00f6nigin der 99. Opernfestspiele in der Arena"},"content":{"rendered":"<p>&nbsp;<\/p>\n<p>In der Arena di Verona gab Anna Netrbko vor drei Jahren ihr triumphales Deb\u00fct als die k\u00f6nigliche Leonora in Il Trovatore. In den schwierigen zwei Jahren, die von der Pandemie gepr\u00e4gt waren, war sie dem internationalen Publikum des Verona Festivals mit einem denkw\u00fcrdigen Konzert nahe und brachte ihre Prinzessin Turandot zum ersten Mal nach Italien. Die lang erwartete R\u00fcckkehr zu den 99. Opernfestspielen 2022 stand wieder ganz im Zeichen von Giuseppe Verdi, mit der beliebtesten Oper, die seit jenem ersten Opernabend am 10. August 1913 in der Arena aufgef\u00fchrt wurde: Aida. Anna Netrebko hat die gleichnamige Heldin nur bei wenigen ausgew\u00e4hlten Gelegenheiten gespielt: bei den Salzburger Festspielen unter der Leitung von Riccardo Muti, am Metropolitan in New York und am San Carlo in Neapel. Jede Auff\u00fchrung wurde von Publikum und Kritikern gleicherma\u00dfen begeistert aufgenommen: Jetzt erwartet das tausendj\u00e4hrige Veroneser Amphitheater Anna Netrebkos &#8222;erstes Mal&#8220; als Star der Opernk\u00f6nigin der Arena. In der heutigen Premiere hat Netrebko ihren Kunst- und Lebenspartner an ihrer Seite, den aserbaidschanischen Tenor Yusif Eyvazov, der bereits als Radam\u00e8s bejubelt wurde. Die Prinzessin Amneris wird von der franz\u00f6sischen Mezzosopranistin Cl\u00e9mentine Margaine gespielt, der Hohepriester Ramfis ist der \u00f6sterreichische Bass G\u00fcnther Groissb\u00f6ck, w\u00e4hrend Maestro Marco Armiliato f\u00fcr die Aida am Pult steht. Das B\u00fchnenbild zeigt das goldene \u00c4gypten und die bunten kostbaren Stoffe, die Franco Zeffirelli vor genau zwanzig Jahren f\u00fcr das Arenafestival entworfen hat. Auff\u00fchrungen: 16., 24., 28. Juli (21.00 Uhr) \u2219 5., 21., 28. August und 4. September (20.45 Uhr)<\/p>\n<p>&nbsp;<\/p>\n","protected":false},"excerpt":{"rendered":"<p>Anna Netrebko interpretiert die beliebteste Rolle der Festspiele heute Abend zum ersten Mal in der Arena <\/p>\n","protected":false},"author":9,"featured_media":7092,"comment_status":"open","ping_status":"open","sticky":false,"template":"","format":"standard","meta":[],"categories":[2,4,5],"tags":[996,54,1020,2917,489,23,26,2918,2919,53,73],"news-destination":[],"news-source":[],"is_homepage":[],"ta_other":[],"featured_media_details":{"width":2700,"height":1800,"file":"2021\/08\/Eyvazov-Netrebko29.06-IlTrovatore_FotoEnnevi_097.jpg","sizes":{"thumbnail":{"file":"Eyvazov-Netrebko29.06-IlTrovatore_FotoEnnevi_097-150x150.jpg","width":150,"height":150,"mime-type":"image\/jpeg","source_url":"https:\/\/www.gardaseezeitung.it\/gardaseezeitung_new\/de\/wp-content\/uploads\/sites\/2\/2021\/08\/Eyvazov-Netrebko29.06-IlTrovatore_FotoEnnevi_097-150x150.jpg"},"medium":{"file":"Eyvazov-Netrebko29.06-IlTrovatore_FotoEnnevi_097-300x200.jpg","width":300,"height":200,"mime-type":"image\/jpeg","source_url":"https:\/\/www.gardaseezeitung.it\/gardaseezeitung_new\/de\/wp-content\/uploads\/sites\/2\/2021\/08\/Eyvazov-Netrebko29.06-IlTrovatore_FotoEnnevi_097-300x200.jpg"},"medium_large":{"file":"Eyvazov-Netrebko29.06-IlTrovatore_FotoEnnevi_097-768x512.jpg","width":768,"height":512,"mime-type":"image\/jpeg","source_url":"https:\/\/www.gardaseezeitung.it\/gardaseezeitung_new\/de\/wp-content\/uploads\/sites\/2\/2021\/08\/Eyvazov-Netrebko29.06-IlTrovatore_FotoEnnevi_097-768x512.jpg"},"large":{"file":"Eyvazov-Netrebko29.06-IlTrovatore_FotoEnnevi_097-1024x683.jpg","width":1024,"height":683,"mime-type":"image\/jpeg","source_url":"https:\/\/www.gardaseezeitung.it\/gardaseezeitung_new\/de\/wp-content\/uploads\/sites\/2\/2021\/08\/Eyvazov-Netrebko29.06-IlTrovatore_FotoEnnevi_097-1024x683.jpg"},"big_image":{"file":"Eyvazov-Netrebko29.06-IlTrovatore_FotoEnnevi_097-750x500.jpg","width":750,"height":500,"mime-type":"image\/jpeg","source_url":"https:\/\/www.gardaseezeitung.it\/gardaseezeitung_new\/de\/wp-content\/uploads\/sites\/2\/2021\/08\/Eyvazov-Netrebko29.06-IlTrovatore_FotoEnnevi_097-750x500.jpg"},"guest-author-32":{"file":"Eyvazov-Netrebko29.06-IlTrovatore_FotoEnnevi_097-32x32.jpg","width":32,"height":32,"mime-type":"image\/jpeg","source_url":"https:\/\/www.gardaseezeitung.it\/gardaseezeitung_new\/de\/wp-content\/uploads\/sites\/2\/2021\/08\/Eyvazov-Netrebko29.06-IlTrovatore_FotoEnnevi_097-32x32.jpg"},"guest-author-50":{"file":"Eyvazov-Netrebko29.06-IlTrovatore_FotoEnnevi_097-50x50.jpg","width":50,"height":50,"mime-type":"image\/jpeg","source_url":"https:\/\/www.gardaseezeitung.it\/gardaseezeitung_new\/de\/wp-content\/uploads\/sites\/2\/2021\/08\/Eyvazov-Netrebko29.06-IlTrovatore_FotoEnnevi_097-50x50.jpg"},"guest-author-64":{"file":"Eyvazov-Netrebko29.06-IlTrovatore_FotoEnnevi_097-64x64.jpg","width":64,"height":64,"mime-type":"image\/jpeg","source_url":"https:\/\/www.gardaseezeitung.it\/gardaseezeitung_new\/de\/wp-content\/uploads\/sites\/2\/2021\/08\/Eyvazov-Netrebko29.06-IlTrovatore_FotoEnnevi_097-64x64.jpg"},"guest-author-96":{"file":"Eyvazov-Netrebko29.06-IlTrovatore_FotoEnnevi_097-96x96.jpg","width":96,"height":96,"mime-type":"image\/jpeg","source_url":"https:\/\/www.gardaseezeitung.it\/gardaseezeitung_new\/de\/wp-content\/uploads\/sites\/2\/2021\/08\/Eyvazov-Netrebko29.06-IlTrovatore_FotoEnnevi_097-96x96.jpg"},"guest-author-128":{"file":"Eyvazov-Netrebko29.06-IlTrovatore_FotoEnnevi_097-128x128.jpg","width":128,"height":128,"mime-type":"image\/jpeg","source_url":"https:\/\/www.gardaseezeitung.it\/gardaseezeitung_new\/de\/wp-content\/uploads\/sites\/2\/2021\/08\/Eyvazov-Netrebko29.06-IlTrovatore_FotoEnnevi_097-128x128.jpg"},"full":{"file":"Eyvazov-Netrebko29.06-IlTrovatore_FotoEnnevi_097.jpg","width":2700,"height":1800,"mime_type":"","source_url":"https:\/\/www.gardaseezeitung.it\/gardaseezeitung_new\/de\/wp-content\/uploads\/sites\/2\/2021\/08\/Eyvazov-Netrebko29.06-IlTrovatore_FotoEnnevi_097.jpg"}},"image_meta":{"aperture":"3.2","credit":"","camera":"X-T2","caption":"","created_timestamp":"1561507200","copyright":"","focal_length":"140","iso":"3200","shutter_speed":"0.008","title":"","orientation":"1","keywords":[]}},"_links":{"self":[{"href":"https:\/\/www.gardaseezeitung.it\/gardaseezeitung_new\/de\/wp-json\/wp\/v2\/posts\/11673"}],"collection":[{"href":"https:\/\/www.gardaseezeitung.it\/gardaseezeitung_new\/de\/wp-json\/wp\/v2\/posts"}],"about":[{"href":"https:\/\/www.gardaseezeitung.it\/gardaseezeitung_new\/de\/wp-json\/wp\/v2\/types\/post"}],"author":[{"embeddable":true,"href":"https:\/\/www.gardaseezeitung.it\/gardaseezeitung_new\/de\/wp-json\/wp\/v2\/users\/9"}],"replies":[{"embeddable":true,"href":"https:\/\/www.gardaseezeitung.it\/gardaseezeitung_new\/de\/wp-json\/wp\/v2\/comments?post=11673"}],"version-history":[{"count":1,"href":"https:\/\/www.gardaseezeitung.it\/gardaseezeitung_new\/de\/wp-json\/wp\/v2\/posts\/11673\/revisions"}],"predecessor-version":[{"id":11674,"href":"https:\/\/www.gardaseezeitung.it\/gardaseezeitung_new\/de\/wp-json\/wp\/v2\/posts\/11673\/revisions\/11674"}],"wp:featuredmedia":[{"embeddable":true,"href":"https:\/\/www.gardaseezeitung.it\/gardaseezeitung_new\/de\/wp-json\/wp\/v2\/media\/7092"}],"wp:attachment":[{"href":"https:\/\/www.gardaseezeitung.it\/gardaseezeitung_new\/de\/wp-json\/wp\/v2\/media?parent=11673"}],"wp:term":[{"taxonomy":"category","embeddable":true,"href":"https:\/\/www.gardaseezeitung.it\/gardaseezeitung_new\/de\/wp-json\/wp\/v2\/categories?post=11673"},{"taxonomy":"post_tag","embeddable":true,"href":"https:\/\/www.gardaseezeitung.it\/gardaseezeitung_new\/de\/wp-json\/wp\/v2\/tags?post=11673"},{"taxonomy":"news-destination","embeddable":true,"href":"https:\/\/www.gardaseezeitung.it\/gardaseezeitung_new\/de\/wp-json\/wp\/v2\/news-destination?post=11673"},{"taxonomy":"news-source","embeddable":true,"href":"https:\/\/www.gardaseezeitung.it\/gardaseezeitung_new\/de\/wp-json\/wp\/v2\/news-source?post=11673"},{"taxonomy":"is_homepage","embeddable":true,"href":"https:\/\/www.gardaseezeitung.it\/gardaseezeitung_new\/de\/wp-json\/wp\/v2\/is_homepage?post=11673"},{"taxonomy":"ta_other","embeddable":true,"href":"https:\/\/www.gardaseezeitung.it\/gardaseezeitung_new\/de\/wp-json\/wp\/v2\/ta_other?post=11673"}],"curies":[{"name":"wp","href":"https:\/\/api.w.org\/{rel}","templated":true}]}}