{"id":11771,"date":"2022-08-06T15:50:29","date_gmt":"2022-08-06T13:50:29","guid":{"rendered":"http:\/\/euwp08.newsmemory.com\/gardaseezeitung_new\/de\/2022\/08\/06\/ein-echtes-buskers-festival-den-strassen-des-stadtzentrums-von-bardolino\/"},"modified":"2022-08-06T15:50:30","modified_gmt":"2021-10-10T15:50:30","slug":"ein-echtes-buskers-festival-den-strassen-des-stadtzentrums-von-bardolino","status":"publish","type":"post","link":"https:\/\/www.gardaseezeitung.it\/2022\/08\/06\/ein-echtes-buskers-festival-den-strassen-des-stadtzentrums-von-bardolino\/","title":{"rendered":"Ein echtes &#8222;Buskers Festival&#8220; in den Stra\u00dfen des Stadtzentrums von Bardolino"},"content":{"rendered":"<p>&nbsp;<\/p>\n<p>Heute und morgen werden von 18.30 Uhr bis 22.30 Uhr in den Stra\u00dfen und auf den Pl\u00e4tzen der Altstadt von Bardolino zahlreiche Musiker auftreten. Das Buskers Festival ist eine Veranstaltung, die den Stra\u00dfenk\u00fcnstlern gewidmet ist und die Stra\u00dfen des historischen Zentrums von Bardolino mit Live-Musik bereichern soll. Es werden Fachleute aus den Nachbarst\u00e4dten anwesend sein, die als Stra\u00dfenmusiker den Einwohnern und den Touristen ihre Noten anbieten&#8220;. In Borgo Garibaldi, Piazza Lenotti, Piazza Catullo und im Park der Villa Carrara Bottagisio wurden vier Standorte eingerichtet, an denen auch lokale Kunsthandwerker ihre Werke ausstellen werden. Dar\u00fcber hinaus wird es auch eine Auswahl an Truck Food geben. Informationen und ein detailliertes Programm der Veranstaltung finden Sie auf der Facebook-Seite des Bardolino Lab<\/p>\n<p>&nbsp;<\/p>\n","protected":false},"excerpt":{"rendered":"<p>Live-Musik heute, Samstag, den 8. August, und morgen, Sonntag, den 9. August, sowie Street Food<\/p>\n","protected":false},"author":9,"featured_media":11770,"comment_status":"open","ping_status":"open","sticky":false,"template":"","format":"standard","meta":[],"categories":[2,4,5,3],"tags":[50,2979,23,26,995,2980],"news-destination":[],"news-source":[],"is_homepage":[],"ta_other":[],"featured_media_details":{"width":960,"height":960,"file":"2022\/08\/omphaloz-meid-eventi.jpg","sizes":{"thumbnail":{"file":"omphaloz-meid-eventi-150x150.jpg","width":150,"height":150,"mime-type":"image\/jpeg","source_url":"https:\/\/www.gardaseezeitung.it\/gardaseezeitung_new\/de\/wp-content\/uploads\/sites\/2\/2022\/08\/omphaloz-meid-eventi-150x150.jpg"},"medium":{"file":"omphaloz-meid-eventi-300x300.jpg","width":300,"height":300,"mime-type":"image\/jpeg","source_url":"https:\/\/www.gardaseezeitung.it\/gardaseezeitung_new\/de\/wp-content\/uploads\/sites\/2\/2022\/08\/omphaloz-meid-eventi-300x300.jpg"},"medium_large":{"file":"omphaloz-meid-eventi-768x768.jpg","width":768,"height":768,"mime-type":"image\/jpeg","source_url":"https:\/\/www.gardaseezeitung.it\/gardaseezeitung_new\/de\/wp-content\/uploads\/sites\/2\/2022\/08\/omphaloz-meid-eventi-768x768.jpg"},"big_image":{"file":"omphaloz-meid-eventi-750x750.jpg","width":750,"height":750,"mime-type":"image\/jpeg","source_url":"https:\/\/www.gardaseezeitung.it\/gardaseezeitung_new\/de\/wp-content\/uploads\/sites\/2\/2022\/08\/omphaloz-meid-eventi-750x750.jpg"},"guest-author-32":{"file":"omphaloz-meid-eventi-32x32.jpg","width":32,"height":32,"mime-type":"image\/jpeg","source_url":"https:\/\/www.gardaseezeitung.it\/gardaseezeitung_new\/de\/wp-content\/uploads\/sites\/2\/2022\/08\/omphaloz-meid-eventi-32x32.jpg"},"guest-author-50":{"file":"omphaloz-meid-eventi-50x50.jpg","width":50,"height":50,"mime-type":"image\/jpeg","source_url":"https:\/\/www.gardaseezeitung.it\/gardaseezeitung_new\/de\/wp-content\/uploads\/sites\/2\/2022\/08\/omphaloz-meid-eventi-50x50.jpg"},"guest-author-64":{"file":"omphaloz-meid-eventi-64x64.jpg","width":64,"height":64,"mime-type":"image\/jpeg","source_url":"https:\/\/www.gardaseezeitung.it\/gardaseezeitung_new\/de\/wp-content\/uploads\/sites\/2\/2022\/08\/omphaloz-meid-eventi-64x64.jpg"},"guest-author-96":{"file":"omphaloz-meid-eventi-96x96.jpg","width":96,"height":96,"mime-type":"image\/jpeg","source_url":"https:\/\/www.gardaseezeitung.it\/gardaseezeitung_new\/de\/wp-content\/uploads\/sites\/2\/2022\/08\/omphaloz-meid-eventi-96x96.jpg"},"guest-author-128":{"file":"omphaloz-meid-eventi-128x128.jpg","width":128,"height":128,"mime-type":"image\/jpeg","source_url":"https:\/\/www.gardaseezeitung.it\/gardaseezeitung_new\/de\/wp-content\/uploads\/sites\/2\/2022\/08\/omphaloz-meid-eventi-128x128.jpg"},"full":{"file":"omphaloz-meid-eventi.jpg","width":960,"height":960,"mime_type":"","source_url":"https:\/\/www.gardaseezeitung.it\/gardaseezeitung_new\/de\/wp-content\/uploads\/sites\/2\/2022\/08\/omphaloz-meid-eventi.jpg"}},"image_meta":{"aperture":"0","credit":"","camera":"","caption":"","created_timestamp":"0","copyright":"","focal_length":"0","iso":"0","shutter_speed":"0","title":"","orientation":"1","keywords":[]}},"_links":{"self":[{"href":"https:\/\/www.gardaseezeitung.it\/gardaseezeitung_new\/de\/wp-json\/wp\/v2\/posts\/11771"}],"collection":[{"href":"https:\/\/www.gardaseezeitung.it\/gardaseezeitung_new\/de\/wp-json\/wp\/v2\/posts"}],"about":[{"href":"https:\/\/www.gardaseezeitung.it\/gardaseezeitung_new\/de\/wp-json\/wp\/v2\/types\/post"}],"author":[{"embeddable":true,"href":"https:\/\/www.gardaseezeitung.it\/gardaseezeitung_new\/de\/wp-json\/wp\/v2\/users\/9"}],"replies":[{"embeddable":true,"href":"https:\/\/www.gardaseezeitung.it\/gardaseezeitung_new\/de\/wp-json\/wp\/v2\/comments?post=11771"}],"version-history":[{"count":1,"href":"https:\/\/www.gardaseezeitung.it\/gardaseezeitung_new\/de\/wp-json\/wp\/v2\/posts\/11771\/revisions"}],"predecessor-version":[{"id":11772,"href":"https:\/\/www.gardaseezeitung.it\/gardaseezeitung_new\/de\/wp-json\/wp\/v2\/posts\/11771\/revisions\/11772"}],"wp:featuredmedia":[{"embeddable":true,"href":"https:\/\/www.gardaseezeitung.it\/gardaseezeitung_new\/de\/wp-json\/wp\/v2\/media\/11770"}],"wp:attachment":[{"href":"https:\/\/www.gardaseezeitung.it\/gardaseezeitung_new\/de\/wp-json\/wp\/v2\/media?parent=11771"}],"wp:term":[{"taxonomy":"category","embeddable":true,"href":"https:\/\/www.gardaseezeitung.it\/gardaseezeitung_new\/de\/wp-json\/wp\/v2\/categories?post=11771"},{"taxonomy":"post_tag","embeddable":true,"href":"https:\/\/www.gardaseezeitung.it\/gardaseezeitung_new\/de\/wp-json\/wp\/v2\/tags?post=11771"},{"taxonomy":"news-destination","embeddable":true,"href":"https:\/\/www.gardaseezeitung.it\/gardaseezeitung_new\/de\/wp-json\/wp\/v2\/news-destination?post=11771"},{"taxonomy":"news-source","embeddable":true,"href":"https:\/\/www.gardaseezeitung.it\/gardaseezeitung_new\/de\/wp-json\/wp\/v2\/news-source?post=11771"},{"taxonomy":"is_homepage","embeddable":true,"href":"https:\/\/www.gardaseezeitung.it\/gardaseezeitung_new\/de\/wp-json\/wp\/v2\/is_homepage?post=11771"},{"taxonomy":"ta_other","embeddable":true,"href":"https:\/\/www.gardaseezeitung.it\/gardaseezeitung_new\/de\/wp-json\/wp\/v2\/ta_other?post=11771"}],"curies":[{"name":"wp","href":"https:\/\/api.w.org\/{rel}","templated":true}]}}