{"id":11774,"date":"2022-08-06T21:02:06","date_gmt":"2022-08-06T19:02:06","guid":{"rendered":"http:\/\/euwp08.newsmemory.com\/gardaseezeitung_new\/de\/2022\/08\/06\/auf-einem-ausflug-mit-dem-ctg-nach-crero-und-monte-baldo\/"},"modified":"2022-08-06T21:02:32","modified_gmt":"2021-10-10T21:02:32","slug":"auf-einem-ausflug-mit-dem-ctg-nach-crero-und-monte-baldo","status":"publish","type":"post","link":"https:\/\/www.gardaseezeitung.it\/2022\/08\/06\/auf-einem-ausflug-mit-dem-ctg-nach-crero-und-monte-baldo\/","title":{"rendered":"Auf einem Ausflug mit dem Ctg nach Crero und Monte Baldo"},"content":{"rendered":"<p>&nbsp;<\/p>\n<p>F\u00fcr den Monte Baldo treffen wir uns um 9.00 Uhr in Caprino auf der Piazza del Monumento ai Caduti: der unvergleichliche Monte Baldo inmitten der W\u00e4lder, Weiden und Malghe (Sch\u00e4ferh\u00fctten) seines \u00f6stlichen Teils ist der Schauplatz des Ausflugs. Anschlie\u00dfend erfolgt ein Autotransfer zum Ausgangspunkt der Exkursion auf den Monte Baldo. Lunchpaket und R\u00fcckkehr um 15.30 Uhr. Es wird um einen Beitrag gebeten; Informationen und Reservierungen k\u00f6nnen unter der Telefonnummer 349.6236406 vorgenommen werden. Ebenfalls morgen findet in Crero, einem Ortsteil von Torri del Benaco, von 10 bis 12 Uhr eine gef\u00fchrte Besichtigung des antiken Torcolo statt.<\/p>\n<p>&nbsp;<\/p>\n","protected":false},"excerpt":{"rendered":"<p>Am Sonntag, 7. August. Informationen und Buchung unter 349 6236406 <\/p>\n","protected":false},"author":9,"featured_media":3223,"comment_status":"open","ping_status":"open","sticky":false,"template":"","format":"standard","meta":[],"categories":[9,6],"tags":[2981,2982,23,26,35],"news-destination":[],"news-source":[],"is_homepage":[],"ta_other":[],"featured_media_details":{"width":1024,"height":768,"file":"2019\/10\/7dbd9a85ffb550cd2bcb66239221fe8f.jpg","sizes":{"thumbnail":{"file":"7dbd9a85ffb550cd2bcb66239221fe8f-150x150.jpg","width":150,"height":150,"mime-type":"image\/jpeg","source_url":"https:\/\/www.gardaseezeitung.it\/gardaseezeitung_new\/de\/wp-content\/uploads\/sites\/2\/2019\/10\/7dbd9a85ffb550cd2bcb66239221fe8f-150x150.jpg"},"medium":{"file":"7dbd9a85ffb550cd2bcb66239221fe8f-300x225.jpg","width":300,"height":225,"mime-type":"image\/jpeg","source_url":"https:\/\/www.gardaseezeitung.it\/gardaseezeitung_new\/de\/wp-content\/uploads\/sites\/2\/2019\/10\/7dbd9a85ffb550cd2bcb66239221fe8f-300x225.jpg"},"medium_large":{"file":"7dbd9a85ffb550cd2bcb66239221fe8f-768x576.jpg","width":768,"height":576,"mime-type":"image\/jpeg","source_url":"https:\/\/www.gardaseezeitung.it\/gardaseezeitung_new\/de\/wp-content\/uploads\/sites\/2\/2019\/10\/7dbd9a85ffb550cd2bcb66239221fe8f-768x576.jpg"},"large":{"file":"7dbd9a85ffb550cd2bcb66239221fe8f-1024x768.jpg","width":1024,"height":768,"mime-type":"image\/jpeg","source_url":"https:\/\/www.gardaseezeitung.it\/gardaseezeitung_new\/de\/wp-content\/uploads\/sites\/2\/2019\/10\/7dbd9a85ffb550cd2bcb66239221fe8f-1024x768.jpg"},"big_image":{"file":"7dbd9a85ffb550cd2bcb66239221fe8f-750x563.jpg","width":750,"height":563,"mime-type":"image\/jpeg","source_url":"https:\/\/www.gardaseezeitung.it\/gardaseezeitung_new\/de\/wp-content\/uploads\/sites\/2\/2019\/10\/7dbd9a85ffb550cd2bcb66239221fe8f-750x563.jpg"},"full":{"file":"7dbd9a85ffb550cd2bcb66239221fe8f.jpg","width":1024,"height":768,"mime_type":"","source_url":"https:\/\/www.gardaseezeitung.it\/gardaseezeitung_new\/de\/wp-content\/uploads\/sites\/2\/2019\/10\/7dbd9a85ffb550cd2bcb66239221fe8f.jpg"}},"image_meta":{"aperture":"2.4","credit":"","camera":"iPhone 4S","caption":"","created_timestamp":"1336650073","copyright":"","focal_length":"4.28","iso":"64","shutter_speed":"0.0070921985815603","title":"","orientation":"1","keywords":[]}},"_links":{"self":[{"href":"https:\/\/www.gardaseezeitung.it\/gardaseezeitung_new\/de\/wp-json\/wp\/v2\/posts\/11774"}],"collection":[{"href":"https:\/\/www.gardaseezeitung.it\/gardaseezeitung_new\/de\/wp-json\/wp\/v2\/posts"}],"about":[{"href":"https:\/\/www.gardaseezeitung.it\/gardaseezeitung_new\/de\/wp-json\/wp\/v2\/types\/post"}],"author":[{"embeddable":true,"href":"https:\/\/www.gardaseezeitung.it\/gardaseezeitung_new\/de\/wp-json\/wp\/v2\/users\/9"}],"replies":[{"embeddable":true,"href":"https:\/\/www.gardaseezeitung.it\/gardaseezeitung_new\/de\/wp-json\/wp\/v2\/comments?post=11774"}],"version-history":[{"count":2,"href":"https:\/\/www.gardaseezeitung.it\/gardaseezeitung_new\/de\/wp-json\/wp\/v2\/posts\/11774\/revisions"}],"predecessor-version":[{"id":11776,"href":"https:\/\/www.gardaseezeitung.it\/gardaseezeitung_new\/de\/wp-json\/wp\/v2\/posts\/11774\/revisions\/11776"}],"wp:featuredmedia":[{"embeddable":true,"href":"https:\/\/www.gardaseezeitung.it\/gardaseezeitung_new\/de\/wp-json\/wp\/v2\/media\/3223"}],"wp:attachment":[{"href":"https:\/\/www.gardaseezeitung.it\/gardaseezeitung_new\/de\/wp-json\/wp\/v2\/media?parent=11774"}],"wp:term":[{"taxonomy":"category","embeddable":true,"href":"https:\/\/www.gardaseezeitung.it\/gardaseezeitung_new\/de\/wp-json\/wp\/v2\/categories?post=11774"},{"taxonomy":"post_tag","embeddable":true,"href":"https:\/\/www.gardaseezeitung.it\/gardaseezeitung_new\/de\/wp-json\/wp\/v2\/tags?post=11774"},{"taxonomy":"news-destination","embeddable":true,"href":"https:\/\/www.gardaseezeitung.it\/gardaseezeitung_new\/de\/wp-json\/wp\/v2\/news-destination?post=11774"},{"taxonomy":"news-source","embeddable":true,"href":"https:\/\/www.gardaseezeitung.it\/gardaseezeitung_new\/de\/wp-json\/wp\/v2\/news-source?post=11774"},{"taxonomy":"is_homepage","embeddable":true,"href":"https:\/\/www.gardaseezeitung.it\/gardaseezeitung_new\/de\/wp-json\/wp\/v2\/is_homepage?post=11774"},{"taxonomy":"ta_other","embeddable":true,"href":"https:\/\/www.gardaseezeitung.it\/gardaseezeitung_new\/de\/wp-json\/wp\/v2\/ta_other?post=11774"}],"curies":[{"name":"wp","href":"https:\/\/api.w.org\/{rel}","templated":true}]}}