{"id":11818,"date":"2022-08-23T23:21:03","date_gmt":"2022-08-23T21:21:03","guid":{"rendered":"http:\/\/euwps06.newsmemory.com\/gardaseezeitung_new\/de\/2022\/08\/23\/iseo-die-rettungsmaschine-wurde-aktiviert-aber-der-vermisste-deutsche-hatte-den-see-nur-ueberquert\/"},"modified":"2022-08-23T23:21:48","modified_gmt":"2021-10-27T23:21:48","slug":"iseo-die-rettungsmaschine-wurde-aktiviert-aber-der-vermisste-deutsche-hatte-den-see-nur-ueberquert","status":"publish","type":"post","link":"https:\/\/www.gardaseezeitung.it\/2022\/08\/23\/iseo-die-rettungsmaschine-wurde-aktiviert-aber-der-vermisste-deutsche-hatte-den-see-nur-ueberquert\/","title":{"rendered":"Iseo: Die Rettungsmaschine wurde aktiviert, aber der &#8222;vermisste&#8220; Deutsche hatte den See nur \u00fcberquert"},"content":{"rendered":"<p>&nbsp;<\/p>\n<p>Stundenlang suchte der Rettungswagen im Wasser des Iseosees nach ihm, doch der 23-j\u00e4hrige Deutsche, ein erfahrener Schwimmer, war am gegen\u00fcberliegenden Ufer angekommen, um die Aussicht zu genie\u00dfen, und wollte zur\u00fcckkehren. Der junge Mann, der mit einem Freund in einem Wohnmobil unterwegs war, hatte beschlossen, schwimmen zu gehen. Er kam bis nach Predore und war auf dem R\u00fcckweg; sein Freund wusste jedoch nichts davon und beschloss nach einigen Stunden, die Notrufnummern zu alarmieren. Die Suche begann sofort mit einem Gro\u00dfaufgebot an Fahrzeugen. Die Retter fanden den 23-J\u00e4hrigen auf dem Boot einer Privatperson, die es mitten auf dem See beladen hatte: Ihm droht nun eine Verwaltungsstrafe von rund 1.000 Euro, weil er ohne Signalboje auf das See hinausgeschwommen war. Aber zum Gl\u00fcck geht es ihm gut.<\/p>\n<p>&nbsp;<\/p>\n","protected":false},"excerpt":{"rendered":"<p>Da er ihn nicht zur\u00fcckkehren sah, schlug sein Freund Alarm<\/p>\n","protected":false},"author":9,"featured_media":10914,"comment_status":"open","ping_status":"open","sticky":false,"template":"","format":"standard","meta":[],"categories":[2,6,3],"tags":[1500,122,3003],"news-destination":[],"news-source":[],"is_homepage":[],"ta_other":[],"featured_media_details":{"width":1200,"height":800,"file":"2022\/05\/esercitazione-vigili-del-fuoco-sirmione-3.jpg","sizes":{"thumbnail":{"file":"esercitazione-vigili-del-fuoco-sirmione-3-150x150.jpg","width":150,"height":150,"mime-type":"image\/jpeg","source_url":"https:\/\/www.gardaseezeitung.it\/gardaseezeitung_new\/de\/wp-content\/uploads\/sites\/2\/2022\/05\/esercitazione-vigili-del-fuoco-sirmione-3-150x150.jpg"},"medium":{"file":"esercitazione-vigili-del-fuoco-sirmione-3-300x200.jpg","width":300,"height":200,"mime-type":"image\/jpeg","source_url":"https:\/\/www.gardaseezeitung.it\/gardaseezeitung_new\/de\/wp-content\/uploads\/sites\/2\/2022\/05\/esercitazione-vigili-del-fuoco-sirmione-3-300x200.jpg"},"medium_large":{"file":"esercitazione-vigili-del-fuoco-sirmione-3-768x512.jpg","width":768,"height":512,"mime-type":"image\/jpeg","source_url":"https:\/\/www.gardaseezeitung.it\/gardaseezeitung_new\/de\/wp-content\/uploads\/sites\/2\/2022\/05\/esercitazione-vigili-del-fuoco-sirmione-3-768x512.jpg"},"large":{"file":"esercitazione-vigili-del-fuoco-sirmione-3-1024x683.jpg","width":1024,"height":683,"mime-type":"image\/jpeg","source_url":"https:\/\/www.gardaseezeitung.it\/gardaseezeitung_new\/de\/wp-content\/uploads\/sites\/2\/2022\/05\/esercitazione-vigili-del-fuoco-sirmione-3-1024x683.jpg"},"big_image":{"file":"esercitazione-vigili-del-fuoco-sirmione-3-750x500.jpg","width":750,"height":500,"mime-type":"image\/jpeg","source_url":"https:\/\/www.gardaseezeitung.it\/gardaseezeitung_new\/de\/wp-content\/uploads\/sites\/2\/2022\/05\/esercitazione-vigili-del-fuoco-sirmione-3-750x500.jpg"},"guest-author-32":{"file":"esercitazione-vigili-del-fuoco-sirmione-3-32x32.jpg","width":32,"height":32,"mime-type":"image\/jpeg","source_url":"https:\/\/www.gardaseezeitung.it\/gardaseezeitung_new\/de\/wp-content\/uploads\/sites\/2\/2022\/05\/esercitazione-vigili-del-fuoco-sirmione-3-32x32.jpg"},"guest-author-50":{"file":"esercitazione-vigili-del-fuoco-sirmione-3-50x50.jpg","width":50,"height":50,"mime-type":"image\/jpeg","source_url":"https:\/\/www.gardaseezeitung.it\/gardaseezeitung_new\/de\/wp-content\/uploads\/sites\/2\/2022\/05\/esercitazione-vigili-del-fuoco-sirmione-3-50x50.jpg"},"guest-author-64":{"file":"esercitazione-vigili-del-fuoco-sirmione-3-64x64.jpg","width":64,"height":64,"mime-type":"image\/jpeg","source_url":"https:\/\/www.gardaseezeitung.it\/gardaseezeitung_new\/de\/wp-content\/uploads\/sites\/2\/2022\/05\/esercitazione-vigili-del-fuoco-sirmione-3-64x64.jpg"},"guest-author-96":{"file":"esercitazione-vigili-del-fuoco-sirmione-3-96x96.jpg","width":96,"height":96,"mime-type":"image\/jpeg","source_url":"https:\/\/www.gardaseezeitung.it\/gardaseezeitung_new\/de\/wp-content\/uploads\/sites\/2\/2022\/05\/esercitazione-vigili-del-fuoco-sirmione-3-96x96.jpg"},"guest-author-128":{"file":"esercitazione-vigili-del-fuoco-sirmione-3-128x128.jpg","width":128,"height":128,"mime-type":"image\/jpeg","source_url":"https:\/\/www.gardaseezeitung.it\/gardaseezeitung_new\/de\/wp-content\/uploads\/sites\/2\/2022\/05\/esercitazione-vigili-del-fuoco-sirmione-3-128x128.jpg"},"full":{"file":"esercitazione-vigili-del-fuoco-sirmione-3.jpg","width":1200,"height":800,"mime_type":"","source_url":"https:\/\/www.gardaseezeitung.it\/gardaseezeitung_new\/de\/wp-content\/uploads\/sites\/2\/2022\/05\/esercitazione-vigili-del-fuoco-sirmione-3.jpg"}},"image_meta":{"aperture":"0","credit":"","camera":"","caption":"","created_timestamp":"0","copyright":"","focal_length":"0","iso":"0","shutter_speed":"0","title":"","orientation":"0","keywords":[]}},"_links":{"self":[{"href":"https:\/\/www.gardaseezeitung.it\/gardaseezeitung_new\/de\/wp-json\/wp\/v2\/posts\/11818"}],"collection":[{"href":"https:\/\/www.gardaseezeitung.it\/gardaseezeitung_new\/de\/wp-json\/wp\/v2\/posts"}],"about":[{"href":"https:\/\/www.gardaseezeitung.it\/gardaseezeitung_new\/de\/wp-json\/wp\/v2\/types\/post"}],"author":[{"embeddable":true,"href":"https:\/\/www.gardaseezeitung.it\/gardaseezeitung_new\/de\/wp-json\/wp\/v2\/users\/9"}],"replies":[{"embeddable":true,"href":"https:\/\/www.gardaseezeitung.it\/gardaseezeitung_new\/de\/wp-json\/wp\/v2\/comments?post=11818"}],"version-history":[{"count":1,"href":"https:\/\/www.gardaseezeitung.it\/gardaseezeitung_new\/de\/wp-json\/wp\/v2\/posts\/11818\/revisions"}],"predecessor-version":[{"id":11821,"href":"https:\/\/www.gardaseezeitung.it\/gardaseezeitung_new\/de\/wp-json\/wp\/v2\/posts\/11818\/revisions\/11821"}],"wp:featuredmedia":[{"embeddable":true,"href":"https:\/\/www.gardaseezeitung.it\/gardaseezeitung_new\/de\/wp-json\/wp\/v2\/media\/10914"}],"wp:attachment":[{"href":"https:\/\/www.gardaseezeitung.it\/gardaseezeitung_new\/de\/wp-json\/wp\/v2\/media?parent=11818"}],"wp:term":[{"taxonomy":"category","embeddable":true,"href":"https:\/\/www.gardaseezeitung.it\/gardaseezeitung_new\/de\/wp-json\/wp\/v2\/categories?post=11818"},{"taxonomy":"post_tag","embeddable":true,"href":"https:\/\/www.gardaseezeitung.it\/gardaseezeitung_new\/de\/wp-json\/wp\/v2\/tags?post=11818"},{"taxonomy":"news-destination","embeddable":true,"href":"https:\/\/www.gardaseezeitung.it\/gardaseezeitung_new\/de\/wp-json\/wp\/v2\/news-destination?post=11818"},{"taxonomy":"news-source","embeddable":true,"href":"https:\/\/www.gardaseezeitung.it\/gardaseezeitung_new\/de\/wp-json\/wp\/v2\/news-source?post=11818"},{"taxonomy":"is_homepage","embeddable":true,"href":"https:\/\/www.gardaseezeitung.it\/gardaseezeitung_new\/de\/wp-json\/wp\/v2\/is_homepage?post=11818"},{"taxonomy":"ta_other","embeddable":true,"href":"https:\/\/www.gardaseezeitung.it\/gardaseezeitung_new\/de\/wp-json\/wp\/v2\/ta_other?post=11818"}],"curies":[{"name":"wp","href":"https:\/\/api.w.org\/{rel}","templated":true}]}}