{"id":11887,"date":"2022-10-07T19:55:19","date_gmt":"2022-10-07T17:55:19","guid":{"rendered":"http:\/\/www-gardaseezeitung-it-euwp*.sitenm.com\/2022\/10\/07\/sonntag-den-9-oktober-startet-die-fieracavalli-reitertour-von-muenchen-nach-verona\/"},"modified":"2022-10-07T19:56:23","modified_gmt":"2021-12-11T19:56:23","slug":"sonntag-den-9-oktober-startet-die-fieracavalli-reitertour-von-muenchen-nach-verona","status":"publish","type":"post","link":"https:\/\/www.gardaseezeitung.it\/2022\/10\/07\/sonntag-den-9-oktober-startet-die-fieracavalli-reitertour-von-muenchen-nach-verona\/","title":{"rendered":"Am Sonntag, den 9. Oktober, startet die Fieracavalli-Reitertour von M\u00fcnchen nach Verona"},"content":{"rendered":"<p>&nbsp;<\/p>\n<p>Am Sonntag, den 9. Oktober, startet auf dem ber\u00fchmten Marienplatz in M\u00fcnchen der von Fieracavalli und Veronafiere gef\u00f6rderte Reiterwettlauf M\u00fcnchen-Verona, der 17 Jahre nach der letzten Veranstaltung wieder stattfindet, um auf die therapeutische Wirkung von Pferden aufmerksam zu machen und den langsamen und nachhaltigen Tourismus zu f\u00f6rdern. Eine Strecke von mehr als 600 km, aufgeteilt in 25 Etappen, f\u00fchrt von Bayern in Richtung Monte Baldo nach Verona, \u00fcber das Inntal und den Fernpass in \u00d6sterreich, den Reschenpass, den Paladopass, den Vinschgau und das Nonstal und den Mendelpass: Pferde und Reiter werden jeden Tag 20 bis 45 km zur\u00fccklegen, um am Er\u00f6ffnungstag der Fieracavalli in Verona anzukommen. Dank der Zusammenarbeit mit der Associazione Nazionale Allevatori Cavalli di Razza Bardigiana (Nationaler Verband der Pferdez\u00fcchter) und der ANAREAI f\u00f6rdert der Raid die italienische Zucht und das italienische Viehzucht-Erbe. Tats\u00e4chlich wurden vier Bardigiani-Pferde ausgew\u00e4hlt, die am Ende der Veranstaltung an Zentren gespendet werden, die sich der tiergest\u00fctzten Intervention widmen, um gef\u00e4hrdeten Gruppen zu helfen, die Fieracavalli schon immer unterst\u00fctzt hat, wie z.B. Gefangene, Frauen, die Gewalt erlitten haben, Jugendliche mit Gl\u00fccksspiel- und Soziopathieproblemen, Kinder, die unter dem Autismus-Spektrum-Syndrom, dem Down-Syndrom, Sehbehinderten oder anderen Arten von Behinderungen leiden, die von einer Beziehung zu Pferden profitieren k\u00f6nnen.In Begleitung von Horse Adventure wechseln sich vier Reiter der Zeitschrift Natura a Cavallo mit den Pferden auf der Strecke ab, damit die Tiere nicht zu m\u00fcde werden. Der Tierschutz wird also gro\u00df geschrieben, was sich auch in der st\u00e4ndigen Anwesenheit von Tier\u00e4rzten und Hufschmieden sowie in gem\u00fctlichen Boxen \u00e4u\u00dfert, die bei jeder Etappe auf die Pferde warten. Auf der Strecke gibt es auch Ruhetage, die ganz im Tempo zur\u00fcckgelegt werden. Mit dieser Reise zu Pferd, die nur von Hybridfahrzeugen begleitet wird, m\u00f6chte Fieracavalli zeigen, dass es m\u00f6glich ist, zu einer anderen Art von Tourismus zur\u00fcckzukehren, in einem langsamen Tempo und mit Respekt f\u00fcr die Umwelt: ein Tourismus, der es erlaubt, das Gebiet in all seinen Entfaltungen zu genie\u00dfen.<\/p>\n<p>&nbsp;<\/p>\n","protected":false},"excerpt":{"rendered":"<p>Die 124. Ausgabe der Pferdemesse findet vom 3. bis 6. November 2022 in Veronafiere statt<\/p>\n","protected":false},"author":9,"featured_media":11886,"comment_status":"open","ping_status":"open","sticky":false,"template":"","format":"standard","meta":[],"categories":[2,4,6],"tags":[3023,3024,23,26,973,3025,525,38,518],"news-destination":[],"news-source":[],"is_homepage":[],"ta_other":[],"featured_media_details":{"width":2342,"height":1561,"file":"2022\/10\/Fieracavalli2017_Veronafiere_FotoEnnevi_NV709616.jpg","sizes":{"thumbnail":{"file":"Fieracavalli2017_Veronafiere_FotoEnnevi_NV709616-150x150.jpg","width":150,"height":150,"mime-type":"image\/jpeg","source_url":"https:\/\/www.gardaseezeitung.it\/gardaseezeitung_new\/de\/wp-content\/uploads\/sites\/2\/2022\/10\/Fieracavalli2017_Veronafiere_FotoEnnevi_NV709616-150x150.jpg"},"medium":{"file":"Fieracavalli2017_Veronafiere_FotoEnnevi_NV709616-300x200.jpg","width":300,"height":200,"mime-type":"image\/jpeg","source_url":"https:\/\/www.gardaseezeitung.it\/gardaseezeitung_new\/de\/wp-content\/uploads\/sites\/2\/2022\/10\/Fieracavalli2017_Veronafiere_FotoEnnevi_NV709616-300x200.jpg"},"medium_large":{"file":"Fieracavalli2017_Veronafiere_FotoEnnevi_NV709616-768x512.jpg","width":768,"height":512,"mime-type":"image\/jpeg","source_url":"https:\/\/www.gardaseezeitung.it\/gardaseezeitung_new\/de\/wp-content\/uploads\/sites\/2\/2022\/10\/Fieracavalli2017_Veronafiere_FotoEnnevi_NV709616-768x512.jpg"},"large":{"file":"Fieracavalli2017_Veronafiere_FotoEnnevi_NV709616-1024x683.jpg","width":1024,"height":683,"mime-type":"image\/jpeg","source_url":"https:\/\/www.gardaseezeitung.it\/gardaseezeitung_new\/de\/wp-content\/uploads\/sites\/2\/2022\/10\/Fieracavalli2017_Veronafiere_FotoEnnevi_NV709616-1024x683.jpg"},"big_image":{"file":"Fieracavalli2017_Veronafiere_FotoEnnevi_NV709616-750x500.jpg","width":750,"height":500,"mime-type":"image\/jpeg","source_url":"https:\/\/www.gardaseezeitung.it\/gardaseezeitung_new\/de\/wp-content\/uploads\/sites\/2\/2022\/10\/Fieracavalli2017_Veronafiere_FotoEnnevi_NV709616-750x500.jpg"},"guest-author-32":{"file":"Fieracavalli2017_Veronafiere_FotoEnnevi_NV709616-32x32.jpg","width":32,"height":32,"mime-type":"image\/jpeg","source_url":"https:\/\/www.gardaseezeitung.it\/gardaseezeitung_new\/de\/wp-content\/uploads\/sites\/2\/2022\/10\/Fieracavalli2017_Veronafiere_FotoEnnevi_NV709616-32x32.jpg"},"guest-author-50":{"file":"Fieracavalli2017_Veronafiere_FotoEnnevi_NV709616-50x50.jpg","width":50,"height":50,"mime-type":"image\/jpeg","source_url":"https:\/\/www.gardaseezeitung.it\/gardaseezeitung_new\/de\/wp-content\/uploads\/sites\/2\/2022\/10\/Fieracavalli2017_Veronafiere_FotoEnnevi_NV709616-50x50.jpg"},"guest-author-64":{"file":"Fieracavalli2017_Veronafiere_FotoEnnevi_NV709616-64x64.jpg","width":64,"height":64,"mime-type":"image\/jpeg","source_url":"https:\/\/www.gardaseezeitung.it\/gardaseezeitung_new\/de\/wp-content\/uploads\/sites\/2\/2022\/10\/Fieracavalli2017_Veronafiere_FotoEnnevi_NV709616-64x64.jpg"},"guest-author-96":{"file":"Fieracavalli2017_Veronafiere_FotoEnnevi_NV709616-96x96.jpg","width":96,"height":96,"mime-type":"image\/jpeg","source_url":"https:\/\/www.gardaseezeitung.it\/gardaseezeitung_new\/de\/wp-content\/uploads\/sites\/2\/2022\/10\/Fieracavalli2017_Veronafiere_FotoEnnevi_NV709616-96x96.jpg"},"guest-author-128":{"file":"Fieracavalli2017_Veronafiere_FotoEnnevi_NV709616-128x128.jpg","width":128,"height":128,"mime-type":"image\/jpeg","source_url":"https:\/\/www.gardaseezeitung.it\/gardaseezeitung_new\/de\/wp-content\/uploads\/sites\/2\/2022\/10\/Fieracavalli2017_Veronafiere_FotoEnnevi_NV709616-128x128.jpg"},"full":{"file":"Fieracavalli2017_Veronafiere_FotoEnnevi_NV709616.jpg","width":2342,"height":1561,"mime_type":"","source_url":"https:\/\/www.gardaseezeitung.it\/gardaseezeitung_new\/de\/wp-content\/uploads\/sites\/2\/2022\/10\/Fieracavalli2017_Veronafiere_FotoEnnevi_NV709616.jpg"}},"image_meta":{"aperture":"5.6","credit":"","camera":"X-T2","caption":"","created_timestamp":"1509190367","copyright":"","focal_length":"77.3","iso":"400","shutter_speed":"0.0058823529411765","title":"","orientation":"1","keywords":[]}},"_links":{"self":[{"href":"https:\/\/www.gardaseezeitung.it\/gardaseezeitung_new\/de\/wp-json\/wp\/v2\/posts\/11887"}],"collection":[{"href":"https:\/\/www.gardaseezeitung.it\/gardaseezeitung_new\/de\/wp-json\/wp\/v2\/posts"}],"about":[{"href":"https:\/\/www.gardaseezeitung.it\/gardaseezeitung_new\/de\/wp-json\/wp\/v2\/types\/post"}],"author":[{"embeddable":true,"href":"https:\/\/www.gardaseezeitung.it\/gardaseezeitung_new\/de\/wp-json\/wp\/v2\/users\/9"}],"replies":[{"embeddable":true,"href":"https:\/\/www.gardaseezeitung.it\/gardaseezeitung_new\/de\/wp-json\/wp\/v2\/comments?post=11887"}],"version-history":[{"count":1,"href":"https:\/\/www.gardaseezeitung.it\/gardaseezeitung_new\/de\/wp-json\/wp\/v2\/posts\/11887\/revisions"}],"predecessor-version":[{"id":11888,"href":"https:\/\/www.gardaseezeitung.it\/gardaseezeitung_new\/de\/wp-json\/wp\/v2\/posts\/11887\/revisions\/11888"}],"wp:featuredmedia":[{"embeddable":true,"href":"https:\/\/www.gardaseezeitung.it\/gardaseezeitung_new\/de\/wp-json\/wp\/v2\/media\/11886"}],"wp:attachment":[{"href":"https:\/\/www.gardaseezeitung.it\/gardaseezeitung_new\/de\/wp-json\/wp\/v2\/media?parent=11887"}],"wp:term":[{"taxonomy":"category","embeddable":true,"href":"https:\/\/www.gardaseezeitung.it\/gardaseezeitung_new\/de\/wp-json\/wp\/v2\/categories?post=11887"},{"taxonomy":"post_tag","embeddable":true,"href":"https:\/\/www.gardaseezeitung.it\/gardaseezeitung_new\/de\/wp-json\/wp\/v2\/tags?post=11887"},{"taxonomy":"news-destination","embeddable":true,"href":"https:\/\/www.gardaseezeitung.it\/gardaseezeitung_new\/de\/wp-json\/wp\/v2\/news-destination?post=11887"},{"taxonomy":"news-source","embeddable":true,"href":"https:\/\/www.gardaseezeitung.it\/gardaseezeitung_new\/de\/wp-json\/wp\/v2\/news-source?post=11887"},{"taxonomy":"is_homepage","embeddable":true,"href":"https:\/\/www.gardaseezeitung.it\/gardaseezeitung_new\/de\/wp-json\/wp\/v2\/is_homepage?post=11887"},{"taxonomy":"ta_other","embeddable":true,"href":"https:\/\/www.gardaseezeitung.it\/gardaseezeitung_new\/de\/wp-json\/wp\/v2\/ta_other?post=11887"}],"curies":[{"name":"wp","href":"https:\/\/api.w.org\/{rel}","templated":true}]}}