{"id":11964,"date":"2022-11-14T09:45:07","date_gmt":"2022-11-14T08:45:07","guid":{"rendered":"http:\/\/www-gardaseezeitung-it-euwp*.sitenm.com\/2022\/11\/14\/ciclovia-del-garda-98-enteignungen-zwischen-sirmione-und-padenghe\/"},"modified":"2022-11-14T09:45:10","modified_gmt":"2022-06-17T09:45:10","slug":"ciclovia-del-garda-98-enteignungen-zwischen-sirmione-und-padenghe","status":"publish","type":"post","link":"https:\/\/www.gardaseezeitung.it\/2022\/11\/14\/ciclovia-del-garda-98-enteignungen-zwischen-sirmione-und-padenghe\/","title":{"rendered":"Ciclovia del Garda, 98 Enteignungen zwischen Sirmione und Padenghe"},"content":{"rendered":"<p>&nbsp;<\/p>\n<p>Der Garda-Radweg (der Traumradweg!), der das ehrgeizige Ziel hat, den gesamten Benaco zu umrunden, und der nach wie vor Touristen aus ganz Europa anzieht, wird auf das untere Gardaseegebiet ausgedehnt. W\u00e4hrend die Regionen Venetien und Trentino ebenfalls an der Verwirklichung des au\u00dfergew\u00f6hnlichen Bauwerks arbeiten, das es erm\u00f6glichen wird, den Gardasee von jeder Ecke aus zu bewundern und atemberaubende Ausblicke und Panoramen zu genie\u00dfen, hat das Verfahren zur Genehmigung des Projekts f\u00fcr den Bau der etwa 20 km langen Strecke zwischen Sirmione und Padenghe begonnen. Um mit den Arbeiten an der Infrastruktur fortzufahren, die f\u00fcr diesen Abschnitt den Ausbau bestehender Radwege und den Bau neuer Strecken vorsieht, w\u00e4re eine Investition erforderlich, die sich nach ersten Sch\u00e4tzungen auf etwa 5,5 Millionen Euro belaufen w\u00fcrde (ein Betrag, der in den 344 Millionen Euro enthalten ist, die f\u00fcr das gesamte Projekt ben\u00f6tigt werden). In diesem Stadium haben daher die Enteignungsma\u00dfnahmen f\u00fcr die Grundst\u00fccke begonnen, auf denen die Projektarbeiten stattfinden: 98 (5 in Desenzano, 11 in Sirmione, 27 in Lonato und 55 in Padenghe). Das b\u00fcrokratische Verfahren f\u00fcr den Erwerb dieser Fl\u00e4chen wurde von der Region Lombardei eingeleitet.<\/p>\n<p>&nbsp;<\/p>\n","protected":false},"excerpt":{"rendered":"<p>Die Enteignungsma\u00dfnahmen f\u00fcr das Grundst\u00fcck, auf dem der Rad- und Fu\u00dfweg gebaut werden soll, haben begonnen<\/p>\n","protected":false},"author":9,"featured_media":11963,"comment_status":"open","ping_status":"open","sticky":false,"template":"","format":"standard","meta":[],"categories":[2,6,3],"tags":[3077,2086,131,3078,23,26,2321,1432,31],"news-destination":[],"news-source":[],"is_homepage":[],"ta_other":[],"featured_media_details":{"width":1200,"height":799,"file":"2022\/11\/brenzone-sul-garda-mtb-360gardalife-1200x799.jpg","sizes":{"thumbnail":{"file":"brenzone-sul-garda-mtb-360gardalife-1200x799-150x150.jpg","width":150,"height":150,"mime-type":"image\/jpeg","source_url":"https:\/\/www.gardaseezeitung.it\/gardaseezeitung_new\/de\/wp-content\/uploads\/sites\/2\/2022\/11\/brenzone-sul-garda-mtb-360gardalife-1200x799-150x150.jpg"},"medium":{"file":"brenzone-sul-garda-mtb-360gardalife-1200x799-300x200.jpg","width":300,"height":200,"mime-type":"image\/jpeg","source_url":"https:\/\/www.gardaseezeitung.it\/gardaseezeitung_new\/de\/wp-content\/uploads\/sites\/2\/2022\/11\/brenzone-sul-garda-mtb-360gardalife-1200x799-300x200.jpg"},"medium_large":{"file":"brenzone-sul-garda-mtb-360gardalife-1200x799-768x511.jpg","width":768,"height":511,"mime-type":"image\/jpeg","source_url":"https:\/\/www.gardaseezeitung.it\/gardaseezeitung_new\/de\/wp-content\/uploads\/sites\/2\/2022\/11\/brenzone-sul-garda-mtb-360gardalife-1200x799-768x511.jpg"},"large":{"file":"brenzone-sul-garda-mtb-360gardalife-1200x799-1024x682.jpg","width":1024,"height":682,"mime-type":"image\/jpeg","source_url":"https:\/\/www.gardaseezeitung.it\/gardaseezeitung_new\/de\/wp-content\/uploads\/sites\/2\/2022\/11\/brenzone-sul-garda-mtb-360gardalife-1200x799-1024x682.jpg"},"big_image":{"file":"brenzone-sul-garda-mtb-360gardalife-1200x799-750x499.jpg","width":750,"height":499,"mime-type":"image\/jpeg","source_url":"https:\/\/www.gardaseezeitung.it\/gardaseezeitung_new\/de\/wp-content\/uploads\/sites\/2\/2022\/11\/brenzone-sul-garda-mtb-360gardalife-1200x799-750x499.jpg"},"guest-author-32":{"file":"brenzone-sul-garda-mtb-360gardalife-1200x799-32x32.jpg","width":32,"height":32,"mime-type":"image\/jpeg","source_url":"https:\/\/www.gardaseezeitung.it\/gardaseezeitung_new\/de\/wp-content\/uploads\/sites\/2\/2022\/11\/brenzone-sul-garda-mtb-360gardalife-1200x799-32x32.jpg"},"guest-author-50":{"file":"brenzone-sul-garda-mtb-360gardalife-1200x799-50x50.jpg","width":50,"height":50,"mime-type":"image\/jpeg","source_url":"https:\/\/www.gardaseezeitung.it\/gardaseezeitung_new\/de\/wp-content\/uploads\/sites\/2\/2022\/11\/brenzone-sul-garda-mtb-360gardalife-1200x799-50x50.jpg"},"guest-author-64":{"file":"brenzone-sul-garda-mtb-360gardalife-1200x799-64x64.jpg","width":64,"height":64,"mime-type":"image\/jpeg","source_url":"https:\/\/www.gardaseezeitung.it\/gardaseezeitung_new\/de\/wp-content\/uploads\/sites\/2\/2022\/11\/brenzone-sul-garda-mtb-360gardalife-1200x799-64x64.jpg"},"guest-author-96":{"file":"brenzone-sul-garda-mtb-360gardalife-1200x799-96x96.jpg","width":96,"height":96,"mime-type":"image\/jpeg","source_url":"https:\/\/www.gardaseezeitung.it\/gardaseezeitung_new\/de\/wp-content\/uploads\/sites\/2\/2022\/11\/brenzone-sul-garda-mtb-360gardalife-1200x799-96x96.jpg"},"guest-author-128":{"file":"brenzone-sul-garda-mtb-360gardalife-1200x799-128x128.jpg","width":128,"height":128,"mime-type":"image\/jpeg","source_url":"https:\/\/www.gardaseezeitung.it\/gardaseezeitung_new\/de\/wp-content\/uploads\/sites\/2\/2022\/11\/brenzone-sul-garda-mtb-360gardalife-1200x799-128x128.jpg"},"full":{"file":"brenzone-sul-garda-mtb-360gardalife-1200x799.jpg","width":1200,"height":799,"mime_type":"","source_url":"https:\/\/www.gardaseezeitung.it\/gardaseezeitung_new\/de\/wp-content\/uploads\/sites\/2\/2022\/11\/brenzone-sul-garda-mtb-360gardalife-1200x799.jpg"}},"image_meta":{"aperture":"11","credit":"","camera":"NIKON D3","caption":"","created_timestamp":"1440675247","copyright":"","focal_length":"14","iso":"400","shutter_speed":"0.002","title":"","orientation":"1","keywords":[]}},"_links":{"self":[{"href":"https:\/\/www.gardaseezeitung.it\/gardaseezeitung_new\/de\/wp-json\/wp\/v2\/posts\/11964"}],"collection":[{"href":"https:\/\/www.gardaseezeitung.it\/gardaseezeitung_new\/de\/wp-json\/wp\/v2\/posts"}],"about":[{"href":"https:\/\/www.gardaseezeitung.it\/gardaseezeitung_new\/de\/wp-json\/wp\/v2\/types\/post"}],"author":[{"embeddable":true,"href":"https:\/\/www.gardaseezeitung.it\/gardaseezeitung_new\/de\/wp-json\/wp\/v2\/users\/9"}],"replies":[{"embeddable":true,"href":"https:\/\/www.gardaseezeitung.it\/gardaseezeitung_new\/de\/wp-json\/wp\/v2\/comments?post=11964"}],"version-history":[{"count":1,"href":"https:\/\/www.gardaseezeitung.it\/gardaseezeitung_new\/de\/wp-json\/wp\/v2\/posts\/11964\/revisions"}],"predecessor-version":[{"id":11965,"href":"https:\/\/www.gardaseezeitung.it\/gardaseezeitung_new\/de\/wp-json\/wp\/v2\/posts\/11964\/revisions\/11965"}],"wp:featuredmedia":[{"embeddable":true,"href":"https:\/\/www.gardaseezeitung.it\/gardaseezeitung_new\/de\/wp-json\/wp\/v2\/media\/11963"}],"wp:attachment":[{"href":"https:\/\/www.gardaseezeitung.it\/gardaseezeitung_new\/de\/wp-json\/wp\/v2\/media?parent=11964"}],"wp:term":[{"taxonomy":"category","embeddable":true,"href":"https:\/\/www.gardaseezeitung.it\/gardaseezeitung_new\/de\/wp-json\/wp\/v2\/categories?post=11964"},{"taxonomy":"post_tag","embeddable":true,"href":"https:\/\/www.gardaseezeitung.it\/gardaseezeitung_new\/de\/wp-json\/wp\/v2\/tags?post=11964"},{"taxonomy":"news-destination","embeddable":true,"href":"https:\/\/www.gardaseezeitung.it\/gardaseezeitung_new\/de\/wp-json\/wp\/v2\/news-destination?post=11964"},{"taxonomy":"news-source","embeddable":true,"href":"https:\/\/www.gardaseezeitung.it\/gardaseezeitung_new\/de\/wp-json\/wp\/v2\/news-source?post=11964"},{"taxonomy":"is_homepage","embeddable":true,"href":"https:\/\/www.gardaseezeitung.it\/gardaseezeitung_new\/de\/wp-json\/wp\/v2\/is_homepage?post=11964"},{"taxonomy":"ta_other","embeddable":true,"href":"https:\/\/www.gardaseezeitung.it\/gardaseezeitung_new\/de\/wp-json\/wp\/v2\/ta_other?post=11964"}],"curies":[{"name":"wp","href":"https:\/\/api.w.org\/{rel}","templated":true}]}}