{"id":11992,"date":"2022-11-22T23:00:04","date_gmt":"2022-11-22T22:00:04","guid":{"rendered":"http:\/\/www-gardaseezeitung-it-euwp*.sitenm.com\/2022\/11\/22\/parco-natura-viva-sonderoeffnung-im-winter\/"},"modified":"2022-11-22T23:01:08","modified_gmt":"2022-06-25T23:01:08","slug":"parco-natura-viva-sonderoeffnung-im-winter","status":"publish","type":"post","link":"https:\/\/www.gardaseezeitung.it\/2022\/11\/22\/parco-natura-viva-sonderoeffnung-im-winter\/","title":{"rendered":"Parco Natura Viva, Sonder\u00f6ffnung im Winter"},"content":{"rendered":"<p>&nbsp;<\/p>\n<p>Der Countdown l\u00e4uft! In weniger als einem Monat, ab dem 12. Dezember, wird der Park nur noch mit dem Fauna-Fu\u00dfg\u00e4ngerbereich ge\u00f6ffnet sein, damit Sie den Zauber des Winters auf unseren Wegen erleben k\u00f6nnen. Eine bezaubernde und faszinierende Atmosph\u00e4re, die man nicht verpassen sollte.<\/p>\n<p>&nbsp;<\/p>\n","protected":false},"excerpt":{"rendered":"<p>Eine Reise durch die biologische Vielfalt mit dem Zauber des Winters<\/p>\n","protected":false},"author":9,"featured_media":11991,"comment_status":"open","ping_status":"open","sticky":false,"template":"","format":"standard","meta":[],"categories":[4,5],"tags":[23,26,75],"news-destination":[],"news-source":[],"is_homepage":[],"ta_other":[],"featured_media_details":{"width":833,"height":474,"file":"2022\/11\/474volanino-a5-inverno-22.jpg","sizes":{"thumbnail":{"file":"474volanino-a5-inverno-22-150x150.jpg","width":150,"height":150,"mime-type":"image\/jpeg","source_url":"https:\/\/www.gardaseezeitung.it\/gardaseezeitung_new\/de\/wp-content\/uploads\/sites\/2\/2022\/11\/474volanino-a5-inverno-22-150x150.jpg"},"medium":{"file":"474volanino-a5-inverno-22-300x171.jpg","width":300,"height":171,"mime-type":"image\/jpeg","source_url":"https:\/\/www.gardaseezeitung.it\/gardaseezeitung_new\/de\/wp-content\/uploads\/sites\/2\/2022\/11\/474volanino-a5-inverno-22-300x171.jpg"},"medium_large":{"file":"474volanino-a5-inverno-22-768x437.jpg","width":768,"height":437,"mime-type":"image\/jpeg","source_url":"https:\/\/www.gardaseezeitung.it\/gardaseezeitung_new\/de\/wp-content\/uploads\/sites\/2\/2022\/11\/474volanino-a5-inverno-22-768x437.jpg"},"big_image":{"file":"474volanino-a5-inverno-22-750x427.jpg","width":750,"height":427,"mime-type":"image\/jpeg","source_url":"https:\/\/www.gardaseezeitung.it\/gardaseezeitung_new\/de\/wp-content\/uploads\/sites\/2\/2022\/11\/474volanino-a5-inverno-22-750x427.jpg"},"guest-author-32":{"file":"474volanino-a5-inverno-22-32x32.jpg","width":32,"height":32,"mime-type":"image\/jpeg","source_url":"https:\/\/www.gardaseezeitung.it\/gardaseezeitung_new\/de\/wp-content\/uploads\/sites\/2\/2022\/11\/474volanino-a5-inverno-22-32x32.jpg"},"guest-author-50":{"file":"474volanino-a5-inverno-22-50x50.jpg","width":50,"height":50,"mime-type":"image\/jpeg","source_url":"https:\/\/www.gardaseezeitung.it\/gardaseezeitung_new\/de\/wp-content\/uploads\/sites\/2\/2022\/11\/474volanino-a5-inverno-22-50x50.jpg"},"guest-author-64":{"file":"474volanino-a5-inverno-22-64x64.jpg","width":64,"height":64,"mime-type":"image\/jpeg","source_url":"https:\/\/www.gardaseezeitung.it\/gardaseezeitung_new\/de\/wp-content\/uploads\/sites\/2\/2022\/11\/474volanino-a5-inverno-22-64x64.jpg"},"guest-author-96":{"file":"474volanino-a5-inverno-22-96x96.jpg","width":96,"height":96,"mime-type":"image\/jpeg","source_url":"https:\/\/www.gardaseezeitung.it\/gardaseezeitung_new\/de\/wp-content\/uploads\/sites\/2\/2022\/11\/474volanino-a5-inverno-22-96x96.jpg"},"guest-author-128":{"file":"474volanino-a5-inverno-22-128x128.jpg","width":128,"height":128,"mime-type":"image\/jpeg","source_url":"https:\/\/www.gardaseezeitung.it\/gardaseezeitung_new\/de\/wp-content\/uploads\/sites\/2\/2022\/11\/474volanino-a5-inverno-22-128x128.jpg"},"full":{"file":"474volanino-a5-inverno-22.jpg","width":833,"height":474,"mime_type":"","source_url":"https:\/\/www.gardaseezeitung.it\/gardaseezeitung_new\/de\/wp-content\/uploads\/sites\/2\/2022\/11\/474volanino-a5-inverno-22.jpg"}},"image_meta":{"aperture":"0","credit":"","camera":"","caption":"","created_timestamp":"0","copyright":"","focal_length":"0","iso":"0","shutter_speed":"0","title":"","orientation":"1","keywords":[]}},"_links":{"self":[{"href":"https:\/\/www.gardaseezeitung.it\/gardaseezeitung_new\/de\/wp-json\/wp\/v2\/posts\/11992"}],"collection":[{"href":"https:\/\/www.gardaseezeitung.it\/gardaseezeitung_new\/de\/wp-json\/wp\/v2\/posts"}],"about":[{"href":"https:\/\/www.gardaseezeitung.it\/gardaseezeitung_new\/de\/wp-json\/wp\/v2\/types\/post"}],"author":[{"embeddable":true,"href":"https:\/\/www.gardaseezeitung.it\/gardaseezeitung_new\/de\/wp-json\/wp\/v2\/users\/9"}],"replies":[{"embeddable":true,"href":"https:\/\/www.gardaseezeitung.it\/gardaseezeitung_new\/de\/wp-json\/wp\/v2\/comments?post=11992"}],"version-history":[{"count":1,"href":"https:\/\/www.gardaseezeitung.it\/gardaseezeitung_new\/de\/wp-json\/wp\/v2\/posts\/11992\/revisions"}],"predecessor-version":[{"id":11993,"href":"https:\/\/www.gardaseezeitung.it\/gardaseezeitung_new\/de\/wp-json\/wp\/v2\/posts\/11992\/revisions\/11993"}],"wp:featuredmedia":[{"embeddable":true,"href":"https:\/\/www.gardaseezeitung.it\/gardaseezeitung_new\/de\/wp-json\/wp\/v2\/media\/11991"}],"wp:attachment":[{"href":"https:\/\/www.gardaseezeitung.it\/gardaseezeitung_new\/de\/wp-json\/wp\/v2\/media?parent=11992"}],"wp:term":[{"taxonomy":"category","embeddable":true,"href":"https:\/\/www.gardaseezeitung.it\/gardaseezeitung_new\/de\/wp-json\/wp\/v2\/categories?post=11992"},{"taxonomy":"post_tag","embeddable":true,"href":"https:\/\/www.gardaseezeitung.it\/gardaseezeitung_new\/de\/wp-json\/wp\/v2\/tags?post=11992"},{"taxonomy":"news-destination","embeddable":true,"href":"https:\/\/www.gardaseezeitung.it\/gardaseezeitung_new\/de\/wp-json\/wp\/v2\/news-destination?post=11992"},{"taxonomy":"news-source","embeddable":true,"href":"https:\/\/www.gardaseezeitung.it\/gardaseezeitung_new\/de\/wp-json\/wp\/v2\/news-source?post=11992"},{"taxonomy":"is_homepage","embeddable":true,"href":"https:\/\/www.gardaseezeitung.it\/gardaseezeitung_new\/de\/wp-json\/wp\/v2\/is_homepage?post=11992"},{"taxonomy":"ta_other","embeddable":true,"href":"https:\/\/www.gardaseezeitung.it\/gardaseezeitung_new\/de\/wp-json\/wp\/v2\/ta_other?post=11992"}],"curies":[{"name":"wp","href":"https:\/\/api.w.org\/{rel}","templated":true}]}}