{"id":12204,"date":"2022-12-02T11:30:29","date_gmt":"2022-12-02T10:30:29","guid":{"rendered":"http:\/\/www-gardaseezeitung-it-euwp*.sitenm.com\/2022\/12\/02\/masterchef-italy-koeche-kochen-fuer-die-oeffentlichkeit-bardolino\/"},"modified":"2022-12-02T11:30:41","modified_gmt":"2022-07-05T11:30:41","slug":"masterchef-italy-koeche-kochen-fuer-die-oeffentlichkeit-bardolino","status":"publish","type":"post","link":"https:\/\/www.gardaseezeitung.it\/2022\/12\/02\/masterchef-italy-koeche-kochen-fuer-die-oeffentlichkeit-bardolino\/","title":{"rendered":"MasterChef Italy-K\u00f6che kochen f\u00fcr die \u00d6ffentlichkeit in Bardolino"},"content":{"rendered":"<p>&nbsp;<\/p>\n<p>MasterChef, die ber\u00fchmteste kulinarische Talentshow der Welt, landet in Bardolino. Am Samstag, den 3. Dezember, werden die K\u00f6che der letzten Ausgabe von MasterChef Italia ein Abendessen im Zeichen des kulturellen Austauschs zubereiten. Im Restaurant Bardolino im Parc Hotel Germano stehen abwechselnd Lia Valetti aus Bardolino am Herd, die regionale italienische K\u00fcche aus Venetien kocht, Mime Kataniwa aus Japan, Bruno Tanzi aus der Emilia Romagna, Nicky Brian Perera aus Sri Lanka und Andrealetizia Pedrini mit traditioneller italienischer Mittelmeerk\u00fcche. Die K\u00f6che werden ein Abendessen mit Gerichten zubereiten, die verschiedene Kulturen einbeziehen und erz\u00e4hlen, wie sich die K\u00fcche im Zusammenhang mit dem kulturellen Austausch ver\u00e4ndert hat. Die Veranstaltung beginnt um 20.00 Uhr. Reservierungen: www.bardolinotop.it &#8211; Tel. 045.6212586.<\/p>\n","protected":false},"excerpt":{"rendered":"<p>Samstag, 3. Dezember ethnische K\u00fcchen im Vergleich<\/p>\n","protected":false},"author":9,"featured_media":12203,"comment_status":"open","ping_status":"open","sticky":false,"template":"","format":"standard","meta":[],"categories":[4,5,3],"tags":[3171,50,3172,23,26,3173,3174,3175,3176,3177],"news-destination":[],"news-source":[],"is_homepage":[],"ta_other":[],"featured_media_details":{"width":700,"height":426,"file":"2022\/11\/MasterChef-11-La-MasterClass-copia.jpg","sizes":{"thumbnail":{"file":"MasterChef-11-La-MasterClass-copia-150x150.jpg","width":150,"height":150,"mime-type":"image\/jpeg","source_url":"https:\/\/www.gardaseezeitung.it\/gardaseezeitung_new\/de\/wp-content\/uploads\/sites\/2\/2022\/11\/MasterChef-11-La-MasterClass-copia-150x150.jpg"},"medium":{"file":"MasterChef-11-La-MasterClass-copia-300x183.jpg","width":300,"height":183,"mime-type":"image\/jpeg","source_url":"https:\/\/www.gardaseezeitung.it\/gardaseezeitung_new\/de\/wp-content\/uploads\/sites\/2\/2022\/11\/MasterChef-11-La-MasterClass-copia-300x183.jpg"},"guest-author-32":{"file":"MasterChef-11-La-MasterClass-copia-32x32.jpg","width":32,"height":32,"mime-type":"image\/jpeg","source_url":"https:\/\/www.gardaseezeitung.it\/gardaseezeitung_new\/de\/wp-content\/uploads\/sites\/2\/2022\/11\/MasterChef-11-La-MasterClass-copia-32x32.jpg"},"guest-author-50":{"file":"MasterChef-11-La-MasterClass-copia-50x50.jpg","width":50,"height":50,"mime-type":"image\/jpeg","source_url":"https:\/\/www.gardaseezeitung.it\/gardaseezeitung_new\/de\/wp-content\/uploads\/sites\/2\/2022\/11\/MasterChef-11-La-MasterClass-copia-50x50.jpg"},"guest-author-64":{"file":"MasterChef-11-La-MasterClass-copia-64x64.jpg","width":64,"height":64,"mime-type":"image\/jpeg","source_url":"https:\/\/www.gardaseezeitung.it\/gardaseezeitung_new\/de\/wp-content\/uploads\/sites\/2\/2022\/11\/MasterChef-11-La-MasterClass-copia-64x64.jpg"},"guest-author-96":{"file":"MasterChef-11-La-MasterClass-copia-96x96.jpg","width":96,"height":96,"mime-type":"image\/jpeg","source_url":"https:\/\/www.gardaseezeitung.it\/gardaseezeitung_new\/de\/wp-content\/uploads\/sites\/2\/2022\/11\/MasterChef-11-La-MasterClass-copia-96x96.jpg"},"guest-author-128":{"file":"MasterChef-11-La-MasterClass-copia-128x128.jpg","width":128,"height":128,"mime-type":"image\/jpeg","source_url":"https:\/\/www.gardaseezeitung.it\/gardaseezeitung_new\/de\/wp-content\/uploads\/sites\/2\/2022\/11\/MasterChef-11-La-MasterClass-copia-128x128.jpg"},"full":{"file":"MasterChef-11-La-MasterClass-copia.jpg","width":700,"height":426,"mime_type":"","source_url":"https:\/\/www.gardaseezeitung.it\/gardaseezeitung_new\/de\/wp-content\/uploads\/sites\/2\/2022\/11\/MasterChef-11-La-MasterClass-copia.jpg"}},"image_meta":{"aperture":"0","credit":"","camera":"","caption":"","created_timestamp":"0","copyright":"","focal_length":"0","iso":"0","shutter_speed":"0","title":"","orientation":"1","keywords":[]}},"_links":{"self":[{"href":"https:\/\/www.gardaseezeitung.it\/gardaseezeitung_new\/de\/wp-json\/wp\/v2\/posts\/12204"}],"collection":[{"href":"https:\/\/www.gardaseezeitung.it\/gardaseezeitung_new\/de\/wp-json\/wp\/v2\/posts"}],"about":[{"href":"https:\/\/www.gardaseezeitung.it\/gardaseezeitung_new\/de\/wp-json\/wp\/v2\/types\/post"}],"author":[{"embeddable":true,"href":"https:\/\/www.gardaseezeitung.it\/gardaseezeitung_new\/de\/wp-json\/wp\/v2\/users\/9"}],"replies":[{"embeddable":true,"href":"https:\/\/www.gardaseezeitung.it\/gardaseezeitung_new\/de\/wp-json\/wp\/v2\/comments?post=12204"}],"version-history":[{"count":1,"href":"https:\/\/www.gardaseezeitung.it\/gardaseezeitung_new\/de\/wp-json\/wp\/v2\/posts\/12204\/revisions"}],"predecessor-version":[{"id":12206,"href":"https:\/\/www.gardaseezeitung.it\/gardaseezeitung_new\/de\/wp-json\/wp\/v2\/posts\/12204\/revisions\/12206"}],"wp:featuredmedia":[{"embeddable":true,"href":"https:\/\/www.gardaseezeitung.it\/gardaseezeitung_new\/de\/wp-json\/wp\/v2\/media\/12203"}],"wp:attachment":[{"href":"https:\/\/www.gardaseezeitung.it\/gardaseezeitung_new\/de\/wp-json\/wp\/v2\/media?parent=12204"}],"wp:term":[{"taxonomy":"category","embeddable":true,"href":"https:\/\/www.gardaseezeitung.it\/gardaseezeitung_new\/de\/wp-json\/wp\/v2\/categories?post=12204"},{"taxonomy":"post_tag","embeddable":true,"href":"https:\/\/www.gardaseezeitung.it\/gardaseezeitung_new\/de\/wp-json\/wp\/v2\/tags?post=12204"},{"taxonomy":"news-destination","embeddable":true,"href":"https:\/\/www.gardaseezeitung.it\/gardaseezeitung_new\/de\/wp-json\/wp\/v2\/news-destination?post=12204"},{"taxonomy":"news-source","embeddable":true,"href":"https:\/\/www.gardaseezeitung.it\/gardaseezeitung_new\/de\/wp-json\/wp\/v2\/news-source?post=12204"},{"taxonomy":"is_homepage","embeddable":true,"href":"https:\/\/www.gardaseezeitung.it\/gardaseezeitung_new\/de\/wp-json\/wp\/v2\/is_homepage?post=12204"},{"taxonomy":"ta_other","embeddable":true,"href":"https:\/\/www.gardaseezeitung.it\/gardaseezeitung_new\/de\/wp-json\/wp\/v2\/ta_other?post=12204"}],"curies":[{"name":"wp","href":"https:\/\/api.w.org\/{rel}","templated":true}]}}