{"id":12347,"date":"2022-12-12T00:28:38","date_gmt":"2022-12-11T23:28:38","guid":{"rendered":"http:\/\/www-gardaseezeitung-it-euwp*.sitenm.com\/2022\/12\/12\/die-music-awards-kehren-im-september-2023-die-arena-di-verona-zurueck\/"},"modified":"2022-12-12T00:30:02","modified_gmt":"2022-07-15T00:30:02","slug":"die-music-awards-kehren-im-september-2023-die-arena-di-verona-zurueck","status":"publish","type":"post","link":"https:\/\/www.gardaseezeitung.it\/2022\/12\/12\/die-music-awards-kehren-im-september-2023-die-arena-di-verona-zurueck\/","title":{"rendered":"Die Music Awards kehren im September 2023 in die Arena di Verona zur\u00fcck"},"content":{"rendered":"<p>Die Music Awards, eine der wichtigsten Veranstaltungen der nationalen Musikszene, werden am 15. und 16. September 2023 in der Arena di Verona bereits zum 17. Hier werden die gro\u00dfen Stars der italienischen Musik f\u00fcr ihre gr\u00f6\u00dften Hits nach den Zertifizierungen von FIMI\/GfK Retail and Technology Italia ausgezeichnet und erhalten von SIAE zertifizierte Live-Awards. Am Donnerstag, dem 14. September, werden zum vierten Mal in Folge die Special Music Awards verliehen. Es werden also drei spannende Abendveranstaltungen in Begleitung der wichtigsten italienischen K\u00fcnstler und Pers\u00f6nlichkeiten aus Fernsehen, Kino, Theater und Sport stattfinden, um eine magische Atmosph\u00e4re am Ende des Sommers voller \u00dcberraschungen zu erleben. Das Line-up der K\u00fcnstler ist noch nicht bekannt, aber die Tickets werden bereits auf TicketOne verkauft.<\/p>\n<hr \/>\n<p>&nbsp;<\/p>\n","protected":false},"excerpt":{"rendered":"<p>Die 17. Ausgabe findet am 15. und 16. September statt. Das Line-up der K\u00fcnstler ist noch nicht bekannt, aber die Tickets sind bereits online erh\u00e4ltlich<\/p>\n","protected":false},"author":9,"featured_media":12346,"comment_status":"open","ping_status":"open","sticky":false,"template":"","format":"standard","meta":[],"categories":[5,6],"tags":[3247,3248,23,26,3249,2504,38],"news-destination":[],"news-source":[],"is_homepage":[],"ta_other":[],"featured_media_details":{"width":2048,"height":1152,"file":"2022\/12\/Eg7nZS_WoAIt-54.jpg","sizes":{"thumbnail":{"file":"Eg7nZS_WoAIt-54-150x150.jpg","width":150,"height":150,"mime-type":"image\/jpeg","source_url":"https:\/\/www.gardaseezeitung.it\/gardaseezeitung_new\/de\/wp-content\/uploads\/sites\/2\/2022\/12\/Eg7nZS_WoAIt-54-150x150.jpg"},"medium":{"file":"Eg7nZS_WoAIt-54-300x169.jpg","width":300,"height":169,"mime-type":"image\/jpeg","source_url":"https:\/\/www.gardaseezeitung.it\/gardaseezeitung_new\/de\/wp-content\/uploads\/sites\/2\/2022\/12\/Eg7nZS_WoAIt-54-300x169.jpg"},"medium_large":{"file":"Eg7nZS_WoAIt-54-768x432.jpg","width":768,"height":432,"mime-type":"image\/jpeg","source_url":"https:\/\/www.gardaseezeitung.it\/gardaseezeitung_new\/de\/wp-content\/uploads\/sites\/2\/2022\/12\/Eg7nZS_WoAIt-54-768x432.jpg"},"large":{"file":"Eg7nZS_WoAIt-54-1024x576.jpg","width":1024,"height":576,"mime-type":"image\/jpeg","source_url":"https:\/\/www.gardaseezeitung.it\/gardaseezeitung_new\/de\/wp-content\/uploads\/sites\/2\/2022\/12\/Eg7nZS_WoAIt-54-1024x576.jpg"},"big_image":{"file":"Eg7nZS_WoAIt-54-750x422.jpg","width":750,"height":422,"mime-type":"image\/jpeg","source_url":"https:\/\/www.gardaseezeitung.it\/gardaseezeitung_new\/de\/wp-content\/uploads\/sites\/2\/2022\/12\/Eg7nZS_WoAIt-54-750x422.jpg"},"guest-author-32":{"file":"Eg7nZS_WoAIt-54-32x32.jpg","width":32,"height":32,"mime-type":"image\/jpeg","source_url":"https:\/\/www.gardaseezeitung.it\/gardaseezeitung_new\/de\/wp-content\/uploads\/sites\/2\/2022\/12\/Eg7nZS_WoAIt-54-32x32.jpg"},"guest-author-50":{"file":"Eg7nZS_WoAIt-54-50x50.jpg","width":50,"height":50,"mime-type":"image\/jpeg","source_url":"https:\/\/www.gardaseezeitung.it\/gardaseezeitung_new\/de\/wp-content\/uploads\/sites\/2\/2022\/12\/Eg7nZS_WoAIt-54-50x50.jpg"},"guest-author-64":{"file":"Eg7nZS_WoAIt-54-64x64.jpg","width":64,"height":64,"mime-type":"image\/jpeg","source_url":"https:\/\/www.gardaseezeitung.it\/gardaseezeitung_new\/de\/wp-content\/uploads\/sites\/2\/2022\/12\/Eg7nZS_WoAIt-54-64x64.jpg"},"guest-author-96":{"file":"Eg7nZS_WoAIt-54-96x96.jpg","width":96,"height":96,"mime-type":"image\/jpeg","source_url":"https:\/\/www.gardaseezeitung.it\/gardaseezeitung_new\/de\/wp-content\/uploads\/sites\/2\/2022\/12\/Eg7nZS_WoAIt-54-96x96.jpg"},"guest-author-128":{"file":"Eg7nZS_WoAIt-54-128x128.jpg","width":128,"height":128,"mime-type":"image\/jpeg","source_url":"https:\/\/www.gardaseezeitung.it\/gardaseezeitung_new\/de\/wp-content\/uploads\/sites\/2\/2022\/12\/Eg7nZS_WoAIt-54-128x128.jpg"},"full":{"file":"Eg7nZS_WoAIt-54.jpg","width":2048,"height":1152,"mime_type":"","source_url":"https:\/\/www.gardaseezeitung.it\/gardaseezeitung_new\/de\/wp-content\/uploads\/sites\/2\/2022\/12\/Eg7nZS_WoAIt-54.jpg"}},"image_meta":{"aperture":"0","credit":"","camera":"","caption":"","created_timestamp":"0","copyright":"","focal_length":"0","iso":"0","shutter_speed":"0","title":"","orientation":"0","keywords":[]}},"_links":{"self":[{"href":"https:\/\/www.gardaseezeitung.it\/gardaseezeitung_new\/de\/wp-json\/wp\/v2\/posts\/12347"}],"collection":[{"href":"https:\/\/www.gardaseezeitung.it\/gardaseezeitung_new\/de\/wp-json\/wp\/v2\/posts"}],"about":[{"href":"https:\/\/www.gardaseezeitung.it\/gardaseezeitung_new\/de\/wp-json\/wp\/v2\/types\/post"}],"author":[{"embeddable":true,"href":"https:\/\/www.gardaseezeitung.it\/gardaseezeitung_new\/de\/wp-json\/wp\/v2\/users\/9"}],"replies":[{"embeddable":true,"href":"https:\/\/www.gardaseezeitung.it\/gardaseezeitung_new\/de\/wp-json\/wp\/v2\/comments?post=12347"}],"version-history":[{"count":1,"href":"https:\/\/www.gardaseezeitung.it\/gardaseezeitung_new\/de\/wp-json\/wp\/v2\/posts\/12347\/revisions"}],"predecessor-version":[{"id":12350,"href":"https:\/\/www.gardaseezeitung.it\/gardaseezeitung_new\/de\/wp-json\/wp\/v2\/posts\/12347\/revisions\/12350"}],"wp:featuredmedia":[{"embeddable":true,"href":"https:\/\/www.gardaseezeitung.it\/gardaseezeitung_new\/de\/wp-json\/wp\/v2\/media\/12346"}],"wp:attachment":[{"href":"https:\/\/www.gardaseezeitung.it\/gardaseezeitung_new\/de\/wp-json\/wp\/v2\/media?parent=12347"}],"wp:term":[{"taxonomy":"category","embeddable":true,"href":"https:\/\/www.gardaseezeitung.it\/gardaseezeitung_new\/de\/wp-json\/wp\/v2\/categories?post=12347"},{"taxonomy":"post_tag","embeddable":true,"href":"https:\/\/www.gardaseezeitung.it\/gardaseezeitung_new\/de\/wp-json\/wp\/v2\/tags?post=12347"},{"taxonomy":"news-destination","embeddable":true,"href":"https:\/\/www.gardaseezeitung.it\/gardaseezeitung_new\/de\/wp-json\/wp\/v2\/news-destination?post=12347"},{"taxonomy":"news-source","embeddable":true,"href":"https:\/\/www.gardaseezeitung.it\/gardaseezeitung_new\/de\/wp-json\/wp\/v2\/news-source?post=12347"},{"taxonomy":"is_homepage","embeddable":true,"href":"https:\/\/www.gardaseezeitung.it\/gardaseezeitung_new\/de\/wp-json\/wp\/v2\/is_homepage?post=12347"},{"taxonomy":"ta_other","embeddable":true,"href":"https:\/\/www.gardaseezeitung.it\/gardaseezeitung_new\/de\/wp-json\/wp\/v2\/ta_other?post=12347"}],"curies":[{"name":"wp","href":"https:\/\/api.w.org\/{rel}","templated":true}]}}