{"id":12362,"date":"2022-12-10T00:02:34","date_gmt":"2022-12-09T23:02:34","guid":{"rendered":"http:\/\/www-gardaseezeitung-it-euwp*.sitenm.com\/2022\/12\/10\/abendmusiken-des-lorenzo-perosi-chors-11-14-und-17-dezember-verona\/"},"modified":"2022-12-12T00:17:13","modified_gmt":"2022-07-15T00:17:13","slug":"abendmusiken-des-lorenzo-perosi-chors-11-14-und-17-dezember-verona","status":"publish","type":"post","link":"https:\/\/www.gardaseezeitung.it\/2022\/12\/10\/abendmusiken-des-lorenzo-perosi-chors-11-14-und-17-dezember-verona\/","title":{"rendered":"Abendmusiken des Lorenzo Perosi Chors am 11., 14. und 17. Dezember in Verona"},"content":{"rendered":"<p>Der Lorenzo Perosi Chor aus Verona unter der Leitung von Maestro Paolo De Zen, mit Paolo Baccianella an der Orgel, pr\u00e4sentiert einen neuen Zyklus von Konzerten mit freiem Eintritt: Sonntag, 11. Dezember, 17 Uhr, Kirche der PP. Filippini; Mittwoch, 14. Dezember, 21 Uhr, Kirche des Heiligsten Herzens Jesu; Samstag, 17. Dezember, 21 Uhr, Kirche von S. Bernardino.<\/p>\n<p>Die Abendmusiken von 2022 sind Komponistinnen zwischen dem 12. und 20. Jahrhundert gewidmet. Das Programm pr\u00e4sentiert in einer Art virtueller Reise durch verschiedene Nationen geistliche Musik f\u00fcr A-cappella-Chor, Orgel solo, Chor und Orgel.12. Jahrhundert: Laus Trinitati und Karitas habundat f\u00fcr Chor, von Hildegard von Bingen, deutsche Nonnenheilige. 17. Jahrhundert: Cessate tympana f\u00fcr Chor und Orgel von Maria Xaveria Peruchona, italienische Nonne. 18. Jahrhundert: Miserere f\u00fcr Chor und Orgel von Marianne Martinez, \u00d6sterreich. 19. Jahrhundert: Pr\u00e4ludium f\u00fcr Orgel von Fanny Mendelssohn, deutsch (Schwester von Felix); Largo f\u00fcr Orgel von Elizabeth Stirling, englisch. 19.-20. Jahrhundert: \u00c9l\u00e9gie f\u00fcr Orgel von C\u00e9cile Chaminade, Franz\u00f6sisch; Adoro te f\u00fcr Chor, Toccata f\u00fcr Orgel, Pastorale f\u00fcr Orgel von Mel Bonis, Franz\u00f6sisch; Psalm 23 f\u00fcr Chor von Alice Tegn\u00e9r, Schwedisch; Help us or God f\u00fcr Chor von Amy Beach, Amerikanisch.<\/p>\n<p>Frauen sind seit der Antike eng mit der Musik verbunden, wie Texte und Gem\u00e4lde bezeugen: In der Bibel, auf griechischen Vasen, \u00e4gyptischen Papyri und in der figurativen Kunst werden spielende, tanzende und singende Frauenfiguren beschrieben. Die Schutzpatronin der Musik und der Musiker ist eine Frau: die heilige C\u00e4cilia, die in der Ikonographie mit einer kleinen Pfeifenorgel in der Hand, umgeben von anderen Musikinstrumenten und singenden Engelsstimmen dargestellt wird. Weniger bekannt ist die Rolle der Frauen in der Geschichte der Musikkomposition. Aufgrund gesellschaftlicher Konventionen und Beschr\u00e4nkungen, die ihrem Geschlecht in der Vergangenheit auferlegt wurden, waren Frauen in der Musik vor allem Interpreten, insbesondere S\u00e4ngerinnen. Im Mittelalter traten einige Nonnenfiguren auf, die Lieder f\u00fcr den liturgischen Dienst komponierten. Ab dem 16. Jahrhundert traten adelige Autorinnen von weltlicher Vokal- und Instrumentalmusik auf. Im Laufe der Zeit steigt die Zahl der Komponistinnen bis zum heutigen Tag.<\/p>\n","protected":false},"excerpt":{"rendered":"<p>F\u00fcr die 43. Ausgabe sind drei Konzerte den Komponistinnen gewidmet, darunter ein deutsches und ein \u00f6sterreichisches Konzert<\/p>\n","protected":false},"author":9,"featured_media":12365,"comment_status":"open","ping_status":"open","sticky":false,"template":"","format":"standard","meta":[],"categories":[2,4,6],"tags":[3263,3264,3265,3266,3267,3268,3269,23,26,3270,3276,3271,3272,3273,1419,3274,3275,38],"news-destination":[],"news-source":[],"is_homepage":[],"ta_other":[],"featured_media_details":{"width":1024,"height":627,"file":"2022\/12\/311863096_551190850342508_849056133152106238_n.jpg","sizes":{"thumbnail":{"file":"311863096_551190850342508_849056133152106238_n-150x150.jpg","width":150,"height":150,"mime-type":"image\/jpeg","source_url":"https:\/\/www.gardaseezeitung.it\/gardaseezeitung_new\/de\/wp-content\/uploads\/sites\/2\/2022\/12\/311863096_551190850342508_849056133152106238_n-150x150.jpg"},"medium":{"file":"311863096_551190850342508_849056133152106238_n-300x184.jpg","width":300,"height":184,"mime-type":"image\/jpeg","source_url":"https:\/\/www.gardaseezeitung.it\/gardaseezeitung_new\/de\/wp-content\/uploads\/sites\/2\/2022\/12\/311863096_551190850342508_849056133152106238_n-300x184.jpg"},"medium_large":{"file":"311863096_551190850342508_849056133152106238_n-768x470.jpg","width":768,"height":470,"mime-type":"image\/jpeg","source_url":"https:\/\/www.gardaseezeitung.it\/gardaseezeitung_new\/de\/wp-content\/uploads\/sites\/2\/2022\/12\/311863096_551190850342508_849056133152106238_n-768x470.jpg"},"large":{"file":"311863096_551190850342508_849056133152106238_n-1024x627.jpg","width":1024,"height":627,"mime-type":"image\/jpeg","source_url":"https:\/\/www.gardaseezeitung.it\/gardaseezeitung_new\/de\/wp-content\/uploads\/sites\/2\/2022\/12\/311863096_551190850342508_849056133152106238_n-1024x627.jpg"},"big_image":{"file":"311863096_551190850342508_849056133152106238_n-750x459.jpg","width":750,"height":459,"mime-type":"image\/jpeg","source_url":"https:\/\/www.gardaseezeitung.it\/gardaseezeitung_new\/de\/wp-content\/uploads\/sites\/2\/2022\/12\/311863096_551190850342508_849056133152106238_n-750x459.jpg"},"guest-author-32":{"file":"311863096_551190850342508_849056133152106238_n-32x32.jpg","width":32,"height":32,"mime-type":"image\/jpeg","source_url":"https:\/\/www.gardaseezeitung.it\/gardaseezeitung_new\/de\/wp-content\/uploads\/sites\/2\/2022\/12\/311863096_551190850342508_849056133152106238_n-32x32.jpg"},"guest-author-50":{"file":"311863096_551190850342508_849056133152106238_n-50x50.jpg","width":50,"height":50,"mime-type":"image\/jpeg","source_url":"https:\/\/www.gardaseezeitung.it\/gardaseezeitung_new\/de\/wp-content\/uploads\/sites\/2\/2022\/12\/311863096_551190850342508_849056133152106238_n-50x50.jpg"},"guest-author-64":{"file":"311863096_551190850342508_849056133152106238_n-64x64.jpg","width":64,"height":64,"mime-type":"image\/jpeg","source_url":"https:\/\/www.gardaseezeitung.it\/gardaseezeitung_new\/de\/wp-content\/uploads\/sites\/2\/2022\/12\/311863096_551190850342508_849056133152106238_n-64x64.jpg"},"guest-author-96":{"file":"311863096_551190850342508_849056133152106238_n-96x96.jpg","width":96,"height":96,"mime-type":"image\/jpeg","source_url":"https:\/\/www.gardaseezeitung.it\/gardaseezeitung_new\/de\/wp-content\/uploads\/sites\/2\/2022\/12\/311863096_551190850342508_849056133152106238_n-96x96.jpg"},"guest-author-128":{"file":"311863096_551190850342508_849056133152106238_n-128x128.jpg","width":128,"height":128,"mime-type":"image\/jpeg","source_url":"https:\/\/www.gardaseezeitung.it\/gardaseezeitung_new\/de\/wp-content\/uploads\/sites\/2\/2022\/12\/311863096_551190850342508_849056133152106238_n-128x128.jpg"},"full":{"file":"311863096_551190850342508_849056133152106238_n.jpg","width":1024,"height":627,"mime_type":"","source_url":"https:\/\/www.gardaseezeitung.it\/gardaseezeitung_new\/de\/wp-content\/uploads\/sites\/2\/2022\/12\/311863096_551190850342508_849056133152106238_n.jpg"}},"image_meta":{"aperture":"0","credit":"","camera":"","caption":"","created_timestamp":"0","copyright":"","focal_length":"0","iso":"0","shutter_speed":"0","title":"","orientation":"1","keywords":[]}},"_links":{"self":[{"href":"https:\/\/www.gardaseezeitung.it\/gardaseezeitung_new\/de\/wp-json\/wp\/v2\/posts\/12362"}],"collection":[{"href":"https:\/\/www.gardaseezeitung.it\/gardaseezeitung_new\/de\/wp-json\/wp\/v2\/posts"}],"about":[{"href":"https:\/\/www.gardaseezeitung.it\/gardaseezeitung_new\/de\/wp-json\/wp\/v2\/types\/post"}],"author":[{"embeddable":true,"href":"https:\/\/www.gardaseezeitung.it\/gardaseezeitung_new\/de\/wp-json\/wp\/v2\/users\/9"}],"replies":[{"embeddable":true,"href":"https:\/\/www.gardaseezeitung.it\/gardaseezeitung_new\/de\/wp-json\/wp\/v2\/comments?post=12362"}],"version-history":[{"count":1,"href":"https:\/\/www.gardaseezeitung.it\/gardaseezeitung_new\/de\/wp-json\/wp\/v2\/posts\/12362\/revisions"}],"predecessor-version":[{"id":12364,"href":"https:\/\/www.gardaseezeitung.it\/gardaseezeitung_new\/de\/wp-json\/wp\/v2\/posts\/12362\/revisions\/12364"}],"wp:featuredmedia":[{"embeddable":true,"href":"https:\/\/www.gardaseezeitung.it\/gardaseezeitung_new\/de\/wp-json\/wp\/v2\/media\/12365"}],"wp:attachment":[{"href":"https:\/\/www.gardaseezeitung.it\/gardaseezeitung_new\/de\/wp-json\/wp\/v2\/media?parent=12362"}],"wp:term":[{"taxonomy":"category","embeddable":true,"href":"https:\/\/www.gardaseezeitung.it\/gardaseezeitung_new\/de\/wp-json\/wp\/v2\/categories?post=12362"},{"taxonomy":"post_tag","embeddable":true,"href":"https:\/\/www.gardaseezeitung.it\/gardaseezeitung_new\/de\/wp-json\/wp\/v2\/tags?post=12362"},{"taxonomy":"news-destination","embeddable":true,"href":"https:\/\/www.gardaseezeitung.it\/gardaseezeitung_new\/de\/wp-json\/wp\/v2\/news-destination?post=12362"},{"taxonomy":"news-source","embeddable":true,"href":"https:\/\/www.gardaseezeitung.it\/gardaseezeitung_new\/de\/wp-json\/wp\/v2\/news-source?post=12362"},{"taxonomy":"is_homepage","embeddable":true,"href":"https:\/\/www.gardaseezeitung.it\/gardaseezeitung_new\/de\/wp-json\/wp\/v2\/is_homepage?post=12362"},{"taxonomy":"ta_other","embeddable":true,"href":"https:\/\/www.gardaseezeitung.it\/gardaseezeitung_new\/de\/wp-json\/wp\/v2\/ta_other?post=12362"}],"curies":[{"name":"wp","href":"https:\/\/api.w.org\/{rel}","templated":true}]}}