{"id":12406,"date":"2022-12-12T11:54:56","date_gmt":"2022-12-12T10:54:56","guid":{"rendered":"http:\/\/www-gardaseezeitung-it-euwp*.sitenm.com\/2022\/12\/12\/hier-sind-die-gewinner-des-fotomarathons-von-sirmione-und-des-fotowettbewerbs-vom-gardasee\/"},"modified":"2022-12-12T11:56:06","modified_gmt":"2022-07-15T11:56:06","slug":"hier-sind-die-gewinner-des-fotomarathons-von-sirmione-und-des-fotowettbewerbs-vom-gardasee","status":"publish","type":"post","link":"https:\/\/www.gardaseezeitung.it\/2022\/12\/12\/hier-sind-die-gewinner-des-fotomarathons-von-sirmione-und-des-fotowettbewerbs-vom-gardasee\/","title":{"rendered":"Hier sind die Gewinner des Fotomarathons von Sirmione und des Fotowettbewerbs vom Gardasee"},"content":{"rendered":"<p>Die Preisverleihung der dreizehnten Ausgabe des Preises f\u00fcr Fotografie von Sirmione fand im Palazzo dei Congressi in Sirmione unter gro\u00dfem Beifall und \u00dcberraschungen statt. Die Stadt am Gardasee hat sich einmal mehr als Hotspot auf der italienischen und internationalen Fotolandkarte best\u00e4tigt. Bedeutende Namen, gro\u00dfe Interpreten und Liebhaber der Fotografie haben ihre Kreativit\u00e4t in die Tat umgesetzt und einen Dialog mit diesem Gebiet und dem Geist seiner Orte gekn\u00fcpft. Im Jahr 2022 wurde die Partnerschaft zwischen der Gemeinde Sirmione und Magnum Photos durch die Anwesenheit von zwei f\u00fchrenden Vertretern der Agentur gest\u00e4rkt und erweitert: Richard Kalvar und die Pr\u00e4sidentin Cristina de Middel, die in pers\u00f6nlichen Ausstellungen, \u00f6ffentlichen Vortr\u00e4gen, Workshops und Fotoprojekten pr\u00e4sent waren.<\/p>\n<p>2022 war das Jahr der ersten fotografischen Residenz in Sirmione, bei der der Turiner Fotograf Davide Greco seine Linse auf Menschen und Geschichten aus dem sozialen Gef\u00fcge der Stadt richtete und daraus ein Projekt ableitete, das wir im Fr\u00fchjahr 2023 sehen werden. Zu diesen Projekten kamen Begegnungen mit anderen Fotografen, literarischen Autoren, Journalisten und Ausstellungen hinzu, bei denen die Fotografie als Leitmotiv und erz\u00e4hlende Stimme von Geschichten \u00fcber Sport, Umweltschutz, soziale Eingliederung und mehr diente. Eine \u00e4u\u00dferst positive Bilanz, die best\u00e4tigt, was Ludovica Pellegatta, Business Development Manager von Magnum Photos, bei der letztj\u00e4hrigen Preisverleihung sagte: &#8222;Sirmione ist eine besondere Heimat der Fotografie&#8220;. Bei der Preisverleihung standen die Gewinner von zwei verschiedenen Wettbewerben auf der B\u00fchne: der Fotomarathon von Sirmione am Sonntag, den 9. Oktober, an dem nicht weniger als 200 Teilnehmer mit 662 Bildern teilgenommen haben, und der Fotowettbewerb vom Gardasee mit vier verschiedenen Themen, an dem dieses Jahr nicht weniger als 186 Teilnehmer mit insgesamt 611 Bildern teilgenommen haben. Zus\u00e4tzlich zu den Preisen wurden auch eine Reihe von Sonderpreisen vergeben: Besonders gew\u00fcrdigt wurden die Preise f\u00fcr 9 junge Fotografen unter 18 Jahren, die durch ihr K\u00f6nnen, ihre Interpretation und ihre Kreativit\u00e4t \u00fcberzeugten.<\/p>\n<p><a href=\"https:\/\/we.tl\/t-6bc6pf4dVL\">Unter diesem Link werden alle Fotos zu Gewinnern erkl\u00e4rt<\/a><\/p>\n<p>Liste der Gewinne<\/p>\n<p>GARDASEE FOTO HERAUSFORDERUNG<br \/>\nThema &#8222;Sirmione&#8220;: 1. Enrico Dotti; 2. Stefania Caldera; 3. Massimo Barbier; 4. Giovanni Brighente \u25cf Thema &#8222;Gardasee&#8220;: 1. Marco Cattani; 2. Alessandro Accordini; 3. Giampaolo Codispoti; 4. klassifiziert &#8211; Immacolata Giordano \u25cf Thema &#8222;Cantine Lugana Sirmione&#8220;: 1. Raffaele Trivini; 2. Francesco Cocchi; 3. Marco Huynh Ngoch An \u25cf Thema &#8222;Arie del Garda&#8220;.\u20281. Andrea Ferrarese; 2. Mauro Gandolfini; 3. Carlo Coco. Sonderpreis Historisches und arch\u00e4ologisches Erbe: Alessio Terzo<\/p>\n<p>SIRMIONE-FOTOMARATHON<br \/>\n1. Anna Perin; 2. &#8211; Giancarlo Restuccia \u25cf Thema &#8222;Largo&#8220;: Besim Shahini (St. Ulrich, BZ)\u2028\u2028 \u25cf Thema &#8222;Adagio&#8220;: Andrea Pagliari (Rodigo, MN)\u2028\u2028Thema &#8222;Allegro&#8220;: Elia De Guidi (Bovolone, VR) \u2028\u2028\u25cf Thema &#8222;Presto&#8220;\u2028Stefano Mani (Caino, BS)<\/p>\n<p>SIRMIONE 10% FOTOMARATHON<br \/>\nThema &#8222;Unten&#8220; Patrizia Bonatti; Michele Tusi; Stefania Pasolini; Luigi Casanova<\/p>\n<p>GARDASEE BLOCKNOTEN FOTOWETTBEWERB<br \/>\nGewinnerin des Finales &#8211; Antonella Pallavicino \u25cf Thema &#8222;Morgen&#8220; Luigi Casanova \u25cf Thema &#8222;Mittagszeit&#8220; Sergio Bellavista \u25cf Thema &#8218;Nachmittag&#8216; Carlo Cattaneo \u25cf Thema &#8222;Abend&#8220; Lorenzo Raffaelli<\/p>\n<p>Liste der besonderen Erw\u00e4hnungen der Jury und ihrer Auszeichnungen<\/p>\n<p>GARDASEE FOTO HERAUSFORDERUNG<br \/>\n\u25cf Thema &#8222;Sirmione&#8220;: Besondere Erw\u00e4hnung der Jury &#8211; Massimo Alfano \u25cf Thema &#8222;Gardasee: &#8220; Besondere Erw\u00e4hnung der Jury &#8211; Massimiliano Morgante und Stefano Civolani<\/p>\n<p>GARDASEE BLOCKNOTEN FOTOWETTBEWERB<br \/>\nBesondere Erw\u00e4hnung durch die Jury &#8211; Enrico Gorra, Daniele Belli \u25cf Thema &#8222;Morgen\u2028Besondere Erw\u00e4hnung der Jury Davide Gualtieri, Giulia Summa \u25cf Thema &#8222;Mittag&#8220;\u2028: Besondere Erw\u00e4hnung der Jury Carlo Cattaneo, Vanessa Maio \u25cf Thema &#8222;Nachmittag\u2028Besondere Erw\u00e4hnung der Jury Mauro Gandolfini, Luigi Casanova \u25cf Thema &#8222;Abend&#8220;: Besondere Erw\u00e4hnung der Jury Andrea Pagliari, Daniela Veronese, Enrico Gorra<\/p>\n<p>PREIS F\u00dcR FOTOGRAFIE IN SIRMIONE<br \/>\nBesondere Erw\u00e4hnungen der Jury f\u00fcr Fotografen unter 18 Jahren<br \/>\nFabio Roncallo, Laurin Oberrauch, Gloria Bigi, Marta Fortini, Micol Savani, Francesca Margherita Manfrin, Gabriele Schiavo, Caterina Bordonaro, Giorgia Plebani<\/p>\n","protected":false},"excerpt":{"rendered":"<p>Gewinnerin des Fotomarathons von Sirmione: Anna Perin; Gewinner des Fotowettbewerbs vom Gardasee: Enrico Dotti und Marco Cattani\u00a0<\/p>\n","protected":false},"author":9,"featured_media":12405,"comment_status":"open","ping_status":"open","sticky":false,"template":"","format":"standard","meta":[],"categories":[2,4,6,3],"tags":[3278,3279,3280,3281,3282,3283,1365,3284,3285,3286,2312,3287,3288,3289,23,26,3290,3291,3292,3293,3294,2313,1907,3295,3296,3297,3298,3299,3300,3301,3302,3303,3165,31,3304,3305],"news-destination":[],"news-source":[],"is_homepage":[],"ta_other":[],"featured_media_details":{"width":1024,"height":679,"file":"2022\/12\/0832C7E0-68E9-4617-B59E-09D7959A5064.jpeg","sizes":{"thumbnail":{"file":"0832C7E0-68E9-4617-B59E-09D7959A5064-150x150.jpeg","width":150,"height":150,"mime-type":"image\/jpeg","source_url":"https:\/\/www.gardaseezeitung.it\/gardaseezeitung_new\/de\/wp-content\/uploads\/sites\/2\/2022\/12\/0832C7E0-68E9-4617-B59E-09D7959A5064-150x150.jpeg"},"medium":{"file":"0832C7E0-68E9-4617-B59E-09D7959A5064-300x199.jpeg","width":300,"height":199,"mime-type":"image\/jpeg","source_url":"https:\/\/www.gardaseezeitung.it\/gardaseezeitung_new\/de\/wp-content\/uploads\/sites\/2\/2022\/12\/0832C7E0-68E9-4617-B59E-09D7959A5064-300x199.jpeg"},"medium_large":{"file":"0832C7E0-68E9-4617-B59E-09D7959A5064-768x509.jpeg","width":768,"height":509,"mime-type":"image\/jpeg","source_url":"https:\/\/www.gardaseezeitung.it\/gardaseezeitung_new\/de\/wp-content\/uploads\/sites\/2\/2022\/12\/0832C7E0-68E9-4617-B59E-09D7959A5064-768x509.jpeg"},"large":{"file":"0832C7E0-68E9-4617-B59E-09D7959A5064-1024x679.jpeg","width":1024,"height":679,"mime-type":"image\/jpeg","source_url":"https:\/\/www.gardaseezeitung.it\/gardaseezeitung_new\/de\/wp-content\/uploads\/sites\/2\/2022\/12\/0832C7E0-68E9-4617-B59E-09D7959A5064-1024x679.jpeg"},"big_image":{"file":"0832C7E0-68E9-4617-B59E-09D7959A5064-750x497.jpeg","width":750,"height":497,"mime-type":"image\/jpeg","source_url":"https:\/\/www.gardaseezeitung.it\/gardaseezeitung_new\/de\/wp-content\/uploads\/sites\/2\/2022\/12\/0832C7E0-68E9-4617-B59E-09D7959A5064-750x497.jpeg"},"guest-author-32":{"file":"0832C7E0-68E9-4617-B59E-09D7959A5064-32x32.jpeg","width":32,"height":32,"mime-type":"image\/jpeg","source_url":"https:\/\/www.gardaseezeitung.it\/gardaseezeitung_new\/de\/wp-content\/uploads\/sites\/2\/2022\/12\/0832C7E0-68E9-4617-B59E-09D7959A5064-32x32.jpeg"},"guest-author-50":{"file":"0832C7E0-68E9-4617-B59E-09D7959A5064-50x50.jpeg","width":50,"height":50,"mime-type":"image\/jpeg","source_url":"https:\/\/www.gardaseezeitung.it\/gardaseezeitung_new\/de\/wp-content\/uploads\/sites\/2\/2022\/12\/0832C7E0-68E9-4617-B59E-09D7959A5064-50x50.jpeg"},"guest-author-64":{"file":"0832C7E0-68E9-4617-B59E-09D7959A5064-64x64.jpeg","width":64,"height":64,"mime-type":"image\/jpeg","source_url":"https:\/\/www.gardaseezeitung.it\/gardaseezeitung_new\/de\/wp-content\/uploads\/sites\/2\/2022\/12\/0832C7E0-68E9-4617-B59E-09D7959A5064-64x64.jpeg"},"guest-author-96":{"file":"0832C7E0-68E9-4617-B59E-09D7959A5064-96x96.jpeg","width":96,"height":96,"mime-type":"image\/jpeg","source_url":"https:\/\/www.gardaseezeitung.it\/gardaseezeitung_new\/de\/wp-content\/uploads\/sites\/2\/2022\/12\/0832C7E0-68E9-4617-B59E-09D7959A5064-96x96.jpeg"},"guest-author-128":{"file":"0832C7E0-68E9-4617-B59E-09D7959A5064-128x128.jpeg","width":128,"height":128,"mime-type":"image\/jpeg","source_url":"https:\/\/www.gardaseezeitung.it\/gardaseezeitung_new\/de\/wp-content\/uploads\/sites\/2\/2022\/12\/0832C7E0-68E9-4617-B59E-09D7959A5064-128x128.jpeg"},"full":{"file":"0832C7E0-68E9-4617-B59E-09D7959A5064.jpeg","width":1024,"height":679,"mime_type":"","source_url":"https:\/\/www.gardaseezeitung.it\/gardaseezeitung_new\/de\/wp-content\/uploads\/sites\/2\/2022\/12\/0832C7E0-68E9-4617-B59E-09D7959A5064.jpeg"}},"image_meta":{"aperture":"0","credit":"","camera":"","caption":"","created_timestamp":"0","copyright":"","focal_length":"0","iso":"0","shutter_speed":"0","title":"","orientation":"1","keywords":[]}},"_links":{"self":[{"href":"https:\/\/www.gardaseezeitung.it\/gardaseezeitung_new\/de\/wp-json\/wp\/v2\/posts\/12406"}],"collection":[{"href":"https:\/\/www.gardaseezeitung.it\/gardaseezeitung_new\/de\/wp-json\/wp\/v2\/posts"}],"about":[{"href":"https:\/\/www.gardaseezeitung.it\/gardaseezeitung_new\/de\/wp-json\/wp\/v2\/types\/post"}],"author":[{"embeddable":true,"href":"https:\/\/www.gardaseezeitung.it\/gardaseezeitung_new\/de\/wp-json\/wp\/v2\/users\/9"}],"replies":[{"embeddable":true,"href":"https:\/\/www.gardaseezeitung.it\/gardaseezeitung_new\/de\/wp-json\/wp\/v2\/comments?post=12406"}],"version-history":[{"count":1,"href":"https:\/\/www.gardaseezeitung.it\/gardaseezeitung_new\/de\/wp-json\/wp\/v2\/posts\/12406\/revisions"}],"predecessor-version":[{"id":12407,"href":"https:\/\/www.gardaseezeitung.it\/gardaseezeitung_new\/de\/wp-json\/wp\/v2\/posts\/12406\/revisions\/12407"}],"wp:featuredmedia":[{"embeddable":true,"href":"https:\/\/www.gardaseezeitung.it\/gardaseezeitung_new\/de\/wp-json\/wp\/v2\/media\/12405"}],"wp:attachment":[{"href":"https:\/\/www.gardaseezeitung.it\/gardaseezeitung_new\/de\/wp-json\/wp\/v2\/media?parent=12406"}],"wp:term":[{"taxonomy":"category","embeddable":true,"href":"https:\/\/www.gardaseezeitung.it\/gardaseezeitung_new\/de\/wp-json\/wp\/v2\/categories?post=12406"},{"taxonomy":"post_tag","embeddable":true,"href":"https:\/\/www.gardaseezeitung.it\/gardaseezeitung_new\/de\/wp-json\/wp\/v2\/tags?post=12406"},{"taxonomy":"news-destination","embeddable":true,"href":"https:\/\/www.gardaseezeitung.it\/gardaseezeitung_new\/de\/wp-json\/wp\/v2\/news-destination?post=12406"},{"taxonomy":"news-source","embeddable":true,"href":"https:\/\/www.gardaseezeitung.it\/gardaseezeitung_new\/de\/wp-json\/wp\/v2\/news-source?post=12406"},{"taxonomy":"is_homepage","embeddable":true,"href":"https:\/\/www.gardaseezeitung.it\/gardaseezeitung_new\/de\/wp-json\/wp\/v2\/is_homepage?post=12406"},{"taxonomy":"ta_other","embeddable":true,"href":"https:\/\/www.gardaseezeitung.it\/gardaseezeitung_new\/de\/wp-json\/wp\/v2\/ta_other?post=12406"}],"curies":[{"name":"wp","href":"https:\/\/api.w.org\/{rel}","templated":true}]}}