{"id":12537,"date":"2022-12-23T00:35:35","date_gmt":"2022-12-22T23:35:35","guid":{"rendered":"http:\/\/www-gardaseezeitung-it-euwp*.sitenm.com\/2022\/12\/21\/salo-der-markt-den-feiertagen-samstag-den-24-und-samstag-den-31-dez-geoeffnet\/"},"modified":"2022-12-23T00:35:48","modified_gmt":"2022-07-26T00:35:48","slug":"salo-der-markt-den-feiertagen-samstag-den-24-und-samstag-den-31-dez-geoeffnet","status":"publish","type":"post","link":"https:\/\/www.gardaseezeitung.it\/2022\/12\/23\/salo-der-markt-den-feiertagen-samstag-den-24-und-samstag-den-31-dez-geoeffnet\/","title":{"rendered":"Sal\u00f2: Der Wochenmarkt ist am Samstag, den 24. und Samstag, den 31. Dezember ge\u00f6ffnet"},"content":{"rendered":"<p>Die Stadtverwaltung hat die B\u00fcrger dar\u00fcber informiert, dass der Wochenmarkt am Samstag, den 24. und Samstag, den 31. Dezember regelm\u00e4\u00dfig stattfinden wird. Das ist eine gute Nachricht f\u00fcr die Einwohner und Tusristen, die sich an die St\u00e4nde des Marktes gew\u00f6hnt haben, der einer der gr\u00f6\u00dften und am besten sortierten am See ist. Es ist eine Gelegenheit, die neuesten Delikatessen f\u00fcr festliche Abendessen und Mittagessen zu kaufen. Oder vielleicht, um die letzten Geschenke zu kaufen. Der Markt findet am Samstagvormittag auf dem Piazzale Pedrazzi in der N\u00e4he des Sportzentrums und des Einkaufszentrums Due Pini statt. Er ist belebt durch St\u00e4nde mit Lebensmitteln, Obst, Gem\u00fcse, Gastronomie, K\u00e4se, Kleidung und Geschenkartikeln, darunter auch die gro\u00dfen Modemarken.<\/p>\n","protected":false},"excerpt":{"rendered":"<p>Der traditionelle Markt am Samstagmorgen in Sal\u00f2 bleibt \u00fcber die Weihnachtsfeiertage nicht geschlossen <\/p>\n","protected":false},"author":9,"featured_media":12539,"comment_status":"open","ping_status":"open","sticky":false,"template":"","format":"standard","meta":[],"categories":[2,5,3],"tags":[23,26,3378,167,2405],"news-destination":[],"news-source":[],"is_homepage":[],"ta_other":[],"featured_media_details":{"width":2048,"height":1536,"file":"2022\/12\/316673333_5663756490326345_1156455804083617563_n.jpg","sizes":{"thumbnail":{"file":"316673333_5663756490326345_1156455804083617563_n-150x150.jpg","width":150,"height":150,"mime-type":"image\/jpeg","source_url":"https:\/\/www.gardaseezeitung.it\/gardaseezeitung_new\/de\/wp-content\/uploads\/sites\/2\/2022\/12\/316673333_5663756490326345_1156455804083617563_n-150x150.jpg"},"medium":{"file":"316673333_5663756490326345_1156455804083617563_n-300x225.jpg","width":300,"height":225,"mime-type":"image\/jpeg","source_url":"https:\/\/www.gardaseezeitung.it\/gardaseezeitung_new\/de\/wp-content\/uploads\/sites\/2\/2022\/12\/316673333_5663756490326345_1156455804083617563_n-300x225.jpg"},"medium_large":{"file":"316673333_5663756490326345_1156455804083617563_n-768x576.jpg","width":768,"height":576,"mime-type":"image\/jpeg","source_url":"https:\/\/www.gardaseezeitung.it\/gardaseezeitung_new\/de\/wp-content\/uploads\/sites\/2\/2022\/12\/316673333_5663756490326345_1156455804083617563_n-768x576.jpg"},"large":{"file":"316673333_5663756490326345_1156455804083617563_n-1024x768.jpg","width":1024,"height":768,"mime-type":"image\/jpeg","source_url":"https:\/\/www.gardaseezeitung.it\/gardaseezeitung_new\/de\/wp-content\/uploads\/sites\/2\/2022\/12\/316673333_5663756490326345_1156455804083617563_n-1024x768.jpg"},"big_image":{"file":"316673333_5663756490326345_1156455804083617563_n-750x563.jpg","width":750,"height":563,"mime-type":"image\/jpeg","source_url":"https:\/\/www.gardaseezeitung.it\/gardaseezeitung_new\/de\/wp-content\/uploads\/sites\/2\/2022\/12\/316673333_5663756490326345_1156455804083617563_n-750x563.jpg"},"guest-author-32":{"file":"316673333_5663756490326345_1156455804083617563_n-32x32.jpg","width":32,"height":32,"mime-type":"image\/jpeg","source_url":"https:\/\/www.gardaseezeitung.it\/gardaseezeitung_new\/de\/wp-content\/uploads\/sites\/2\/2022\/12\/316673333_5663756490326345_1156455804083617563_n-32x32.jpg"},"guest-author-50":{"file":"316673333_5663756490326345_1156455804083617563_n-50x50.jpg","width":50,"height":50,"mime-type":"image\/jpeg","source_url":"https:\/\/www.gardaseezeitung.it\/gardaseezeitung_new\/de\/wp-content\/uploads\/sites\/2\/2022\/12\/316673333_5663756490326345_1156455804083617563_n-50x50.jpg"},"guest-author-64":{"file":"316673333_5663756490326345_1156455804083617563_n-64x64.jpg","width":64,"height":64,"mime-type":"image\/jpeg","source_url":"https:\/\/www.gardaseezeitung.it\/gardaseezeitung_new\/de\/wp-content\/uploads\/sites\/2\/2022\/12\/316673333_5663756490326345_1156455804083617563_n-64x64.jpg"},"guest-author-96":{"file":"316673333_5663756490326345_1156455804083617563_n-96x96.jpg","width":96,"height":96,"mime-type":"image\/jpeg","source_url":"https:\/\/www.gardaseezeitung.it\/gardaseezeitung_new\/de\/wp-content\/uploads\/sites\/2\/2022\/12\/316673333_5663756490326345_1156455804083617563_n-96x96.jpg"},"guest-author-128":{"file":"316673333_5663756490326345_1156455804083617563_n-128x128.jpg","width":128,"height":128,"mime-type":"image\/jpeg","source_url":"https:\/\/www.gardaseezeitung.it\/gardaseezeitung_new\/de\/wp-content\/uploads\/sites\/2\/2022\/12\/316673333_5663756490326345_1156455804083617563_n-128x128.jpg"},"full":{"file":"316673333_5663756490326345_1156455804083617563_n.jpg","width":2048,"height":1536,"mime_type":"","source_url":"https:\/\/www.gardaseezeitung.it\/gardaseezeitung_new\/de\/wp-content\/uploads\/sites\/2\/2022\/12\/316673333_5663756490326345_1156455804083617563_n.jpg"}},"image_meta":{"aperture":"0","credit":"","camera":"","caption":"","created_timestamp":"0","copyright":"","focal_length":"0","iso":"0","shutter_speed":"0","title":"","orientation":"0","keywords":[]}},"_links":{"self":[{"href":"https:\/\/www.gardaseezeitung.it\/gardaseezeitung_new\/de\/wp-json\/wp\/v2\/posts\/12537"}],"collection":[{"href":"https:\/\/www.gardaseezeitung.it\/gardaseezeitung_new\/de\/wp-json\/wp\/v2\/posts"}],"about":[{"href":"https:\/\/www.gardaseezeitung.it\/gardaseezeitung_new\/de\/wp-json\/wp\/v2\/types\/post"}],"author":[{"embeddable":true,"href":"https:\/\/www.gardaseezeitung.it\/gardaseezeitung_new\/de\/wp-json\/wp\/v2\/users\/9"}],"replies":[{"embeddable":true,"href":"https:\/\/www.gardaseezeitung.it\/gardaseezeitung_new\/de\/wp-json\/wp\/v2\/comments?post=12537"}],"version-history":[{"count":2,"href":"https:\/\/www.gardaseezeitung.it\/gardaseezeitung_new\/de\/wp-json\/wp\/v2\/posts\/12537\/revisions"}],"predecessor-version":[{"id":12540,"href":"https:\/\/www.gardaseezeitung.it\/gardaseezeitung_new\/de\/wp-json\/wp\/v2\/posts\/12537\/revisions\/12540"}],"wp:featuredmedia":[{"embeddable":true,"href":"https:\/\/www.gardaseezeitung.it\/gardaseezeitung_new\/de\/wp-json\/wp\/v2\/media\/12539"}],"wp:attachment":[{"href":"https:\/\/www.gardaseezeitung.it\/gardaseezeitung_new\/de\/wp-json\/wp\/v2\/media?parent=12537"}],"wp:term":[{"taxonomy":"category","embeddable":true,"href":"https:\/\/www.gardaseezeitung.it\/gardaseezeitung_new\/de\/wp-json\/wp\/v2\/categories?post=12537"},{"taxonomy":"post_tag","embeddable":true,"href":"https:\/\/www.gardaseezeitung.it\/gardaseezeitung_new\/de\/wp-json\/wp\/v2\/tags?post=12537"},{"taxonomy":"news-destination","embeddable":true,"href":"https:\/\/www.gardaseezeitung.it\/gardaseezeitung_new\/de\/wp-json\/wp\/v2\/news-destination?post=12537"},{"taxonomy":"news-source","embeddable":true,"href":"https:\/\/www.gardaseezeitung.it\/gardaseezeitung_new\/de\/wp-json\/wp\/v2\/news-source?post=12537"},{"taxonomy":"is_homepage","embeddable":true,"href":"https:\/\/www.gardaseezeitung.it\/gardaseezeitung_new\/de\/wp-json\/wp\/v2\/is_homepage?post=12537"},{"taxonomy":"ta_other","embeddable":true,"href":"https:\/\/www.gardaseezeitung.it\/gardaseezeitung_new\/de\/wp-json\/wp\/v2\/ta_other?post=12537"}],"curies":[{"name":"wp","href":"https:\/\/api.w.org\/{rel}","templated":true}]}}