{"id":12573,"date":"2022-12-28T12:24:03","date_gmt":"2022-12-28T11:24:03","guid":{"rendered":"http:\/\/www-gardaseezeitung-it-euwp*.sitenm.com\/2022\/12\/28\/trentino-und-gardasee-bestaetigen-sich-als-paradies-fuer-zwei-raeder\/"},"modified":"2022-12-28T12:26:07","modified_gmt":"2022-07-31T12:26:07","slug":"trentino-und-gardasee-bestaetigen-sich-als-paradies-fuer-zwei-raeder","status":"publish","type":"post","link":"https:\/\/www.gardaseezeitung.it\/2022\/12\/28\/trentino-und-gardasee-bestaetigen-sich-als-paradies-fuer-zwei-raeder\/","title":{"rendered":"Trentino und Gardasee best\u00e4tigen sich als Paradies f\u00fcr zwei R\u00e4der"},"content":{"rendered":"<p>Gute Nachrichten f\u00fcr die Liebhaber des Sports auf zwei R\u00e4dern: 2023 wird also ein weiteres au\u00dfergew\u00f6hnliches Jahr sein, in dem der Radsport auf den Stra\u00dfen des Trenino und des Alto Garda die Hauptrolle spielt. Nach der Alpenrundfahrt vom 17. bis 21. April und dem Giro d&#8217;Italia mit zwei Etappen im Trentino am 23. und 24. Mai sind nun die Italienischen Radmeisterschaften im Einzel- und Zeitfahren der m\u00e4nnlichen und weiblichen Elite an der Reihe, w\u00e4hrend die Nachwuchsfahrer im Zeitfahren antreten. Die Route muss noch im Detail festgelegt werden, aber sie wird Dro, Arco, Riva del Garda und Tenno ber\u00fchren.Die Saison wird dann mit anderen wichtigen Zweiradveranstaltungen fortgesetzt, wie z.B. den Etappen des Trentino MTB Circuit (eine der Pr\u00fcfungen, der Valsugana Wild Ride, wird wiederum das Trikot des italienischen Marathonmeisters vergeben), den Top Dolomites, der Enduro World Series, dem MTB World Cup und der Winteretappe des Cyclocross World Cup.<\/p>\n","protected":false},"excerpt":{"rendered":"<p>Im Jahr 2023 werden dort die Alpenrundfahrt, der Giro d&#8217;Italia, die italienischen Radmeisterschaften sowie MTB- und Cyclo-Cross-Rennen stattfinden<\/p>\n","protected":false},"author":9,"featured_media":12572,"comment_status":"open","ping_status":"open","sticky":false,"template":"","format":"standard","meta":[],"categories":[4,5,6,3],"tags":[3407,219,3408,3409,1329,23,26,3410,2539,2587,221,592,1774],"news-destination":[],"news-source":[],"is_homepage":[],"ta_other":[],"featured_media_details":{"width":2646,"height":1823,"file":"2022\/12\/biciVOLATA.jpg","sizes":{"thumbnail":{"file":"biciVOLATA-150x150.jpg","width":150,"height":150,"mime-type":"image\/jpeg","source_url":"https:\/\/www.gardaseezeitung.it\/gardaseezeitung_new\/de\/wp-content\/uploads\/sites\/2\/2022\/12\/biciVOLATA-150x150.jpg"},"medium":{"file":"biciVOLATA-300x207.jpg","width":300,"height":207,"mime-type":"image\/jpeg","source_url":"https:\/\/www.gardaseezeitung.it\/gardaseezeitung_new\/de\/wp-content\/uploads\/sites\/2\/2022\/12\/biciVOLATA-300x207.jpg"},"medium_large":{"file":"biciVOLATA-768x529.jpg","width":768,"height":529,"mime-type":"image\/jpeg","source_url":"https:\/\/www.gardaseezeitung.it\/gardaseezeitung_new\/de\/wp-content\/uploads\/sites\/2\/2022\/12\/biciVOLATA-768x529.jpg"},"large":{"file":"biciVOLATA-1024x705.jpg","width":1024,"height":705,"mime-type":"image\/jpeg","source_url":"https:\/\/www.gardaseezeitung.it\/gardaseezeitung_new\/de\/wp-content\/uploads\/sites\/2\/2022\/12\/biciVOLATA-1024x705.jpg"},"big_image":{"file":"biciVOLATA-750x517.jpg","width":750,"height":517,"mime-type":"image\/jpeg","source_url":"https:\/\/www.gardaseezeitung.it\/gardaseezeitung_new\/de\/wp-content\/uploads\/sites\/2\/2022\/12\/biciVOLATA-750x517.jpg"},"guest-author-32":{"file":"biciVOLATA-32x32.jpg","width":32,"height":32,"mime-type":"image\/jpeg","source_url":"https:\/\/www.gardaseezeitung.it\/gardaseezeitung_new\/de\/wp-content\/uploads\/sites\/2\/2022\/12\/biciVOLATA-32x32.jpg"},"guest-author-50":{"file":"biciVOLATA-50x50.jpg","width":50,"height":50,"mime-type":"image\/jpeg","source_url":"https:\/\/www.gardaseezeitung.it\/gardaseezeitung_new\/de\/wp-content\/uploads\/sites\/2\/2022\/12\/biciVOLATA-50x50.jpg"},"guest-author-64":{"file":"biciVOLATA-64x64.jpg","width":64,"height":64,"mime-type":"image\/jpeg","source_url":"https:\/\/www.gardaseezeitung.it\/gardaseezeitung_new\/de\/wp-content\/uploads\/sites\/2\/2022\/12\/biciVOLATA-64x64.jpg"},"guest-author-96":{"file":"biciVOLATA-96x96.jpg","width":96,"height":96,"mime-type":"image\/jpeg","source_url":"https:\/\/www.gardaseezeitung.it\/gardaseezeitung_new\/de\/wp-content\/uploads\/sites\/2\/2022\/12\/biciVOLATA-96x96.jpg"},"guest-author-128":{"file":"biciVOLATA-128x128.jpg","width":128,"height":128,"mime-type":"image\/jpeg","source_url":"https:\/\/www.gardaseezeitung.it\/gardaseezeitung_new\/de\/wp-content\/uploads\/sites\/2\/2022\/12\/biciVOLATA-128x128.jpg"},"full":{"file":"biciVOLATA.jpg","width":2646,"height":1823,"mime_type":"","source_url":"https:\/\/www.gardaseezeitung.it\/gardaseezeitung_new\/de\/wp-content\/uploads\/sites\/2\/2022\/12\/biciVOLATA.jpg"}},"image_meta":{"aperture":"4","credit":"","camera":"Canon EOS-1D Mark II N","caption":"","created_timestamp":"1179968536","copyright":"","focal_length":"300","iso":"400","shutter_speed":"0.0015625","title":"","orientation":"1","keywords":[]}},"_links":{"self":[{"href":"https:\/\/www.gardaseezeitung.it\/gardaseezeitung_new\/de\/wp-json\/wp\/v2\/posts\/12573"}],"collection":[{"href":"https:\/\/www.gardaseezeitung.it\/gardaseezeitung_new\/de\/wp-json\/wp\/v2\/posts"}],"about":[{"href":"https:\/\/www.gardaseezeitung.it\/gardaseezeitung_new\/de\/wp-json\/wp\/v2\/types\/post"}],"author":[{"embeddable":true,"href":"https:\/\/www.gardaseezeitung.it\/gardaseezeitung_new\/de\/wp-json\/wp\/v2\/users\/9"}],"replies":[{"embeddable":true,"href":"https:\/\/www.gardaseezeitung.it\/gardaseezeitung_new\/de\/wp-json\/wp\/v2\/comments?post=12573"}],"version-history":[{"count":1,"href":"https:\/\/www.gardaseezeitung.it\/gardaseezeitung_new\/de\/wp-json\/wp\/v2\/posts\/12573\/revisions"}],"predecessor-version":[{"id":12574,"href":"https:\/\/www.gardaseezeitung.it\/gardaseezeitung_new\/de\/wp-json\/wp\/v2\/posts\/12573\/revisions\/12574"}],"wp:featuredmedia":[{"embeddable":true,"href":"https:\/\/www.gardaseezeitung.it\/gardaseezeitung_new\/de\/wp-json\/wp\/v2\/media\/12572"}],"wp:attachment":[{"href":"https:\/\/www.gardaseezeitung.it\/gardaseezeitung_new\/de\/wp-json\/wp\/v2\/media?parent=12573"}],"wp:term":[{"taxonomy":"category","embeddable":true,"href":"https:\/\/www.gardaseezeitung.it\/gardaseezeitung_new\/de\/wp-json\/wp\/v2\/categories?post=12573"},{"taxonomy":"post_tag","embeddable":true,"href":"https:\/\/www.gardaseezeitung.it\/gardaseezeitung_new\/de\/wp-json\/wp\/v2\/tags?post=12573"},{"taxonomy":"news-destination","embeddable":true,"href":"https:\/\/www.gardaseezeitung.it\/gardaseezeitung_new\/de\/wp-json\/wp\/v2\/news-destination?post=12573"},{"taxonomy":"news-source","embeddable":true,"href":"https:\/\/www.gardaseezeitung.it\/gardaseezeitung_new\/de\/wp-json\/wp\/v2\/news-source?post=12573"},{"taxonomy":"is_homepage","embeddable":true,"href":"https:\/\/www.gardaseezeitung.it\/gardaseezeitung_new\/de\/wp-json\/wp\/v2\/is_homepage?post=12573"},{"taxonomy":"ta_other","embeddable":true,"href":"https:\/\/www.gardaseezeitung.it\/gardaseezeitung_new\/de\/wp-json\/wp\/v2\/ta_other?post=12573"}],"curies":[{"name":"wp","href":"https:\/\/api.w.org\/{rel}","templated":true}]}}