{"id":12596,"date":"2022-12-30T14:45:02","date_gmt":"2022-12-30T13:45:02","guid":{"rendered":"http:\/\/www-gardaseezeitung-it-euwp*.sitenm.com\/2022\/12\/30\/jonathan-tetelman-gibt-sein-debuet-verona-der-silvestergala-la-boheme\/"},"modified":"2022-12-30T14:45:05","modified_gmt":"2022-08-02T14:45:05","slug":"jonathan-tetelman-gibt-sein-debuet-verona-der-silvestergala-la-boheme","status":"publish","type":"post","link":"https:\/\/www.gardaseezeitung.it\/2022\/12\/30\/jonathan-tetelman-gibt-sein-debuet-verona-der-silvestergala-la-boheme\/","title":{"rendered":"Jonathan Tetelman gibt sein Deb\u00fct in Verona in der Silvestergala La Boh\u00e8me"},"content":{"rendered":"<p>Anstelle von Roberto Alagna, der sich wegen einer Erkrankung zur\u00fcckziehen musste, gibt einer der gefragtesten S\u00e4nger der Gegenwart sein Deb\u00fct in Verona als Rodolfo: der junge amerikanische Tenor Jonathan Tetelman, geboren 1988, der in dieser Rolle bereits in verschiedenen Theatern auf der ganzen Welt und auch in der k\u00fcrzlich von Mario Martone f\u00fcr das italienische Fernsehen gedrehten Film-Oper gefeiert wurde. Die au\u00dfergew\u00f6hnliche Auff\u00fchrung von La Boh\u00e8me wird am Samstag, den 31. Dezember um 19 Uhr nach vier fast ausverkauften Vorstellungen aufgef\u00fchrt: Puccinis Meisterwerk, die ewig jugendliche Oper \u00fcber Freundschaft und Liebe, kann auf eine au\u00dfergew\u00f6hnliche Besetzung z\u00e4hlen, die von Jonathan Tetelman angef\u00fchrt wird, und zwar neben der Sopranistin Irina Lungu als Mim\u00ec und einer Besetzung mit sehr jungen S\u00e4ngern, darunter die umjubelten Alessandro Luongo, Francesco Leone, Jan Antem und die Deb\u00fctanten Daria Rybak, Nicol\u00f2 Donini und Roberto Accurso. Am Pult steht Maestro Andrea Battistoni, ein Veroneser mit internationaler Karriere, der das Orchester, den Chor und den A.Li.Ve-Kinderchor dirigiert. Die Karten f\u00fcr die einzelnen Sektoren sind an der Kasse, auf der Website arena.it und in der TicketOne-Schaltung erh\u00e4ltlich, mit Preisen ab 18 \u20ac und einer besonderen Erm\u00e4\u00dfigung von 45 % f\u00fcr Abonnenten der Spielzeiten 2022 und 2023 der Fondazione Arena.<\/p>\n","protected":false},"excerpt":{"rendered":"<p>Au\u00dferordentliche Auff\u00fchrung am 31. Dezember um 19 Uhr im Teatro Filarmonico in Verona<\/p>\n","protected":false},"author":9,"featured_media":12595,"comment_status":"open","ping_status":"open","sticky":false,"template":"","format":"standard","meta":[],"categories":[2,4,5,6],"tags":[1392,138,3443,1780,3444,23,26,3445,3446,3447,3448,3449,111,277,38,1646],"news-destination":[],"news-source":[],"is_homepage":[],"ta_other":[],"featured_media_details":{"width":2048,"height":1365,"file":"2022\/12\/279425723_426499199475598_605435596011846823_n.jpg","sizes":{"thumbnail":{"file":"279425723_426499199475598_605435596011846823_n-150x150.jpg","width":150,"height":150,"mime-type":"image\/jpeg","source_url":"https:\/\/www.gardaseezeitung.it\/gardaseezeitung_new\/de\/wp-content\/uploads\/sites\/2\/2022\/12\/279425723_426499199475598_605435596011846823_n-150x150.jpg"},"medium":{"file":"279425723_426499199475598_605435596011846823_n-300x200.jpg","width":300,"height":200,"mime-type":"image\/jpeg","source_url":"https:\/\/www.gardaseezeitung.it\/gardaseezeitung_new\/de\/wp-content\/uploads\/sites\/2\/2022\/12\/279425723_426499199475598_605435596011846823_n-300x200.jpg"},"medium_large":{"file":"279425723_426499199475598_605435596011846823_n-768x512.jpg","width":768,"height":512,"mime-type":"image\/jpeg","source_url":"https:\/\/www.gardaseezeitung.it\/gardaseezeitung_new\/de\/wp-content\/uploads\/sites\/2\/2022\/12\/279425723_426499199475598_605435596011846823_n-768x512.jpg"},"large":{"file":"279425723_426499199475598_605435596011846823_n-1024x683.jpg","width":1024,"height":683,"mime-type":"image\/jpeg","source_url":"https:\/\/www.gardaseezeitung.it\/gardaseezeitung_new\/de\/wp-content\/uploads\/sites\/2\/2022\/12\/279425723_426499199475598_605435596011846823_n-1024x683.jpg"},"big_image":{"file":"279425723_426499199475598_605435596011846823_n-750x500.jpg","width":750,"height":500,"mime-type":"image\/jpeg","source_url":"https:\/\/www.gardaseezeitung.it\/gardaseezeitung_new\/de\/wp-content\/uploads\/sites\/2\/2022\/12\/279425723_426499199475598_605435596011846823_n-750x500.jpg"},"guest-author-32":{"file":"279425723_426499199475598_605435596011846823_n-32x32.jpg","width":32,"height":32,"mime-type":"image\/jpeg","source_url":"https:\/\/www.gardaseezeitung.it\/gardaseezeitung_new\/de\/wp-content\/uploads\/sites\/2\/2022\/12\/279425723_426499199475598_605435596011846823_n-32x32.jpg"},"guest-author-50":{"file":"279425723_426499199475598_605435596011846823_n-50x50.jpg","width":50,"height":50,"mime-type":"image\/jpeg","source_url":"https:\/\/www.gardaseezeitung.it\/gardaseezeitung_new\/de\/wp-content\/uploads\/sites\/2\/2022\/12\/279425723_426499199475598_605435596011846823_n-50x50.jpg"},"guest-author-64":{"file":"279425723_426499199475598_605435596011846823_n-64x64.jpg","width":64,"height":64,"mime-type":"image\/jpeg","source_url":"https:\/\/www.gardaseezeitung.it\/gardaseezeitung_new\/de\/wp-content\/uploads\/sites\/2\/2022\/12\/279425723_426499199475598_605435596011846823_n-64x64.jpg"},"guest-author-96":{"file":"279425723_426499199475598_605435596011846823_n-96x96.jpg","width":96,"height":96,"mime-type":"image\/jpeg","source_url":"https:\/\/www.gardaseezeitung.it\/gardaseezeitung_new\/de\/wp-content\/uploads\/sites\/2\/2022\/12\/279425723_426499199475598_605435596011846823_n-96x96.jpg"},"guest-author-128":{"file":"279425723_426499199475598_605435596011846823_n-128x128.jpg","width":128,"height":128,"mime-type":"image\/jpeg","source_url":"https:\/\/www.gardaseezeitung.it\/gardaseezeitung_new\/de\/wp-content\/uploads\/sites\/2\/2022\/12\/279425723_426499199475598_605435596011846823_n-128x128.jpg"},"full":{"file":"279425723_426499199475598_605435596011846823_n.jpg","width":2048,"height":1365,"mime_type":"","source_url":"https:\/\/www.gardaseezeitung.it\/gardaseezeitung_new\/de\/wp-content\/uploads\/sites\/2\/2022\/12\/279425723_426499199475598_605435596011846823_n.jpg"}},"image_meta":{"aperture":"0","credit":"","camera":"","caption":"","created_timestamp":"0","copyright":"","focal_length":"0","iso":"0","shutter_speed":"0","title":"","orientation":"0","keywords":[]}},"_links":{"self":[{"href":"https:\/\/www.gardaseezeitung.it\/gardaseezeitung_new\/de\/wp-json\/wp\/v2\/posts\/12596"}],"collection":[{"href":"https:\/\/www.gardaseezeitung.it\/gardaseezeitung_new\/de\/wp-json\/wp\/v2\/posts"}],"about":[{"href":"https:\/\/www.gardaseezeitung.it\/gardaseezeitung_new\/de\/wp-json\/wp\/v2\/types\/post"}],"author":[{"embeddable":true,"href":"https:\/\/www.gardaseezeitung.it\/gardaseezeitung_new\/de\/wp-json\/wp\/v2\/users\/9"}],"replies":[{"embeddable":true,"href":"https:\/\/www.gardaseezeitung.it\/gardaseezeitung_new\/de\/wp-json\/wp\/v2\/comments?post=12596"}],"version-history":[{"count":1,"href":"https:\/\/www.gardaseezeitung.it\/gardaseezeitung_new\/de\/wp-json\/wp\/v2\/posts\/12596\/revisions"}],"predecessor-version":[{"id":12597,"href":"https:\/\/www.gardaseezeitung.it\/gardaseezeitung_new\/de\/wp-json\/wp\/v2\/posts\/12596\/revisions\/12597"}],"wp:featuredmedia":[{"embeddable":true,"href":"https:\/\/www.gardaseezeitung.it\/gardaseezeitung_new\/de\/wp-json\/wp\/v2\/media\/12595"}],"wp:attachment":[{"href":"https:\/\/www.gardaseezeitung.it\/gardaseezeitung_new\/de\/wp-json\/wp\/v2\/media?parent=12596"}],"wp:term":[{"taxonomy":"category","embeddable":true,"href":"https:\/\/www.gardaseezeitung.it\/gardaseezeitung_new\/de\/wp-json\/wp\/v2\/categories?post=12596"},{"taxonomy":"post_tag","embeddable":true,"href":"https:\/\/www.gardaseezeitung.it\/gardaseezeitung_new\/de\/wp-json\/wp\/v2\/tags?post=12596"},{"taxonomy":"news-destination","embeddable":true,"href":"https:\/\/www.gardaseezeitung.it\/gardaseezeitung_new\/de\/wp-json\/wp\/v2\/news-destination?post=12596"},{"taxonomy":"news-source","embeddable":true,"href":"https:\/\/www.gardaseezeitung.it\/gardaseezeitung_new\/de\/wp-json\/wp\/v2\/news-source?post=12596"},{"taxonomy":"is_homepage","embeddable":true,"href":"https:\/\/www.gardaseezeitung.it\/gardaseezeitung_new\/de\/wp-json\/wp\/v2\/is_homepage?post=12596"},{"taxonomy":"ta_other","embeddable":true,"href":"https:\/\/www.gardaseezeitung.it\/gardaseezeitung_new\/de\/wp-json\/wp\/v2\/ta_other?post=12596"}],"curies":[{"name":"wp","href":"https:\/\/api.w.org\/{rel}","templated":true}]}}