{"id":12597,"date":"2022-12-28T00:10:06","date_gmt":"2022-12-27T23:10:06","guid":{"rendered":"http:\/\/www-gardaseezeitung-it-euwp*.sitenm.com\/2022\/12\/28\/das-jesuskind-der-krippe-der-unterwasserkrippe-peschiera-del-garda\/"},"modified":"2022-12-28T00:13:09","modified_gmt":"2022-07-31T00:13:09","slug":"das-jesuskind-der-krippe-der-unterwasserkrippe-peschiera-del-garda","status":"publish","type":"post","link":"https:\/\/www.gardaseezeitung.it\/2022\/12\/28\/das-jesuskind-der-krippe-der-unterwasserkrippe-peschiera-del-garda\/","title":{"rendered":"Das Jesuskind in der Krippe der Unterwasserkrippe in Peschiera del Garda"},"content":{"rendered":"<p>Es ist eine Tradition, die seit Jahren erneuert wird und immer wieder aufs Neue fasziniert: So auch am sp\u00e4ten Nachmittag des Heiligen Abends mit dem Umzug der lebenden Krippenfiguren. Die Inszenierung diente als Auftakt f\u00fcr die Aufstellung der Statue des Jesuskindes in der Unterwasserkrippe, die seit 1980 vom Peschiera Sub Club realisiert wird und seit 1993 von der Br\u00fccke San Giovanni aus zu sehen ist. Die Prozession wurde sowohl zu Fu\u00df als auch auf dem Wasser von der Musik der Zampognari Veneti begleitet. Die Wasserparade auf dem Canale di Mezzo wurde durch den Fackelweg er\u00f6ffnet, der von den Fackeln auf den Kanus der jungen Sportler des Ruderclubs Peschiera gebildet wurde, gefolgt von den Garda-Gondolinos, die die Figuren der lebenden Krippe trugen. Mit Maria und Josef auf dem Schiff war auch Don Luigi Trapelli, Pfarrer von San Benedetto di Lugana, der die Jesuskind-Statue segnete. Die Statue des Jesuskindes wurde schlie\u00dflich von Maria an zwei Taucher weitergegeben, die es in die Krippe legten. Zahlreiche Zuschauer dr\u00e4ngten sich auf der San Giovanni-Br\u00fccke und entlang des Canale di Mezzo, um das Ereignis mitzuerleben, das auch in Zusammenarbeit mit den Amici del Gondolin (Freunde der Gondel) und der Gemeindeverwaltung durchgef\u00fchrt wurde. Die Figuren der Unterwasserkrippe sind aus Stahl gefertigt und deutlich sichtbar, da sie mit reflektierender Farbe gestrichen sind.<\/p>\n","protected":false},"excerpt":{"rendered":"<p>Seit zweiundvierzig Jahren werden die von den Besuchern gespendeten Spenden an die Sozialdienste der Gemeinde weitergegeben<\/p>\n","protected":false},"author":9,"featured_media":8374,"comment_status":"open","ping_status":"open","sticky":false,"template":"","format":"standard","meta":[],"categories":[2,6,3],"tags":[3410,1555,3411,23,26,3412,765,3413,3414,1646,3415],"news-destination":[],"news-source":[],"is_homepage":[],"ta_other":[],"featured_media_details":{"width":512,"height":287,"file":"2020\/12\/peschierapresepe5.png","sizes":{"thumbnail":{"file":"peschierapresepe5-150x150.png","width":150,"height":150,"mime-type":"image\/png","source_url":"https:\/\/www.gardaseezeitung.it\/gardaseezeitung_new\/de\/wp-content\/uploads\/sites\/2\/2020\/12\/peschierapresepe5-150x150.png"},"medium":{"file":"peschierapresepe5-300x168.png","width":300,"height":168,"mime-type":"image\/png","source_url":"https:\/\/www.gardaseezeitung.it\/gardaseezeitung_new\/de\/wp-content\/uploads\/sites\/2\/2020\/12\/peschierapresepe5-300x168.png"},"guest-author-32":{"file":"peschierapresepe5-32x32.png","width":32,"height":32,"mime-type":"image\/png","source_url":"https:\/\/www.gardaseezeitung.it\/gardaseezeitung_new\/de\/wp-content\/uploads\/sites\/2\/2020\/12\/peschierapresepe5-32x32.png"},"guest-author-50":{"file":"peschierapresepe5-50x50.png","width":50,"height":50,"mime-type":"image\/png","source_url":"https:\/\/www.gardaseezeitung.it\/gardaseezeitung_new\/de\/wp-content\/uploads\/sites\/2\/2020\/12\/peschierapresepe5-50x50.png"},"guest-author-64":{"file":"peschierapresepe5-64x64.png","width":64,"height":64,"mime-type":"image\/png","source_url":"https:\/\/www.gardaseezeitung.it\/gardaseezeitung_new\/de\/wp-content\/uploads\/sites\/2\/2020\/12\/peschierapresepe5-64x64.png"},"guest-author-96":{"file":"peschierapresepe5-96x96.png","width":96,"height":96,"mime-type":"image\/png","source_url":"https:\/\/www.gardaseezeitung.it\/gardaseezeitung_new\/de\/wp-content\/uploads\/sites\/2\/2020\/12\/peschierapresepe5-96x96.png"},"guest-author-128":{"file":"peschierapresepe5-128x128.png","width":128,"height":128,"mime-type":"image\/png","source_url":"https:\/\/www.gardaseezeitung.it\/gardaseezeitung_new\/de\/wp-content\/uploads\/sites\/2\/2020\/12\/peschierapresepe5-128x128.png"},"full":{"file":"peschierapresepe5.png","width":512,"height":287,"mime_type":"","source_url":"https:\/\/www.gardaseezeitung.it\/gardaseezeitung_new\/de\/wp-content\/uploads\/sites\/2\/2020\/12\/peschierapresepe5.png"}},"image_meta":{"aperture":"0","credit":"","camera":"","caption":"","created_timestamp":"0","copyright":"","focal_length":"0","iso":"0","shutter_speed":"0","title":"","orientation":"0","keywords":[]}},"_links":{"self":[{"href":"https:\/\/www.gardaseezeitung.it\/gardaseezeitung_new\/de\/wp-json\/wp\/v2\/posts\/12597"}],"collection":[{"href":"https:\/\/www.gardaseezeitung.it\/gardaseezeitung_new\/de\/wp-json\/wp\/v2\/posts"}],"about":[{"href":"https:\/\/www.gardaseezeitung.it\/gardaseezeitung_new\/de\/wp-json\/wp\/v2\/types\/post"}],"author":[{"embeddable":true,"href":"https:\/\/www.gardaseezeitung.it\/gardaseezeitung_new\/de\/wp-json\/wp\/v2\/users\/9"}],"replies":[{"embeddable":true,"href":"https:\/\/www.gardaseezeitung.it\/gardaseezeitung_new\/de\/wp-json\/wp\/v2\/comments?post=12597"}],"version-history":[{"count":1,"href":"https:\/\/www.gardaseezeitung.it\/gardaseezeitung_new\/de\/wp-json\/wp\/v2\/posts\/12597\/revisions"}],"predecessor-version":[{"id":12598,"href":"https:\/\/www.gardaseezeitung.it\/gardaseezeitung_new\/de\/wp-json\/wp\/v2\/posts\/12597\/revisions\/12598"}],"wp:featuredmedia":[{"embeddable":true,"href":"https:\/\/www.gardaseezeitung.it\/gardaseezeitung_new\/de\/wp-json\/wp\/v2\/media\/8374"}],"wp:attachment":[{"href":"https:\/\/www.gardaseezeitung.it\/gardaseezeitung_new\/de\/wp-json\/wp\/v2\/media?parent=12597"}],"wp:term":[{"taxonomy":"category","embeddable":true,"href":"https:\/\/www.gardaseezeitung.it\/gardaseezeitung_new\/de\/wp-json\/wp\/v2\/categories?post=12597"},{"taxonomy":"post_tag","embeddable":true,"href":"https:\/\/www.gardaseezeitung.it\/gardaseezeitung_new\/de\/wp-json\/wp\/v2\/tags?post=12597"},{"taxonomy":"news-destination","embeddable":true,"href":"https:\/\/www.gardaseezeitung.it\/gardaseezeitung_new\/de\/wp-json\/wp\/v2\/news-destination?post=12597"},{"taxonomy":"news-source","embeddable":true,"href":"https:\/\/www.gardaseezeitung.it\/gardaseezeitung_new\/de\/wp-json\/wp\/v2\/news-source?post=12597"},{"taxonomy":"is_homepage","embeddable":true,"href":"https:\/\/www.gardaseezeitung.it\/gardaseezeitung_new\/de\/wp-json\/wp\/v2\/is_homepage?post=12597"},{"taxonomy":"ta_other","embeddable":true,"href":"https:\/\/www.gardaseezeitung.it\/gardaseezeitung_new\/de\/wp-json\/wp\/v2\/ta_other?post=12597"}],"curies":[{"name":"wp","href":"https:\/\/api.w.org\/{rel}","templated":true}]}}