{"id":12654,"date":"2023-01-14T00:36:45","date_gmt":"2023-01-13T23:36:45","guid":{"rendered":"http:\/\/www-gardaseezeitung-it-euwp*.sitenm.com\/2023\/01\/14\/rivoli-gedenkt-napoleon-mit-einer-zeremonie-denkmal\/"},"modified":"2023-01-14T00:36:56","modified_gmt":"2022-08-17T00:36:56","slug":"rivoli-gedenkt-napoleon-mit-einer-zeremonie-denkmal","status":"publish","type":"post","link":"https:\/\/www.gardaseezeitung.it\/2023\/01\/14\/rivoli-gedenkt-napoleon-mit-einer-zeremonie-denkmal\/","title":{"rendered":"Rivoli gedenkt Napoleon mit einer Zeremonie am Denkmal"},"content":{"rendered":"<p>Anl\u00e4sslich des 225. Jahrestages der Schlacht von Rivoli, in der Napoleon 1797 \u00fcber die \u00f6sterreichische Armee triumphierte, wurden der \u00f6sterreichische und der franz\u00f6sische Konsul zu einem offiziellen Festakt eingeladen. Die eingeladenen zivilen und milit\u00e4rischen Vertreter treffen sich um 9.30 Uhr am Rathaus, ziehen dann um 10.30 Uhr zum Barco di Canale und schlie\u00dflich um 11.30 Uhr zum Napoleon-Denkmal (das erste in Italien zum Gedenken an die Schlacht errichtete Denkmal). Dies ist ein wertvoller Anlass, um der vielen Menschen zu gedenken, die an diesem Ort, an dem die Schlacht das Schicksal der italienischen Halbinsel f\u00fcr immer ver\u00e4nderte und den Aufstieg Napoleons einl\u00e4utete, auf tragische Weise ums Leben kamen. Um eine Vorstellung von der Bedeutung der Schlacht zu bekommen, muss man sich nur vorstellen, dass das Louvre-Museum in der Rue de Rivoli 11 liegt.<\/p>\n","protected":false},"excerpt":{"rendered":"<p>Aam Samstag, den 14. Januar, finden die Feierlichkeiten zum 225. Jahrestag der blutigen Schlacht zwischen den Franzosen und den \u00d6sterreichern statt<\/p>\n","protected":false},"author":9,"featured_media":12653,"comment_status":"open","ping_status":"open","sticky":false,"template":"","format":"standard","meta":[],"categories":[2,4,6],"tags":[3478,3479,23,26,3480,3481,422],"news-destination":[],"news-source":[],"is_homepage":[],"ta_other":[],"featured_media_details":{"width":1024,"height":768,"file":"2023\/01\/ForteWohlgemuthRivoli.jpg","sizes":{"thumbnail":{"file":"ForteWohlgemuthRivoli-150x150.jpg","width":150,"height":150,"mime-type":"image\/jpeg","source_url":"https:\/\/www.gardaseezeitung.it\/gardaseezeitung_new\/de\/wp-content\/uploads\/sites\/2\/2023\/01\/ForteWohlgemuthRivoli-150x150.jpg"},"medium":{"file":"ForteWohlgemuthRivoli-300x225.jpg","width":300,"height":225,"mime-type":"image\/jpeg","source_url":"https:\/\/www.gardaseezeitung.it\/gardaseezeitung_new\/de\/wp-content\/uploads\/sites\/2\/2023\/01\/ForteWohlgemuthRivoli-300x225.jpg"},"medium_large":{"file":"ForteWohlgemuthRivoli-768x576.jpg","width":768,"height":576,"mime-type":"image\/jpeg","source_url":"https:\/\/www.gardaseezeitung.it\/gardaseezeitung_new\/de\/wp-content\/uploads\/sites\/2\/2023\/01\/ForteWohlgemuthRivoli-768x576.jpg"},"large":{"file":"ForteWohlgemuthRivoli-1024x768.jpg","width":1024,"height":768,"mime-type":"image\/jpeg","source_url":"https:\/\/www.gardaseezeitung.it\/gardaseezeitung_new\/de\/wp-content\/uploads\/sites\/2\/2023\/01\/ForteWohlgemuthRivoli-1024x768.jpg"},"big_image":{"file":"ForteWohlgemuthRivoli-750x563.jpg","width":750,"height":563,"mime-type":"image\/jpeg","source_url":"https:\/\/www.gardaseezeitung.it\/gardaseezeitung_new\/de\/wp-content\/uploads\/sites\/2\/2023\/01\/ForteWohlgemuthRivoli-750x563.jpg"},"guest-author-32":{"file":"ForteWohlgemuthRivoli-32x32.jpg","width":32,"height":32,"mime-type":"image\/jpeg","source_url":"https:\/\/www.gardaseezeitung.it\/gardaseezeitung_new\/de\/wp-content\/uploads\/sites\/2\/2023\/01\/ForteWohlgemuthRivoli-32x32.jpg"},"guest-author-50":{"file":"ForteWohlgemuthRivoli-50x50.jpg","width":50,"height":50,"mime-type":"image\/jpeg","source_url":"https:\/\/www.gardaseezeitung.it\/gardaseezeitung_new\/de\/wp-content\/uploads\/sites\/2\/2023\/01\/ForteWohlgemuthRivoli-50x50.jpg"},"guest-author-64":{"file":"ForteWohlgemuthRivoli-64x64.jpg","width":64,"height":64,"mime-type":"image\/jpeg","source_url":"https:\/\/www.gardaseezeitung.it\/gardaseezeitung_new\/de\/wp-content\/uploads\/sites\/2\/2023\/01\/ForteWohlgemuthRivoli-64x64.jpg"},"guest-author-96":{"file":"ForteWohlgemuthRivoli-96x96.jpg","width":96,"height":96,"mime-type":"image\/jpeg","source_url":"https:\/\/www.gardaseezeitung.it\/gardaseezeitung_new\/de\/wp-content\/uploads\/sites\/2\/2023\/01\/ForteWohlgemuthRivoli-96x96.jpg"},"guest-author-128":{"file":"ForteWohlgemuthRivoli-128x128.jpg","width":128,"height":128,"mime-type":"image\/jpeg","source_url":"https:\/\/www.gardaseezeitung.it\/gardaseezeitung_new\/de\/wp-content\/uploads\/sites\/2\/2023\/01\/ForteWohlgemuthRivoli-128x128.jpg"},"full":{"file":"ForteWohlgemuthRivoli.jpg","width":1024,"height":768,"mime_type":"","source_url":"https:\/\/www.gardaseezeitung.it\/gardaseezeitung_new\/de\/wp-content\/uploads\/sites\/2\/2023\/01\/ForteWohlgemuthRivoli.jpg"}},"image_meta":{"aperture":"10.8","credit":"","camera":"EX-FC100","caption":"","created_timestamp":"1276859697","copyright":"","focal_length":"32.1","iso":"100","shutter_speed":"0.004","title":"","orientation":"1","keywords":[]}},"_links":{"self":[{"href":"https:\/\/www.gardaseezeitung.it\/gardaseezeitung_new\/de\/wp-json\/wp\/v2\/posts\/12654"}],"collection":[{"href":"https:\/\/www.gardaseezeitung.it\/gardaseezeitung_new\/de\/wp-json\/wp\/v2\/posts"}],"about":[{"href":"https:\/\/www.gardaseezeitung.it\/gardaseezeitung_new\/de\/wp-json\/wp\/v2\/types\/post"}],"author":[{"embeddable":true,"href":"https:\/\/www.gardaseezeitung.it\/gardaseezeitung_new\/de\/wp-json\/wp\/v2\/users\/9"}],"replies":[{"embeddable":true,"href":"https:\/\/www.gardaseezeitung.it\/gardaseezeitung_new\/de\/wp-json\/wp\/v2\/comments?post=12654"}],"version-history":[{"count":1,"href":"https:\/\/www.gardaseezeitung.it\/gardaseezeitung_new\/de\/wp-json\/wp\/v2\/posts\/12654\/revisions"}],"predecessor-version":[{"id":12655,"href":"https:\/\/www.gardaseezeitung.it\/gardaseezeitung_new\/de\/wp-json\/wp\/v2\/posts\/12654\/revisions\/12655"}],"wp:featuredmedia":[{"embeddable":true,"href":"https:\/\/www.gardaseezeitung.it\/gardaseezeitung_new\/de\/wp-json\/wp\/v2\/media\/12653"}],"wp:attachment":[{"href":"https:\/\/www.gardaseezeitung.it\/gardaseezeitung_new\/de\/wp-json\/wp\/v2\/media?parent=12654"}],"wp:term":[{"taxonomy":"category","embeddable":true,"href":"https:\/\/www.gardaseezeitung.it\/gardaseezeitung_new\/de\/wp-json\/wp\/v2\/categories?post=12654"},{"taxonomy":"post_tag","embeddable":true,"href":"https:\/\/www.gardaseezeitung.it\/gardaseezeitung_new\/de\/wp-json\/wp\/v2\/tags?post=12654"},{"taxonomy":"news-destination","embeddable":true,"href":"https:\/\/www.gardaseezeitung.it\/gardaseezeitung_new\/de\/wp-json\/wp\/v2\/news-destination?post=12654"},{"taxonomy":"news-source","embeddable":true,"href":"https:\/\/www.gardaseezeitung.it\/gardaseezeitung_new\/de\/wp-json\/wp\/v2\/news-source?post=12654"},{"taxonomy":"is_homepage","embeddable":true,"href":"https:\/\/www.gardaseezeitung.it\/gardaseezeitung_new\/de\/wp-json\/wp\/v2\/is_homepage?post=12654"},{"taxonomy":"ta_other","embeddable":true,"href":"https:\/\/www.gardaseezeitung.it\/gardaseezeitung_new\/de\/wp-json\/wp\/v2\/ta_other?post=12654"}],"curies":[{"name":"wp","href":"https:\/\/api.w.org\/{rel}","templated":true}]}}