{"id":12774,"date":"2023-01-25T15:34:40","date_gmt":"2023-01-25T14:34:40","guid":{"rendered":"http:\/\/www-gardaseezeitung-it-euwp*.sitenm.com\/2023\/01\/25\/diebstahl-von-amarone-costasera-masi-im-wert-von-fast-400-000-euro\/"},"modified":"2023-01-25T15:52:54","modified_gmt":"2022-08-28T15:52:54","slug":"diebstahl-von-amarone-costasera-masi-im-wert-von-fast-400-000-euro","status":"publish","type":"post","link":"https:\/\/www.gardaseezeitung.it\/2023\/01\/25\/diebstahl-von-amarone-costasera-masi-im-wert-von-fast-400-000-euro\/","title":{"rendered":"Diebstahl von Amarone Costasera Masi im Wert von fast 400.000 Euro"},"content":{"rendered":"<p>Im Lager des internationalen Logistikunternehmens, mit dem das Unternehmen aus Gargagnago di Valpolicella seit Jahren zusammenarbeitet, wurde eine Menge Amarone Costasera Masi entnommen, die einer LKW-Ladung entspricht und zum Versand bereitsteht. Es fehlen etwa 1.500 Kisten zu 6, also insgesamt 9.000 Flaschen Amarone della Valpolicella Classico docg aus den Jahrg\u00e4ngen 2017 und 2018. Das alles ist nat\u00fcrlich versichert. Aber der Schaden betr\u00e4gt zum Marktwert zwischen 300 und 400 Tausend Euro. Es handelte sich um einen gezielten Diebstahl; die anderen vorr\u00e4tigen Masi-Weine blieben n\u00e4mlich unversehrt. &#8222;Der Amarone Costasera von Masi ist eine repr\u00e4sentative Marke der italienischen \u00d6nologie, die leicht zu pr\u00e4sentieren und zu verkaufen ist&#8220;, kommentierte der Firmeninhaber Sandro Boscaini. Masi Agricola bittet die italienischen und internationalen Kunden, wenn sie auf dem Markt Anomalien in Bezug auf Preis, Menge oder Modalit\u00e4ten des Angebots feststellen, dem Unternehmen die Codes der verd\u00e4chtigen Produkte mitzuteilen, um deren Herkunft \u00fcberpr\u00fcfen zu k\u00f6nnen.<\/p>\n","protected":false},"excerpt":{"rendered":"<p>Es fehlen etwa 1.500 Kisten mit 6.000 Flaschen, die aus dem Lager des Logistiklieferanten des Unternehmens entnommen wurden<\/p>\n","protected":false},"author":9,"featured_media":5811,"comment_status":"open","ping_status":"open","sticky":false,"template":"","format":"standard","meta":[],"categories":[2,6],"tags":[3549,23,26,228,1302,199],"news-destination":[],"news-source":[],"is_homepage":[],"ta_other":[],"featured_media_details":{"width":1200,"height":675,"file":"2021\/02\/masi-tenuta-canova-san-valentino.jpg","sizes":{"thumbnail":{"file":"masi-tenuta-canova-san-valentino-150x150.jpg","width":150,"height":150,"mime-type":"image\/jpeg","source_url":"https:\/\/www.gardaseezeitung.it\/gardaseezeitung_new\/de\/wp-content\/uploads\/sites\/2\/2021\/02\/masi-tenuta-canova-san-valentino-150x150.jpg"},"medium":{"file":"masi-tenuta-canova-san-valentino-300x169.jpg","width":300,"height":169,"mime-type":"image\/jpeg","source_url":"https:\/\/www.gardaseezeitung.it\/gardaseezeitung_new\/de\/wp-content\/uploads\/sites\/2\/2021\/02\/masi-tenuta-canova-san-valentino-300x169.jpg"},"medium_large":{"file":"masi-tenuta-canova-san-valentino-768x432.jpg","width":768,"height":432,"mime-type":"image\/jpeg","source_url":"https:\/\/www.gardaseezeitung.it\/gardaseezeitung_new\/de\/wp-content\/uploads\/sites\/2\/2021\/02\/masi-tenuta-canova-san-valentino-768x432.jpg"},"large":{"file":"masi-tenuta-canova-san-valentino-1024x576.jpg","width":1024,"height":576,"mime-type":"image\/jpeg","source_url":"https:\/\/www.gardaseezeitung.it\/gardaseezeitung_new\/de\/wp-content\/uploads\/sites\/2\/2021\/02\/masi-tenuta-canova-san-valentino-1024x576.jpg"},"big_image":{"file":"masi-tenuta-canova-san-valentino-750x422.jpg","width":750,"height":422,"mime-type":"image\/jpeg","source_url":"https:\/\/www.gardaseezeitung.it\/gardaseezeitung_new\/de\/wp-content\/uploads\/sites\/2\/2021\/02\/masi-tenuta-canova-san-valentino-750x422.jpg"},"guest-author-32":{"file":"masi-tenuta-canova-san-valentino-32x32.jpg","width":32,"height":32,"mime-type":"image\/jpeg","source_url":"https:\/\/www.gardaseezeitung.it\/gardaseezeitung_new\/de\/wp-content\/uploads\/sites\/2\/2021\/02\/masi-tenuta-canova-san-valentino-32x32.jpg"},"guest-author-50":{"file":"masi-tenuta-canova-san-valentino-50x50.jpg","width":50,"height":50,"mime-type":"image\/jpeg","source_url":"https:\/\/www.gardaseezeitung.it\/gardaseezeitung_new\/de\/wp-content\/uploads\/sites\/2\/2021\/02\/masi-tenuta-canova-san-valentino-50x50.jpg"},"guest-author-64":{"file":"masi-tenuta-canova-san-valentino-64x64.jpg","width":64,"height":64,"mime-type":"image\/jpeg","source_url":"https:\/\/www.gardaseezeitung.it\/gardaseezeitung_new\/de\/wp-content\/uploads\/sites\/2\/2021\/02\/masi-tenuta-canova-san-valentino-64x64.jpg"},"guest-author-96":{"file":"masi-tenuta-canova-san-valentino-96x96.jpg","width":96,"height":96,"mime-type":"image\/jpeg","source_url":"https:\/\/www.gardaseezeitung.it\/gardaseezeitung_new\/de\/wp-content\/uploads\/sites\/2\/2021\/02\/masi-tenuta-canova-san-valentino-96x96.jpg"},"guest-author-128":{"file":"masi-tenuta-canova-san-valentino-128x128.jpg","width":128,"height":128,"mime-type":"image\/jpeg","source_url":"https:\/\/www.gardaseezeitung.it\/gardaseezeitung_new\/de\/wp-content\/uploads\/sites\/2\/2021\/02\/masi-tenuta-canova-san-valentino-128x128.jpg"},"full":{"file":"masi-tenuta-canova-san-valentino.jpg","width":1200,"height":675,"mime_type":"","source_url":"https:\/\/www.gardaseezeitung.it\/gardaseezeitung_new\/de\/wp-content\/uploads\/sites\/2\/2021\/02\/masi-tenuta-canova-san-valentino.jpg"}},"image_meta":{"aperture":"2","credit":"Jacopo Salvi Foto Shop Professio","camera":"Canon EOS-1D X Mark II","caption":"","created_timestamp":"1475269247","copyright":"Jacopo Salvi","focal_length":"50","iso":"2500","shutter_speed":"0.003125","title":"","orientation":"1","keywords":[]}},"_links":{"self":[{"href":"https:\/\/www.gardaseezeitung.it\/gardaseezeitung_new\/de\/wp-json\/wp\/v2\/posts\/12774"}],"collection":[{"href":"https:\/\/www.gardaseezeitung.it\/gardaseezeitung_new\/de\/wp-json\/wp\/v2\/posts"}],"about":[{"href":"https:\/\/www.gardaseezeitung.it\/gardaseezeitung_new\/de\/wp-json\/wp\/v2\/types\/post"}],"author":[{"embeddable":true,"href":"https:\/\/www.gardaseezeitung.it\/gardaseezeitung_new\/de\/wp-json\/wp\/v2\/users\/9"}],"replies":[{"embeddable":true,"href":"https:\/\/www.gardaseezeitung.it\/gardaseezeitung_new\/de\/wp-json\/wp\/v2\/comments?post=12774"}],"version-history":[{"count":2,"href":"https:\/\/www.gardaseezeitung.it\/gardaseezeitung_new\/de\/wp-json\/wp\/v2\/posts\/12774\/revisions"}],"predecessor-version":[{"id":12776,"href":"https:\/\/www.gardaseezeitung.it\/gardaseezeitung_new\/de\/wp-json\/wp\/v2\/posts\/12774\/revisions\/12776"}],"wp:featuredmedia":[{"embeddable":true,"href":"https:\/\/www.gardaseezeitung.it\/gardaseezeitung_new\/de\/wp-json\/wp\/v2\/media\/5811"}],"wp:attachment":[{"href":"https:\/\/www.gardaseezeitung.it\/gardaseezeitung_new\/de\/wp-json\/wp\/v2\/media?parent=12774"}],"wp:term":[{"taxonomy":"category","embeddable":true,"href":"https:\/\/www.gardaseezeitung.it\/gardaseezeitung_new\/de\/wp-json\/wp\/v2\/categories?post=12774"},{"taxonomy":"post_tag","embeddable":true,"href":"https:\/\/www.gardaseezeitung.it\/gardaseezeitung_new\/de\/wp-json\/wp\/v2\/tags?post=12774"},{"taxonomy":"news-destination","embeddable":true,"href":"https:\/\/www.gardaseezeitung.it\/gardaseezeitung_new\/de\/wp-json\/wp\/v2\/news-destination?post=12774"},{"taxonomy":"news-source","embeddable":true,"href":"https:\/\/www.gardaseezeitung.it\/gardaseezeitung_new\/de\/wp-json\/wp\/v2\/news-source?post=12774"},{"taxonomy":"is_homepage","embeddable":true,"href":"https:\/\/www.gardaseezeitung.it\/gardaseezeitung_new\/de\/wp-json\/wp\/v2\/is_homepage?post=12774"},{"taxonomy":"ta_other","embeddable":true,"href":"https:\/\/www.gardaseezeitung.it\/gardaseezeitung_new\/de\/wp-json\/wp\/v2\/ta_other?post=12774"}],"curies":[{"name":"wp","href":"https:\/\/api.w.org\/{rel}","templated":true}]}}