{"id":12862,"date":"2023-03-11T00:55:34","date_gmt":"2023-03-10T23:55:34","guid":{"rendered":"http:\/\/www-gardaseezeitung-it-euwp*.sitenm.com\/2023\/03\/10\/navigarda-der-dienst-von-riva-nach-desenzano-und-umgekehrt-wird-11-maerz-wieder-aufgenommen\/"},"modified":"2023-03-11T00:55:48","modified_gmt":"2022-10-12T00:55:48","slug":"navigarda-der-dienst-von-riva-nach-desenzano-und-umgekehrt-wird-11-maerz-wieder-aufgenommen","status":"publish","type":"post","link":"https:\/\/www.gardaseezeitung.it\/2023\/03\/11\/navigarda-der-dienst-von-riva-nach-desenzano-und-umgekehrt-wird-11-maerz-wieder-aufgenommen\/","title":{"rendered":"Navigarda: der Dienst von Riva nach Desenzano und umgekehrt wird am 11. M\u00e4rz wieder aufgenommen."},"content":{"rendered":"<p>Navigarda m\u00f6chte Sie dar\u00fcber informieren, dass ab Samstag, den 11. M\u00e4rz 2023, neben dem Autof\u00e4hrbetrieb zwischen Maderno und Torri auch der Schiffsverkehr wieder aufgenommen wird. In den kommenden Tagen bis zum 31. M\u00e4rz 2023 wird der Rundkursverkehr im unteren und oberen Seegebiet verst\u00e4rkt; ab dem 1. April tritt der Pro-Fr\u00fchlingsfahrplan in Kraft<\/p>\n","protected":false},"excerpt":{"rendered":"<p>Ab dem 1. April wird auch der neue Fr\u00fchjahrsfahrplan aktiviert<\/p>\n","protected":false},"author":9,"featured_media":12861,"comment_status":"open","ping_status":"open","sticky":false,"template":"","format":"standard","meta":[],"categories":[2,3],"tags":[],"news-destination":[],"news-source":[],"is_homepage":[],"ta_other":[],"featured_media_details":{"width":1024,"height":645,"file":"2023\/03\/Capaldo5www.jpg","sizes":{"thumbnail":{"file":"Capaldo5www-150x150.jpg","width":150,"height":150,"mime-type":"image\/jpeg","source_url":"https:\/\/www.gardaseezeitung.it\/gardaseezeitung_new\/de\/wp-content\/uploads\/sites\/2\/2023\/03\/Capaldo5www-150x150.jpg"},"medium":{"file":"Capaldo5www-300x189.jpg","width":300,"height":189,"mime-type":"image\/jpeg","source_url":"https:\/\/www.gardaseezeitung.it\/gardaseezeitung_new\/de\/wp-content\/uploads\/sites\/2\/2023\/03\/Capaldo5www-300x189.jpg"},"medium_large":{"file":"Capaldo5www-768x484.jpg","width":768,"height":484,"mime-type":"image\/jpeg","source_url":"https:\/\/www.gardaseezeitung.it\/gardaseezeitung_new\/de\/wp-content\/uploads\/sites\/2\/2023\/03\/Capaldo5www-768x484.jpg"},"large":{"file":"Capaldo5www-1024x645.jpg","width":1024,"height":645,"mime-type":"image\/jpeg","source_url":"https:\/\/www.gardaseezeitung.it\/gardaseezeitung_new\/de\/wp-content\/uploads\/sites\/2\/2023\/03\/Capaldo5www-1024x645.jpg"},"big_image":{"file":"Capaldo5www-750x472.jpg","width":750,"height":472,"mime-type":"image\/jpeg","source_url":"https:\/\/www.gardaseezeitung.it\/gardaseezeitung_new\/de\/wp-content\/uploads\/sites\/2\/2023\/03\/Capaldo5www-750x472.jpg"},"guest-author-32":{"file":"Capaldo5www-32x32.jpg","width":32,"height":32,"mime-type":"image\/jpeg","source_url":"https:\/\/www.gardaseezeitung.it\/gardaseezeitung_new\/de\/wp-content\/uploads\/sites\/2\/2023\/03\/Capaldo5www-32x32.jpg"},"guest-author-50":{"file":"Capaldo5www-50x50.jpg","width":50,"height":50,"mime-type":"image\/jpeg","source_url":"https:\/\/www.gardaseezeitung.it\/gardaseezeitung_new\/de\/wp-content\/uploads\/sites\/2\/2023\/03\/Capaldo5www-50x50.jpg"},"guest-author-64":{"file":"Capaldo5www-64x64.jpg","width":64,"height":64,"mime-type":"image\/jpeg","source_url":"https:\/\/www.gardaseezeitung.it\/gardaseezeitung_new\/de\/wp-content\/uploads\/sites\/2\/2023\/03\/Capaldo5www-64x64.jpg"},"guest-author-96":{"file":"Capaldo5www-96x96.jpg","width":96,"height":96,"mime-type":"image\/jpeg","source_url":"https:\/\/www.gardaseezeitung.it\/gardaseezeitung_new\/de\/wp-content\/uploads\/sites\/2\/2023\/03\/Capaldo5www-96x96.jpg"},"guest-author-128":{"file":"Capaldo5www-128x128.jpg","width":128,"height":128,"mime-type":"image\/jpeg","source_url":"https:\/\/www.gardaseezeitung.it\/gardaseezeitung_new\/de\/wp-content\/uploads\/sites\/2\/2023\/03\/Capaldo5www-128x128.jpg"},"full":{"file":"Capaldo5www.jpg","width":1024,"height":645,"mime_type":"","source_url":"https:\/\/www.gardaseezeitung.it\/gardaseezeitung_new\/de\/wp-content\/uploads\/sites\/2\/2023\/03\/Capaldo5www.jpg"}},"image_meta":{"aperture":"1.6","credit":"","camera":"iPhone 12","caption":"","created_timestamp":"1616515690","copyright":"","focal_length":"4.2","iso":"32","shutter_speed":"0.00032894736842105","title":"","orientation":"1","keywords":[]}},"_links":{"self":[{"href":"https:\/\/www.gardaseezeitung.it\/gardaseezeitung_new\/de\/wp-json\/wp\/v2\/posts\/12862"}],"collection":[{"href":"https:\/\/www.gardaseezeitung.it\/gardaseezeitung_new\/de\/wp-json\/wp\/v2\/posts"}],"about":[{"href":"https:\/\/www.gardaseezeitung.it\/gardaseezeitung_new\/de\/wp-json\/wp\/v2\/types\/post"}],"author":[{"embeddable":true,"href":"https:\/\/www.gardaseezeitung.it\/gardaseezeitung_new\/de\/wp-json\/wp\/v2\/users\/9"}],"replies":[{"embeddable":true,"href":"https:\/\/www.gardaseezeitung.it\/gardaseezeitung_new\/de\/wp-json\/wp\/v2\/comments?post=12862"}],"version-history":[{"count":1,"href":"https:\/\/www.gardaseezeitung.it\/gardaseezeitung_new\/de\/wp-json\/wp\/v2\/posts\/12862\/revisions"}],"predecessor-version":[{"id":12863,"href":"https:\/\/www.gardaseezeitung.it\/gardaseezeitung_new\/de\/wp-json\/wp\/v2\/posts\/12862\/revisions\/12863"}],"wp:featuredmedia":[{"embeddable":true,"href":"https:\/\/www.gardaseezeitung.it\/gardaseezeitung_new\/de\/wp-json\/wp\/v2\/media\/12861"}],"wp:attachment":[{"href":"https:\/\/www.gardaseezeitung.it\/gardaseezeitung_new\/de\/wp-json\/wp\/v2\/media?parent=12862"}],"wp:term":[{"taxonomy":"category","embeddable":true,"href":"https:\/\/www.gardaseezeitung.it\/gardaseezeitung_new\/de\/wp-json\/wp\/v2\/categories?post=12862"},{"taxonomy":"post_tag","embeddable":true,"href":"https:\/\/www.gardaseezeitung.it\/gardaseezeitung_new\/de\/wp-json\/wp\/v2\/tags?post=12862"},{"taxonomy":"news-destination","embeddable":true,"href":"https:\/\/www.gardaseezeitung.it\/gardaseezeitung_new\/de\/wp-json\/wp\/v2\/news-destination?post=12862"},{"taxonomy":"news-source","embeddable":true,"href":"https:\/\/www.gardaseezeitung.it\/gardaseezeitung_new\/de\/wp-json\/wp\/v2\/news-source?post=12862"},{"taxonomy":"is_homepage","embeddable":true,"href":"https:\/\/www.gardaseezeitung.it\/gardaseezeitung_new\/de\/wp-json\/wp\/v2\/is_homepage?post=12862"},{"taxonomy":"ta_other","embeddable":true,"href":"https:\/\/www.gardaseezeitung.it\/gardaseezeitung_new\/de\/wp-json\/wp\/v2\/ta_other?post=12862"}],"curies":[{"name":"wp","href":"https:\/\/api.w.org\/{rel}","templated":true}]}}