{"id":12925,"date":"2023-04-02T12:05:40","date_gmt":"2023-04-02T10:05:40","guid":{"rendered":"http:\/\/www-gardaseezeitung-it-euwp*.sitenm.com\/2023\/04\/02\/garda-sonntag-2-april-konzert-einer-norwegischen-band\/"},"modified":"2023-04-02T12:05:44","modified_gmt":"2022-06-06T12:05:44","slug":"garda-sonntag-2-april-konzert-einer-norwegischen-band","status":"publish","type":"post","link":"https:\/\/www.gardaseezeitung.it\/2023\/04\/02\/garda-sonntag-2-april-konzert-einer-norwegischen-band\/","title":{"rendered":"Garda: Am Sonntag, 2. April Konzert einer norwegischen Band"},"content":{"rendered":"<p>Am Sonntag, den 2. April, findet die erste Ausgabe von &#8222;Notes from the World&#8220; statt, einer Veranstaltung, die versucht, italienische und fremde Kulturen zusammenzubringen, indem sie die Musik als universelle Sprache benutzt, die f\u00fcr alle verst\u00e4ndlich und zug\u00e4nglich ist. Der Sonntag beginnt um 17.30 Uhr auf der Piazza del Municipio mit einem Konzert der Gruppe Tysnes Musikklag aus der Region Vestland an der Westk\u00fcste der norwegischen Fjorde. Die Gruppe, die aus 30 Mitgliedern im Alter von 14 bis 70 Jahren besteht und von Maestro Yngve Nikolaisen geleitet wird, hat den See ausgew\u00e4hlt, um den 70. Jahrestag ihrer Gr\u00fcndung im Jahr 1953 zu feiern.<\/p>\n","protected":false},"excerpt":{"rendered":"<p>Konzert der Gruppe Tysnes Musikklag aus der Region Vestland an der Westk\u00fcste der norwegischen Fjorde <\/p>\n","protected":false},"author":9,"featured_media":12924,"comment_status":"open","ping_status":"open","sticky":false,"template":"","format":"standard","meta":[],"categories":[5,3],"tags":[177,23,26,922,3609,3610,3611],"news-destination":[],"news-source":[],"is_homepage":[],"ta_other":[],"featured_media_details":{"width":2048,"height":1831,"file":"2023\/04\/305445274_473993644740268_6633282670941147909_n.jpg","sizes":{"thumbnail":{"file":"305445274_473993644740268_6633282670941147909_n-150x150.jpg","width":150,"height":150,"mime-type":"image\/jpeg","source_url":"https:\/\/www.gardaseezeitung.it\/gardaseezeitung_new\/de\/wp-content\/uploads\/sites\/2\/2023\/04\/305445274_473993644740268_6633282670941147909_n-150x150.jpg"},"medium":{"file":"305445274_473993644740268_6633282670941147909_n-300x268.jpg","width":300,"height":268,"mime-type":"image\/jpeg","source_url":"https:\/\/www.gardaseezeitung.it\/gardaseezeitung_new\/de\/wp-content\/uploads\/sites\/2\/2023\/04\/305445274_473993644740268_6633282670941147909_n-300x268.jpg"},"medium_large":{"file":"305445274_473993644740268_6633282670941147909_n-768x687.jpg","width":768,"height":687,"mime-type":"image\/jpeg","source_url":"https:\/\/www.gardaseezeitung.it\/gardaseezeitung_new\/de\/wp-content\/uploads\/sites\/2\/2023\/04\/305445274_473993644740268_6633282670941147909_n-768x687.jpg"},"large":{"file":"305445274_473993644740268_6633282670941147909_n-1024x916.jpg","width":1024,"height":916,"mime-type":"image\/jpeg","source_url":"https:\/\/www.gardaseezeitung.it\/gardaseezeitung_new\/de\/wp-content\/uploads\/sites\/2\/2023\/04\/305445274_473993644740268_6633282670941147909_n-1024x916.jpg"},"big_image":{"file":"305445274_473993644740268_6633282670941147909_n-750x671.jpg","width":750,"height":671,"mime-type":"image\/jpeg","source_url":"https:\/\/www.gardaseezeitung.it\/gardaseezeitung_new\/de\/wp-content\/uploads\/sites\/2\/2023\/04\/305445274_473993644740268_6633282670941147909_n-750x671.jpg"},"guest-author-32":{"file":"305445274_473993644740268_6633282670941147909_n-32x32.jpg","width":32,"height":32,"mime-type":"image\/jpeg","source_url":"https:\/\/www.gardaseezeitung.it\/gardaseezeitung_new\/de\/wp-content\/uploads\/sites\/2\/2023\/04\/305445274_473993644740268_6633282670941147909_n-32x32.jpg"},"guest-author-50":{"file":"305445274_473993644740268_6633282670941147909_n-50x50.jpg","width":50,"height":50,"mime-type":"image\/jpeg","source_url":"https:\/\/www.gardaseezeitung.it\/gardaseezeitung_new\/de\/wp-content\/uploads\/sites\/2\/2023\/04\/305445274_473993644740268_6633282670941147909_n-50x50.jpg"},"guest-author-64":{"file":"305445274_473993644740268_6633282670941147909_n-64x64.jpg","width":64,"height":64,"mime-type":"image\/jpeg","source_url":"https:\/\/www.gardaseezeitung.it\/gardaseezeitung_new\/de\/wp-content\/uploads\/sites\/2\/2023\/04\/305445274_473993644740268_6633282670941147909_n-64x64.jpg"},"guest-author-96":{"file":"305445274_473993644740268_6633282670941147909_n-96x96.jpg","width":96,"height":96,"mime-type":"image\/jpeg","source_url":"https:\/\/www.gardaseezeitung.it\/gardaseezeitung_new\/de\/wp-content\/uploads\/sites\/2\/2023\/04\/305445274_473993644740268_6633282670941147909_n-96x96.jpg"},"guest-author-128":{"file":"305445274_473993644740268_6633282670941147909_n-128x128.jpg","width":128,"height":128,"mime-type":"image\/jpeg","source_url":"https:\/\/www.gardaseezeitung.it\/gardaseezeitung_new\/de\/wp-content\/uploads\/sites\/2\/2023\/04\/305445274_473993644740268_6633282670941147909_n-128x128.jpg"},"full":{"file":"305445274_473993644740268_6633282670941147909_n.jpg","width":2048,"height":1831,"mime_type":"","source_url":"https:\/\/www.gardaseezeitung.it\/gardaseezeitung_new\/de\/wp-content\/uploads\/sites\/2\/2023\/04\/305445274_473993644740268_6633282670941147909_n.jpg"}},"image_meta":{"aperture":"0","credit":"Picasa","camera":"","caption":"","created_timestamp":"0","copyright":"","focal_length":"0","iso":"0","shutter_speed":"0","title":"","orientation":"0","keywords":[]}},"_links":{"self":[{"href":"https:\/\/www.gardaseezeitung.it\/gardaseezeitung_new\/de\/wp-json\/wp\/v2\/posts\/12925"}],"collection":[{"href":"https:\/\/www.gardaseezeitung.it\/gardaseezeitung_new\/de\/wp-json\/wp\/v2\/posts"}],"about":[{"href":"https:\/\/www.gardaseezeitung.it\/gardaseezeitung_new\/de\/wp-json\/wp\/v2\/types\/post"}],"author":[{"embeddable":true,"href":"https:\/\/www.gardaseezeitung.it\/gardaseezeitung_new\/de\/wp-json\/wp\/v2\/users\/9"}],"replies":[{"embeddable":true,"href":"https:\/\/www.gardaseezeitung.it\/gardaseezeitung_new\/de\/wp-json\/wp\/v2\/comments?post=12925"}],"version-history":[{"count":1,"href":"https:\/\/www.gardaseezeitung.it\/gardaseezeitung_new\/de\/wp-json\/wp\/v2\/posts\/12925\/revisions"}],"predecessor-version":[{"id":12926,"href":"https:\/\/www.gardaseezeitung.it\/gardaseezeitung_new\/de\/wp-json\/wp\/v2\/posts\/12925\/revisions\/12926"}],"wp:featuredmedia":[{"embeddable":true,"href":"https:\/\/www.gardaseezeitung.it\/gardaseezeitung_new\/de\/wp-json\/wp\/v2\/media\/12924"}],"wp:attachment":[{"href":"https:\/\/www.gardaseezeitung.it\/gardaseezeitung_new\/de\/wp-json\/wp\/v2\/media?parent=12925"}],"wp:term":[{"taxonomy":"category","embeddable":true,"href":"https:\/\/www.gardaseezeitung.it\/gardaseezeitung_new\/de\/wp-json\/wp\/v2\/categories?post=12925"},{"taxonomy":"post_tag","embeddable":true,"href":"https:\/\/www.gardaseezeitung.it\/gardaseezeitung_new\/de\/wp-json\/wp\/v2\/tags?post=12925"},{"taxonomy":"news-destination","embeddable":true,"href":"https:\/\/www.gardaseezeitung.it\/gardaseezeitung_new\/de\/wp-json\/wp\/v2\/news-destination?post=12925"},{"taxonomy":"news-source","embeddable":true,"href":"https:\/\/www.gardaseezeitung.it\/gardaseezeitung_new\/de\/wp-json\/wp\/v2\/news-source?post=12925"},{"taxonomy":"is_homepage","embeddable":true,"href":"https:\/\/www.gardaseezeitung.it\/gardaseezeitung_new\/de\/wp-json\/wp\/v2\/is_homepage?post=12925"},{"taxonomy":"ta_other","embeddable":true,"href":"https:\/\/www.gardaseezeitung.it\/gardaseezeitung_new\/de\/wp-json\/wp\/v2\/ta_other?post=12925"}],"curies":[{"name":"wp","href":"https:\/\/api.w.org\/{rel}","templated":true}]}}