{"id":12926,"date":"2023-04-08T00:33:53","date_gmt":"2023-04-07T22:33:53","guid":{"rendered":"http:\/\/www-gardaseezeitung-it-euwp*.sitenm.com\/2023\/04\/08\/desenzano-der-strassenmarkt-von-forte-dei-marmi-kehrt-9-april-zurueck\/"},"modified":"2023-04-08T00:45:06","modified_gmt":"2022-06-12T00:45:06","slug":"desenzano-der-strassenmarkt-von-forte-dei-marmi-kehrt-9-april-zurueck","status":"publish","type":"post","link":"https:\/\/www.gardaseezeitung.it\/2023\/04\/08\/desenzano-der-strassenmarkt-von-forte-dei-marmi-kehrt-9-april-zurueck\/","title":{"rendered":"Desenzano: der Stra\u00dfenmarkt von Forte dei Marmi kehrt am 9. April zur\u00fcck"},"content":{"rendered":"<p>Die Ambulanti di Forte dei Marmi &#8211; die St\u00e4nde des ber\u00fchmtesten Qualit\u00e4tsmarktes Italiens &#8211; kehren an den Gardasee zur\u00fcck und bieten das Beste an handgefertigten italienischen Produkten und die neuesten Modetrends. Die &#8222;Open-Air-Boutiquen&#8220; des urspr\u00fcnglichen Konsortiums k\u00f6nnen Sie am Ostersonntag, dem 9. April, in Desenzano del Garda am Lungolago Cesare Battisti bewundern.An den gro\u00dfen Verkaufsst\u00e4nden findet man das Beste aus der toskanischen und italienischen Tradition des Qualit\u00e4tshandwerks: Kleidung, mit neuen Designer- und Lagerkollektionen, Lederwaren h\u00f6chster Handwerkskunst (Taschen und Schuhe), die beste nationale Produktion von Kaschmir, Pelzen, feinen Stoffen, Haushaltsw\u00e4sche, Porzellan, Bijoux, raffinierte Stoffe der florentinischen Kunst. An den St\u00e4nden von &#8222;Gli Ambulanti di Forte di Marmi&#8220;, wo Nachahmungen und minderwertige &#8222;Chinoiserien&#8220; gesetzlich verboten sind, findet man die neuesten Modetrends, die oft auch von vielen Modeblogs und Frauenzeitschriften aufgegriffen werden. Es ist kein Zufall, dass das Konsortium (H\u00fcter des einzigartigen, originellen und eingetragenen Markenzeichens &#8222;Gli Ambulanti di Forte dei Marmi&#8220;), das im Jahr 2002 aus dem Zusammenschluss einiger der besten St\u00e4nde des historischen und (in der Welt) ber\u00fchmten Marktes von Forte dei Marmi entstanden ist, mit dem Ziel, seine Show auf den Pl\u00e4tzen des Landes zu pr\u00e4sentieren, seither mehrere Nachahmungsversuche unternommen hat.<\/p>\n","protected":false},"excerpt":{"rendered":"<p>Bewundern Sie die legend\u00e4ren und originellen &#8222;Boutiquen unter freiem Himmel&#8220; an der Seepromenade Cesare Battisti<\/p>\n","protected":false},"author":9,"featured_media":12925,"comment_status":"open","ping_status":"open","sticky":false,"template":"","format":"standard","meta":[],"categories":[2,3],"tags":[23,26,3616,870],"news-destination":[],"news-source":[],"is_homepage":[],"ta_other":[],"featured_media_details":{"width":998,"height":397,"file":"2023\/04\/loriginale-consorzio-de-gli-ambulanti-di-forte-dei-marmi-a-monza-e-segrat_7b6a2f08-38c1-11ec-a6e5-3e5e33b9cc98_998_397.jpg","sizes":{"thumbnail":{"file":"loriginale-consorzio-de-gli-ambulanti-di-forte-dei-marmi-a-monza-e-segrat_7b6a2f08-38c1-11ec-a6e5-3e5e33b9cc98_998_397-150x150.jpg","width":150,"height":150,"mime-type":"image\/jpeg","source_url":"https:\/\/www.gardaseezeitung.it\/gardaseezeitung_new\/de\/wp-content\/uploads\/sites\/2\/2023\/04\/loriginale-consorzio-de-gli-ambulanti-di-forte-dei-marmi-a-monza-e-segrat_7b6a2f08-38c1-11ec-a6e5-3e5e33b9cc98_998_397-150x150.jpg"},"medium":{"file":"loriginale-consorzio-de-gli-ambulanti-di-forte-dei-marmi-a-monza-e-segrat_7b6a2f08-38c1-11ec-a6e5-3e5e33b9cc98_998_397-300x119.jpg","width":300,"height":119,"mime-type":"image\/jpeg","source_url":"https:\/\/www.gardaseezeitung.it\/gardaseezeitung_new\/de\/wp-content\/uploads\/sites\/2\/2023\/04\/loriginale-consorzio-de-gli-ambulanti-di-forte-dei-marmi-a-monza-e-segrat_7b6a2f08-38c1-11ec-a6e5-3e5e33b9cc98_998_397-300x119.jpg"},"medium_large":{"file":"loriginale-consorzio-de-gli-ambulanti-di-forte-dei-marmi-a-monza-e-segrat_7b6a2f08-38c1-11ec-a6e5-3e5e33b9cc98_998_397-768x306.jpg","width":768,"height":306,"mime-type":"image\/jpeg","source_url":"https:\/\/www.gardaseezeitung.it\/gardaseezeitung_new\/de\/wp-content\/uploads\/sites\/2\/2023\/04\/loriginale-consorzio-de-gli-ambulanti-di-forte-dei-marmi-a-monza-e-segrat_7b6a2f08-38c1-11ec-a6e5-3e5e33b9cc98_998_397-768x306.jpg"},"big_image":{"file":"loriginale-consorzio-de-gli-ambulanti-di-forte-dei-marmi-a-monza-e-segrat_7b6a2f08-38c1-11ec-a6e5-3e5e33b9cc98_998_397-750x298.jpg","width":750,"height":298,"mime-type":"image\/jpeg","source_url":"https:\/\/www.gardaseezeitung.it\/gardaseezeitung_new\/de\/wp-content\/uploads\/sites\/2\/2023\/04\/loriginale-consorzio-de-gli-ambulanti-di-forte-dei-marmi-a-monza-e-segrat_7b6a2f08-38c1-11ec-a6e5-3e5e33b9cc98_998_397-750x298.jpg"},"guest-author-32":{"file":"loriginale-consorzio-de-gli-ambulanti-di-forte-dei-marmi-a-monza-e-segrat_7b6a2f08-38c1-11ec-a6e5-3e5e33b9cc98_998_397-32x32.jpg","width":32,"height":32,"mime-type":"image\/jpeg","source_url":"https:\/\/www.gardaseezeitung.it\/gardaseezeitung_new\/de\/wp-content\/uploads\/sites\/2\/2023\/04\/loriginale-consorzio-de-gli-ambulanti-di-forte-dei-marmi-a-monza-e-segrat_7b6a2f08-38c1-11ec-a6e5-3e5e33b9cc98_998_397-32x32.jpg"},"guest-author-50":{"file":"loriginale-consorzio-de-gli-ambulanti-di-forte-dei-marmi-a-monza-e-segrat_7b6a2f08-38c1-11ec-a6e5-3e5e33b9cc98_998_397-50x50.jpg","width":50,"height":50,"mime-type":"image\/jpeg","source_url":"https:\/\/www.gardaseezeitung.it\/gardaseezeitung_new\/de\/wp-content\/uploads\/sites\/2\/2023\/04\/loriginale-consorzio-de-gli-ambulanti-di-forte-dei-marmi-a-monza-e-segrat_7b6a2f08-38c1-11ec-a6e5-3e5e33b9cc98_998_397-50x50.jpg"},"guest-author-64":{"file":"loriginale-consorzio-de-gli-ambulanti-di-forte-dei-marmi-a-monza-e-segrat_7b6a2f08-38c1-11ec-a6e5-3e5e33b9cc98_998_397-64x64.jpg","width":64,"height":64,"mime-type":"image\/jpeg","source_url":"https:\/\/www.gardaseezeitung.it\/gardaseezeitung_new\/de\/wp-content\/uploads\/sites\/2\/2023\/04\/loriginale-consorzio-de-gli-ambulanti-di-forte-dei-marmi-a-monza-e-segrat_7b6a2f08-38c1-11ec-a6e5-3e5e33b9cc98_998_397-64x64.jpg"},"guest-author-96":{"file":"loriginale-consorzio-de-gli-ambulanti-di-forte-dei-marmi-a-monza-e-segrat_7b6a2f08-38c1-11ec-a6e5-3e5e33b9cc98_998_397-96x96.jpg","width":96,"height":96,"mime-type":"image\/jpeg","source_url":"https:\/\/www.gardaseezeitung.it\/gardaseezeitung_new\/de\/wp-content\/uploads\/sites\/2\/2023\/04\/loriginale-consorzio-de-gli-ambulanti-di-forte-dei-marmi-a-monza-e-segrat_7b6a2f08-38c1-11ec-a6e5-3e5e33b9cc98_998_397-96x96.jpg"},"guest-author-128":{"file":"loriginale-consorzio-de-gli-ambulanti-di-forte-dei-marmi-a-monza-e-segrat_7b6a2f08-38c1-11ec-a6e5-3e5e33b9cc98_998_397-128x128.jpg","width":128,"height":128,"mime-type":"image\/jpeg","source_url":"https:\/\/www.gardaseezeitung.it\/gardaseezeitung_new\/de\/wp-content\/uploads\/sites\/2\/2023\/04\/loriginale-consorzio-de-gli-ambulanti-di-forte-dei-marmi-a-monza-e-segrat_7b6a2f08-38c1-11ec-a6e5-3e5e33b9cc98_998_397-128x128.jpg"},"full":{"file":"loriginale-consorzio-de-gli-ambulanti-di-forte-dei-marmi-a-monza-e-segrat_7b6a2f08-38c1-11ec-a6e5-3e5e33b9cc98_998_397.jpg","width":998,"height":397,"mime_type":"","source_url":"https:\/\/www.gardaseezeitung.it\/gardaseezeitung_new\/de\/wp-content\/uploads\/sites\/2\/2023\/04\/loriginale-consorzio-de-gli-ambulanti-di-forte-dei-marmi-a-monza-e-segrat_7b6a2f08-38c1-11ec-a6e5-3e5e33b9cc98_998_397.jpg"}},"image_meta":{"aperture":"0","credit":"","camera":"","caption":"","created_timestamp":"0","copyright":"","focal_length":"0","iso":"0","shutter_speed":"0","title":"","orientation":"0","keywords":[]}},"_links":{"self":[{"href":"https:\/\/www.gardaseezeitung.it\/gardaseezeitung_new\/de\/wp-json\/wp\/v2\/posts\/12926"}],"collection":[{"href":"https:\/\/www.gardaseezeitung.it\/gardaseezeitung_new\/de\/wp-json\/wp\/v2\/posts"}],"about":[{"href":"https:\/\/www.gardaseezeitung.it\/gardaseezeitung_new\/de\/wp-json\/wp\/v2\/types\/post"}],"author":[{"embeddable":true,"href":"https:\/\/www.gardaseezeitung.it\/gardaseezeitung_new\/de\/wp-json\/wp\/v2\/users\/9"}],"replies":[{"embeddable":true,"href":"https:\/\/www.gardaseezeitung.it\/gardaseezeitung_new\/de\/wp-json\/wp\/v2\/comments?post=12926"}],"version-history":[{"count":1,"href":"https:\/\/www.gardaseezeitung.it\/gardaseezeitung_new\/de\/wp-json\/wp\/v2\/posts\/12926\/revisions"}],"predecessor-version":[{"id":12927,"href":"https:\/\/www.gardaseezeitung.it\/gardaseezeitung_new\/de\/wp-json\/wp\/v2\/posts\/12926\/revisions\/12927"}],"wp:featuredmedia":[{"embeddable":true,"href":"https:\/\/www.gardaseezeitung.it\/gardaseezeitung_new\/de\/wp-json\/wp\/v2\/media\/12925"}],"wp:attachment":[{"href":"https:\/\/www.gardaseezeitung.it\/gardaseezeitung_new\/de\/wp-json\/wp\/v2\/media?parent=12926"}],"wp:term":[{"taxonomy":"category","embeddable":true,"href":"https:\/\/www.gardaseezeitung.it\/gardaseezeitung_new\/de\/wp-json\/wp\/v2\/categories?post=12926"},{"taxonomy":"post_tag","embeddable":true,"href":"https:\/\/www.gardaseezeitung.it\/gardaseezeitung_new\/de\/wp-json\/wp\/v2\/tags?post=12926"},{"taxonomy":"news-destination","embeddable":true,"href":"https:\/\/www.gardaseezeitung.it\/gardaseezeitung_new\/de\/wp-json\/wp\/v2\/news-destination?post=12926"},{"taxonomy":"news-source","embeddable":true,"href":"https:\/\/www.gardaseezeitung.it\/gardaseezeitung_new\/de\/wp-json\/wp\/v2\/news-source?post=12926"},{"taxonomy":"is_homepage","embeddable":true,"href":"https:\/\/www.gardaseezeitung.it\/gardaseezeitung_new\/de\/wp-json\/wp\/v2\/is_homepage?post=12926"},{"taxonomy":"ta_other","embeddable":true,"href":"https:\/\/www.gardaseezeitung.it\/gardaseezeitung_new\/de\/wp-json\/wp\/v2\/ta_other?post=12926"}],"curies":[{"name":"wp","href":"https:\/\/api.w.org\/{rel}","templated":true}]}}