{"id":12952,"date":"2023-04-06T15:56:11","date_gmt":"2023-04-06T13:56:11","guid":{"rendered":"http:\/\/www-gardaseezeitung-it-euwp*.sitenm.com\/2023\/04\/06\/brenzone-spendet-olivenzweige-die-vettern-von-achenkirch\/"},"modified":"2023-04-06T15:57:36","modified_gmt":"2022-06-10T15:57:36","slug":"brenzone-spendet-olivenzweige-die-vettern-von-achenkirch","status":"publish","type":"post","link":"https:\/\/www.gardaseezeitung.it\/2023\/04\/06\/brenzone-spendet-olivenzweige-die-vettern-von-achenkirch\/","title":{"rendered":"Brenzone spendet Olivenzweige an die &#8222;Vettern&#8220; von Achenkirch"},"content":{"rendered":"<p>Ziel der Reise war es, im Hinblick auf die Osterfeiertage Olivenzweige aus dem See zu bringen. Nach dem Ende des Covid-Notstands wurden die bilateralen Beziehungen zwischen den Partnergemeinden wieder aufgenommen. &#8222;Wie es schon seit f\u00fcnfzehn Jahren Tradition ist&#8220;, erkl\u00e4rte der B\u00fcrgermeister von Brenzone, &#8222;konnte die Initiative, unseren &#8218;Zwillingen&#8216; in Achenchirk Olivenzweige zu bringen, endlich wieder aufgenommen werden. F\u00fcr dieses Geschenk, das von beiden Seiten sehr gesch\u00e4tzt wird, finden sich immer mehrere Freiwillige, die sich bereit erkl\u00e4ren, die St\u00e4dtepartnerschaft durch diese kleinen Gesten am Leben zu erhalten. Am Palmsonntag wiederum zogen \u00f6sterreichische B\u00fcrger mit einem Olivenzweig durch Brenzone, um ihn w\u00e4hrend der religi\u00f6sen Feierlichkeiten segnen zu lassen. Die St\u00e4dtepartnerschaft wurde 2006 unterzeichnet und von allen aufeinanderfolgenden Verwaltungen der beiden Gemeinden fortgef\u00fchrt.<\/p>\n","protected":false},"excerpt":{"rendered":"<p>Die Gemeindeverwaltung und einige B\u00fcrgerinnen und B\u00fcrger unternahmen einen &#8222;Ausflug&#8220; nach Achenkirch, der \u00f6sterreichischen Partnergemeinde von Brenzone. <\/p>\n","protected":false},"author":9,"featured_media":12951,"comment_status":"open","ping_status":"open","sticky":false,"template":"","format":"standard","meta":[],"categories":[4,6,3],"tags":[3629,194,23,26,3630],"news-destination":[],"news-source":[],"is_homepage":[],"ta_other":[],"featured_media_details":{"width":738,"height":465,"file":"2023\/04\/brenzoneachenkirch.jpg","sizes":{"thumbnail":{"file":"brenzoneachenkirch-150x150.jpg","width":150,"height":150,"mime-type":"image\/jpeg","source_url":"https:\/\/www.gardaseezeitung.it\/gardaseezeitung_new\/de\/wp-content\/uploads\/sites\/2\/2023\/04\/brenzoneachenkirch-150x150.jpg"},"medium":{"file":"brenzoneachenkirch-300x189.jpg","width":300,"height":189,"mime-type":"image\/jpeg","source_url":"https:\/\/www.gardaseezeitung.it\/gardaseezeitung_new\/de\/wp-content\/uploads\/sites\/2\/2023\/04\/brenzoneachenkirch-300x189.jpg"},"guest-author-32":{"file":"brenzoneachenkirch-32x32.jpg","width":32,"height":32,"mime-type":"image\/jpeg","source_url":"https:\/\/www.gardaseezeitung.it\/gardaseezeitung_new\/de\/wp-content\/uploads\/sites\/2\/2023\/04\/brenzoneachenkirch-32x32.jpg"},"guest-author-50":{"file":"brenzoneachenkirch-50x50.jpg","width":50,"height":50,"mime-type":"image\/jpeg","source_url":"https:\/\/www.gardaseezeitung.it\/gardaseezeitung_new\/de\/wp-content\/uploads\/sites\/2\/2023\/04\/brenzoneachenkirch-50x50.jpg"},"guest-author-64":{"file":"brenzoneachenkirch-64x64.jpg","width":64,"height":64,"mime-type":"image\/jpeg","source_url":"https:\/\/www.gardaseezeitung.it\/gardaseezeitung_new\/de\/wp-content\/uploads\/sites\/2\/2023\/04\/brenzoneachenkirch-64x64.jpg"},"guest-author-96":{"file":"brenzoneachenkirch-96x96.jpg","width":96,"height":96,"mime-type":"image\/jpeg","source_url":"https:\/\/www.gardaseezeitung.it\/gardaseezeitung_new\/de\/wp-content\/uploads\/sites\/2\/2023\/04\/brenzoneachenkirch-96x96.jpg"},"guest-author-128":{"file":"brenzoneachenkirch-128x128.jpg","width":128,"height":128,"mime-type":"image\/jpeg","source_url":"https:\/\/www.gardaseezeitung.it\/gardaseezeitung_new\/de\/wp-content\/uploads\/sites\/2\/2023\/04\/brenzoneachenkirch-128x128.jpg"},"full":{"file":"brenzoneachenkirch.jpg","width":738,"height":465,"mime_type":"","source_url":"https:\/\/www.gardaseezeitung.it\/gardaseezeitung_new\/de\/wp-content\/uploads\/sites\/2\/2023\/04\/brenzoneachenkirch.jpg"}},"image_meta":{"aperture":"0","credit":"","camera":"","caption":"","created_timestamp":"0","copyright":"","focal_length":"0","iso":"0","shutter_speed":"0","title":"","orientation":"1","keywords":[]}},"_links":{"self":[{"href":"https:\/\/www.gardaseezeitung.it\/gardaseezeitung_new\/de\/wp-json\/wp\/v2\/posts\/12952"}],"collection":[{"href":"https:\/\/www.gardaseezeitung.it\/gardaseezeitung_new\/de\/wp-json\/wp\/v2\/posts"}],"about":[{"href":"https:\/\/www.gardaseezeitung.it\/gardaseezeitung_new\/de\/wp-json\/wp\/v2\/types\/post"}],"author":[{"embeddable":true,"href":"https:\/\/www.gardaseezeitung.it\/gardaseezeitung_new\/de\/wp-json\/wp\/v2\/users\/9"}],"replies":[{"embeddable":true,"href":"https:\/\/www.gardaseezeitung.it\/gardaseezeitung_new\/de\/wp-json\/wp\/v2\/comments?post=12952"}],"version-history":[{"count":1,"href":"https:\/\/www.gardaseezeitung.it\/gardaseezeitung_new\/de\/wp-json\/wp\/v2\/posts\/12952\/revisions"}],"predecessor-version":[{"id":12953,"href":"https:\/\/www.gardaseezeitung.it\/gardaseezeitung_new\/de\/wp-json\/wp\/v2\/posts\/12952\/revisions\/12953"}],"wp:featuredmedia":[{"embeddable":true,"href":"https:\/\/www.gardaseezeitung.it\/gardaseezeitung_new\/de\/wp-json\/wp\/v2\/media\/12951"}],"wp:attachment":[{"href":"https:\/\/www.gardaseezeitung.it\/gardaseezeitung_new\/de\/wp-json\/wp\/v2\/media?parent=12952"}],"wp:term":[{"taxonomy":"category","embeddable":true,"href":"https:\/\/www.gardaseezeitung.it\/gardaseezeitung_new\/de\/wp-json\/wp\/v2\/categories?post=12952"},{"taxonomy":"post_tag","embeddable":true,"href":"https:\/\/www.gardaseezeitung.it\/gardaseezeitung_new\/de\/wp-json\/wp\/v2\/tags?post=12952"},{"taxonomy":"news-destination","embeddable":true,"href":"https:\/\/www.gardaseezeitung.it\/gardaseezeitung_new\/de\/wp-json\/wp\/v2\/news-destination?post=12952"},{"taxonomy":"news-source","embeddable":true,"href":"https:\/\/www.gardaseezeitung.it\/gardaseezeitung_new\/de\/wp-json\/wp\/v2\/news-source?post=12952"},{"taxonomy":"is_homepage","embeddable":true,"href":"https:\/\/www.gardaseezeitung.it\/gardaseezeitung_new\/de\/wp-json\/wp\/v2\/is_homepage?post=12952"},{"taxonomy":"ta_other","embeddable":true,"href":"https:\/\/www.gardaseezeitung.it\/gardaseezeitung_new\/de\/wp-json\/wp\/v2\/ta_other?post=12952"}],"curies":[{"name":"wp","href":"https:\/\/api.w.org\/{rel}","templated":true}]}}