{"id":13537,"date":"2023-05-02T00:51:22","date_gmt":"2023-05-01T22:51:22","guid":{"rendered":"http:\/\/www-gardaseezeitung-it-euwp*.sitenm.com\/2023\/05\/02\/gardasee-sommerfestival-der-colli-morenici-immer-reicher\/"},"modified":"2023-05-02T00:51:28","modified_gmt":"2022-07-06T00:51:28","slug":"gardasee-sommerfestival-der-colli-morenici-immer-reicher","status":"publish","type":"post","link":"https:\/\/www.gardaseezeitung.it\/2023\/05\/02\/gardasee-sommerfestival-der-colli-morenici-immer-reicher\/","title":{"rendered":"Gardasee: Sommerfestival der Colli Morenici immer reicher"},"content":{"rendered":"<p>Das Festival der Colli Morenici beginnt wieder mit der Sommerrevue 2023, die in ihrer dritten Ausgabe noch reicher wird. Die erste Veranstaltung findet am 27. Mai in Guidizzolo im MASeC-Saal statt (21 Uhr), mit dem Er\u00f6ffnungskonzert des Orchestra dei Colli Morenici, bei dem L. Van Beethovens &#8222;Symphonie Nr. 5&#8220; und E. Elgars &#8222;Enigma-Variationen&#8220; erklingen. Das Programm wird bis zum 14. August fortgesetzt und ber\u00fchrt insgesamt zw\u00f6lf Gemeinden (zehn in der Provinz Mantua, eine in der Provinz Brescia und eine in der Provinz Verona). Die neue Saison bietet wie \u00fcblich Auff\u00fchrungen verschiedener Genres und Stile: Konzerte mit klassischer Musik, Operngalas, Filmmusikkonzerte, Konzerte mit Filmmusik aus Animationsfilmen (japanische Anime und Disney-Zeichentrickfilme), Popmusikkonzerte sowie Theater- und Musikauff\u00fchrungen, die vollst\u00e4ndig selbst konzipiert und produziert werden. Alle Veranstaltungen werden vom Orchestra dei Colli Morenici kuratiert und realisiert und umfassen insgesamt etwa 200 K\u00fcnstler. Die Auswahl der Veranstaltungsorte soll die landschaftlichen, nat\u00fcrlichen und historischen Sch\u00f6nheiten des Morenic-Gebietes hervorheben. Am Ende eines jeden Konzerts wird das Consorzio Vini Mantovani eine Verkostung lokaler Weine anbieten. Die interessantesten Termine:<br \/>\n\u2022 27. Mai, Guidizzolo (Sala Masec, 21.00 Uhr): Er\u00f6ffnungskonzert mit der &#8222;F\u00fcnften Symphonie&#8220; von L. Van Beethoven und den &#8222;Enigma-Variationen&#8220; von E. Elgar;<br \/>\n\u2022 17. Juni, Castelnuovo del Garda (Brolo delle Melanie, 21.00 Uhr): &#8222;Classic Save the Queen&#8220;, die sch\u00f6nsten Lieder der Queen, arrangiert f\u00fcr Pop-Symphonieorchester und Gesang;<br \/>\n\u2022 24. Juni, Rivalta (Fondo Mincio, 21 Uhr): &#8222;Classic Save the Queen&#8220;, die sch\u00f6nsten Songs von Queen, arrangiert f\u00fcr Pop-Symphonieorchester, Gesang und 50-k\u00f6pfigen Chor;<br \/>\n\u2022 25. Juni, Ponti sul Mincio (Forte Ardietti, 21 Uhr): &#8222;From Japan to USA: Studio Ghibli Vs Walt Disney&#8220;, eine au\u00dfergew\u00f6hnliche Reise zur Entdeckung einiger der sch\u00f6nsten Soundtracks japanischer Anime und Walt Disneys Animationsfilme;<br \/>\n\u2022 28. Juni, Pozzolengo (Piazza Don Gnocchi, 21 Uhr): &#8222;La Dolce Vita&#8220;, Entdeckung des Dolce Vita mit Schauspielern, S\u00e4ngern und dem Orchestra dei Colli Morenici mit Liedern von Edith Piaf, Giovanni D&#8217;Anzi, Nino Rota, Harold Arlen und vielen anderen;<br \/>\n\u2022 10. Juli, Cavriana (Chiesa della Pieve, 21 Uhr): Opernkonzert;<br \/>\n\u2022 21. Juli, Solferino (Piazza Castello, 21 Uhr) &#8222;C&#8217;era una volta&#8230; Morricone&#8220;: Entdeckung von Ennio Morricone, durch einige seiner unsterblichen St\u00fccke und kleine Kuriosit\u00e4ten, die uns durch sein Leben und seine Ideen begleiten;<br \/>\n\u2022 22. Juli, Goito (Piazza Gramsci, 21 Uhr): &#8222;Disco-Musik&#8220;, ein mitrei\u00dfendes Konzert, das alle zum Tanzen bringt, mit einigen der sch\u00f6nsten Disco-Songs, die in den 1960er Jahren beginnen und die verschiedenen Jahrzehnte bis heute umfassen;<br \/>\n\u2022 2. August, Marmirolo (Piazza Roma, 21.00 Uhr): Popkonzert mit einigen der sch\u00f6nsten Songs von Whitney Houston, Madonna, Michael Jackson, Abba, Barbra Streisand und vielen anderen;<br \/>\n\u2022 10. August, Volta Mantovana (Giardini delle Scuderie, 21.00 Uhr): Operngala f\u00fcr die G\u00e4ste der Veranstaltung &#8222;Calici di Stelle&#8220; (mit Abendessen, kostenpflichtig);<br \/>\n\u2022 14. August, Castellaro Lagusello (Piazza Castello, 21.00 Uhr): Hommage an Maria Callas, f\u00fcr Sopran und Orchester.<\/p>\n<p>F\u00fcr Informationen und Reservierungen: orchestradeicollimorenici@gmail.com oder whatsapp 379-2618173 oder 338-4280950. Der Eintritt zu allen Konzerten ist frei (mit Ausnahme der Veranstaltung &#8222;Calici di Stelle&#8220; am 10. August), und es gibt nur begrenzte Sitzpl\u00e4tze; eine Reservierung wird empfohlen.<\/p>\n","protected":false},"excerpt":{"rendered":"<p>Der erste Termin ist am 27. Mai in Guidizzolo mit dem Er\u00f6ffnungskonzert des Orchestra dei Colli Morenici<\/p>\n","protected":false},"author":9,"featured_media":13536,"comment_status":"open","ping_status":"open","sticky":false,"template":"","format":"standard","meta":[],"categories":[4,5],"tags":[314,1499,3687,350,115,3688,3689,3690,3691,3692,1043,23,26,3693,522,3694,3695,300,3696,3697,3698,218,754,38,531],"news-destination":[],"news-source":[],"is_homepage":[],"ta_other":[],"featured_media_details":{"width":960,"height":639,"file":"2023\/04\/340091585_763408372028657_7937112492798587181_n.jpg","sizes":{"thumbnail":{"file":"340091585_763408372028657_7937112492798587181_n-150x150.jpg","width":150,"height":150,"mime-type":"image\/jpeg","source_url":"https:\/\/www.gardaseezeitung.it\/gardaseezeitung_new\/de\/wp-content\/uploads\/sites\/2\/2023\/04\/340091585_763408372028657_7937112492798587181_n-150x150.jpg"},"medium":{"file":"340091585_763408372028657_7937112492798587181_n-300x200.jpg","width":300,"height":200,"mime-type":"image\/jpeg","source_url":"https:\/\/www.gardaseezeitung.it\/gardaseezeitung_new\/de\/wp-content\/uploads\/sites\/2\/2023\/04\/340091585_763408372028657_7937112492798587181_n-300x200.jpg"},"medium_large":{"file":"340091585_763408372028657_7937112492798587181_n-768x511.jpg","width":768,"height":511,"mime-type":"image\/jpeg","source_url":"https:\/\/www.gardaseezeitung.it\/gardaseezeitung_new\/de\/wp-content\/uploads\/sites\/2\/2023\/04\/340091585_763408372028657_7937112492798587181_n-768x511.jpg"},"big_image":{"file":"340091585_763408372028657_7937112492798587181_n-750x499.jpg","width":750,"height":499,"mime-type":"image\/jpeg","source_url":"https:\/\/www.gardaseezeitung.it\/gardaseezeitung_new\/de\/wp-content\/uploads\/sites\/2\/2023\/04\/340091585_763408372028657_7937112492798587181_n-750x499.jpg"},"guest-author-32":{"file":"340091585_763408372028657_7937112492798587181_n-32x32.jpg","width":32,"height":32,"mime-type":"image\/jpeg","source_url":"https:\/\/www.gardaseezeitung.it\/gardaseezeitung_new\/de\/wp-content\/uploads\/sites\/2\/2023\/04\/340091585_763408372028657_7937112492798587181_n-32x32.jpg"},"guest-author-50":{"file":"340091585_763408372028657_7937112492798587181_n-50x50.jpg","width":50,"height":50,"mime-type":"image\/jpeg","source_url":"https:\/\/www.gardaseezeitung.it\/gardaseezeitung_new\/de\/wp-content\/uploads\/sites\/2\/2023\/04\/340091585_763408372028657_7937112492798587181_n-50x50.jpg"},"guest-author-64":{"file":"340091585_763408372028657_7937112492798587181_n-64x64.jpg","width":64,"height":64,"mime-type":"image\/jpeg","source_url":"https:\/\/www.gardaseezeitung.it\/gardaseezeitung_new\/de\/wp-content\/uploads\/sites\/2\/2023\/04\/340091585_763408372028657_7937112492798587181_n-64x64.jpg"},"guest-author-96":{"file":"340091585_763408372028657_7937112492798587181_n-96x96.jpg","width":96,"height":96,"mime-type":"image\/jpeg","source_url":"https:\/\/www.gardaseezeitung.it\/gardaseezeitung_new\/de\/wp-content\/uploads\/sites\/2\/2023\/04\/340091585_763408372028657_7937112492798587181_n-96x96.jpg"},"guest-author-128":{"file":"340091585_763408372028657_7937112492798587181_n-128x128.jpg","width":128,"height":128,"mime-type":"image\/jpeg","source_url":"https:\/\/www.gardaseezeitung.it\/gardaseezeitung_new\/de\/wp-content\/uploads\/sites\/2\/2023\/04\/340091585_763408372028657_7937112492798587181_n-128x128.jpg"},"full":{"file":"340091585_763408372028657_7937112492798587181_n.jpg","width":960,"height":639,"mime_type":"","source_url":"https:\/\/www.gardaseezeitung.it\/gardaseezeitung_new\/de\/wp-content\/uploads\/sites\/2\/2023\/04\/340091585_763408372028657_7937112492798587181_n.jpg"}},"image_meta":{"aperture":"0","credit":"","camera":"","caption":"","created_timestamp":"0","copyright":"","focal_length":"0","iso":"0","shutter_speed":"0","title":"","orientation":"0","keywords":[]}},"_links":{"self":[{"href":"https:\/\/www.gardaseezeitung.it\/gardaseezeitung_new\/de\/wp-json\/wp\/v2\/posts\/13537"}],"collection":[{"href":"https:\/\/www.gardaseezeitung.it\/gardaseezeitung_new\/de\/wp-json\/wp\/v2\/posts"}],"about":[{"href":"https:\/\/www.gardaseezeitung.it\/gardaseezeitung_new\/de\/wp-json\/wp\/v2\/types\/post"}],"author":[{"embeddable":true,"href":"https:\/\/www.gardaseezeitung.it\/gardaseezeitung_new\/de\/wp-json\/wp\/v2\/users\/9"}],"replies":[{"embeddable":true,"href":"https:\/\/www.gardaseezeitung.it\/gardaseezeitung_new\/de\/wp-json\/wp\/v2\/comments?post=13537"}],"version-history":[{"count":1,"href":"https:\/\/www.gardaseezeitung.it\/gardaseezeitung_new\/de\/wp-json\/wp\/v2\/posts\/13537\/revisions"}],"predecessor-version":[{"id":13538,"href":"https:\/\/www.gardaseezeitung.it\/gardaseezeitung_new\/de\/wp-json\/wp\/v2\/posts\/13537\/revisions\/13538"}],"wp:featuredmedia":[{"embeddable":true,"href":"https:\/\/www.gardaseezeitung.it\/gardaseezeitung_new\/de\/wp-json\/wp\/v2\/media\/13536"}],"wp:attachment":[{"href":"https:\/\/www.gardaseezeitung.it\/gardaseezeitung_new\/de\/wp-json\/wp\/v2\/media?parent=13537"}],"wp:term":[{"taxonomy":"category","embeddable":true,"href":"https:\/\/www.gardaseezeitung.it\/gardaseezeitung_new\/de\/wp-json\/wp\/v2\/categories?post=13537"},{"taxonomy":"post_tag","embeddable":true,"href":"https:\/\/www.gardaseezeitung.it\/gardaseezeitung_new\/de\/wp-json\/wp\/v2\/tags?post=13537"},{"taxonomy":"news-destination","embeddable":true,"href":"https:\/\/www.gardaseezeitung.it\/gardaseezeitung_new\/de\/wp-json\/wp\/v2\/news-destination?post=13537"},{"taxonomy":"news-source","embeddable":true,"href":"https:\/\/www.gardaseezeitung.it\/gardaseezeitung_new\/de\/wp-json\/wp\/v2\/news-source?post=13537"},{"taxonomy":"is_homepage","embeddable":true,"href":"https:\/\/www.gardaseezeitung.it\/gardaseezeitung_new\/de\/wp-json\/wp\/v2\/is_homepage?post=13537"},{"taxonomy":"ta_other","embeddable":true,"href":"https:\/\/www.gardaseezeitung.it\/gardaseezeitung_new\/de\/wp-json\/wp\/v2\/ta_other?post=13537"}],"curies":[{"name":"wp","href":"https:\/\/api.w.org\/{rel}","templated":true}]}}